{"id":367480,"date":"2025-09-05T06:08:11","date_gmt":"2025-09-05T06:08:11","guid":{"rendered":"https:\/\/www.europesays.com\/fr\/367480\/"},"modified":"2025-09-05T06:08:11","modified_gmt":"2025-09-05T06:08:11","slug":"a-cause-dune-pollution-cette-ecole-a-demenage-dans-700-m%c2%b2-de-prefabriques","status":"publish","type":"post","link":"https:\/\/www.europesays.com\/fr\/367480\/","title":{"rendered":"\u00e0 cause d&rsquo;une pollution, cette \u00e9cole a d\u00e9m\u00e9nag\u00e9 dans 700\u00a0m\u00b2 de pr\u00e9fabriqu\u00e9s"},"content":{"rendered":"<p>Apr\u00e8s des mois et des mois d\u2019inqui\u00e9tude, l\u2019\u00e9cole Marie-Collard a retrouv\u00e9 un peu de s\u00e9r\u00e9nit\u00e9. Pour cette rentr\u00e9e, l\u2019\u00e9tablissement priv\u00e9 a dit au revoir \u00e0 ses locaux historiques du boulevard Ravel-de-Malval pour d\u00e9m\u00e9nager quelques m\u00e8tres plus loin. Le long de l\u2019avenue Louis-Thiollier, une cinquantaine de pr\u00e9fabriqu\u00e9s ont \u00e9t\u00e9 install\u00e9s pendant l\u2019\u00e9t\u00e9 pour accueillir les 186 \u00e9l\u00e8ves de maternelle et primaire. Ici, la pollution qui leur pourrissait la vie est un lointain souvenir.<\/p>\n<p>En octobre\u00a02023, la pr\u00e9fecture de la Loire et l\u2019ARS (Agence r\u00e9gionale de sant\u00e9) annon\u00e7aient que <a href=\"https:\/\/www.leprogres.fr\/environnement\/2023\/09\/12\/pollution-a-l-ecole-marie-collard-aucun-eleve-n-est-en-danger\" target=\"_blank\" rel=\"noopener\">des&#8230;<\/a><\/p>\n","protected":false},"excerpt":{"rendered":"Apr\u00e8s des mois et des mois d\u2019inqui\u00e9tude, l\u2019\u00e9cole Marie-Collard a retrouv\u00e9 un peu de s\u00e9r\u00e9nit\u00e9. Pour cette rentr\u00e9e,&hellip;\n","protected":false},"author":2,"featured_media":367481,"comment_status":"","ping_status":"","sticky":false,"template":"","format":"standard","meta":{"footnotes":""},"categories":[9653],"tags":[1111,11,2430,7539,1057,1777,674,107,1011,27,3367,10425,12,1800,25,4001,7538,10806],"class_list":{"0":"post-367480","1":"post","2":"type-post","3":"status-publish","4":"format-standard","5":"has-post-thumbnail","7":"category-saint-etienne","8":"tag-actu","9":"tag-actualites","10":"tag-auvergne-rhone-alpes","11":"tag-edition-loire-sud","12":"tag-education","13":"tag-eu","14":"tag-europe","15":"tag-fil-info","16":"tag-fr","17":"tag-france","18":"tag-loire","19":"tag-maternelle-elementaire","20":"tag-news","21":"tag-pollution","22":"tag-republique-francaise","23":"tag-saint-etienne","24":"tag-saint-etienne-ville","25":"tag-selection-de-la-redaction-42"},"share_on_mastodon":{"url":"https:\/\/pubeurope.com\/@fr\/115150199481572437","error":""},"_links":{"self":[{"href":"https:\/\/www.europesays.com\/fr\/wp-json\/wp\/v2\/posts\/367480","targetHints":{"allow":["GET"]}}],"collection":[{"href":"https:\/\/www.europesays.com\/fr\/wp-json\/wp\/v2\/posts"}],"about":[{"href":"https:\/\/www.europesays.com\/fr\/wp-json\/wp\/v2\/types\/post"}],"author":[{"embeddable":true,"href":"https:\/\/www.europesays.com\/fr\/wp-json\/wp\/v2\/users\/2"}],"replies":[{"embeddable":true,"href":"https:\/\/www.europesays.com\/fr\/wp-json\/wp\/v2\/comments?post=367480"}],"version-history":[{"count":0,"href":"https:\/\/www.europesays.com\/fr\/wp-json\/wp\/v2\/posts\/367480\/revisions"}],"wp:featuredmedia":[{"embeddable":true,"href":"https:\/\/www.europesays.com\/fr\/wp-json\/wp\/v2\/media\/367481"}],"wp:attachment":[{"href":"https:\/\/www.europesays.com\/fr\/wp-json\/wp\/v2\/media?parent=367480"}],"wp:term":[{"taxonomy":"category","embeddable":true,"href":"https:\/\/www.europesays.com\/fr\/wp-json\/wp\/v2\/categories?post=367480"},{"taxonomy":"post_tag","embeddable":true,"href":"https:\/\/www.europesays.com\/fr\/wp-json\/wp\/v2\/tags?post=367480"}],"curies":[{"name":"wp","href":"https:\/\/api.w.org\/{rel}","templated":true}]}}