{"id":367499,"date":"2025-09-05T06:20:25","date_gmt":"2025-09-05T06:20:25","guid":{"rendered":"https:\/\/www.europesays.com\/fr\/367499\/"},"modified":"2025-09-05T06:20:25","modified_gmt":"2025-09-05T06:20:25","slug":"la-course-des-garcons-de-cafe-le-17-septembre-a-grenoble-et-le-24-septembre-2025-a-vienne","status":"publish","type":"post","link":"https:\/\/www.europesays.com\/fr\/367499\/","title":{"rendered":"La Course des Gar\u00e7ons de Caf\u00e9 le 17 septembre \u00e0 Grenoble et le 24 septembre 2025 \u00e0 Vienne"},"content":{"rendered":"<p>Un incontournable de la rentr\u00e9e, une course mais pas n&rsquo;importe laquelle\u00a0! Il s&rsquo;agit de la course des gar\u00e7ons de caf\u00e9 le 17 septembre \u00e0 Grenoble et le 24 septembre \u00e0 Vienne organis\u00e9e par l&rsquo;UMIH 38.<\/p>\n<p>Organis\u00e9e \u00e0 l\u2019initiative de l &lsquo;UMIH 38 (union des m\u00e9tiers et des industries de l\u2019h\u00f4tellerie du d\u00e9partement de l\u2019Is\u00e8re) , <a target=\"_blank\" rel=\"nofollow noopener noreferrer\" class=\"IciLink ici-link IciArticleLink g-ici-body-regular-1 underline brand svelte-lu7k6w\" href=\"https:\/\/idee-alpe.fr\/epreuves\/course-des-garcons-de-cafe\/\"><strong>la Course des Gar\u00e7ons de Caf\u00e9<\/strong><\/a>\u00a0a fait son grand retour \u00e0 Grenoble en 2016 .\u00a0En parall\u00e8le de la Course, des d\u00e9monstrations culinaires, des d\u00e9gustations et un forum de l\u2019emploi d\u00e9di\u00e9 aux m\u00e9tiers de l\u2019H\u00f4tellerie et de la Restauration seront organis\u00e9s.<\/p>\n<p>Cette course unique en son genre propose un parcours de 450 m\u00e8tres, accessible aussi bien aux professionnels qu\u2019aux \u00e9l\u00e8ves. Avec 200 \u00e9l\u00e8ves et 60 professionnels attendus, cette comp\u00e9tition promet d\u2019\u00eatre un moment fort pour les passionn\u00e9s de jogging et de marathon. Historiquement, la Course des Gar\u00e7ons de Caf\u00e9 c\u00e9l\u00e8bre l\u2019agilit\u00e9 et la rapidit\u00e9 des serveurs, qui doivent parcourir une distance avec un plateau en main, sans renverser son contenu.<\/p>\n<p><strong>Pour l\u2019\u00e9dition 2025, deux communes accueilleront la Course des Gar\u00e7ons de Caf\u00e9\u00a0:<\/strong><\/p>\n<ul>\n<li><strong>Grenoble place Saint-Andr\u00e9 le mercredi 17 septembre 2025<\/strong><\/li>\n<li><strong>Vienne\u00a0 place de l&rsquo;h\u00f4tel de ville le mercredi 24 septembre 2025<\/strong><\/li>\n<\/ul>\n<p>  (function(w, d) {     if (w.FB &#038;&#038; w.FB.XFBML &#038;&#038; w.FB.XFBML.parse) {         if (&lsquo;undefined&rsquo; == typeof w.__fbTimeout) {             w.__fbTimeout = setTimeout(function() {                 w.FB.XFBML.parse();                 w.__fbTimeout = undefined;             }, 1000);         }     } else if (&lsquo;undefined&rsquo; == typeof w.__fbTimeout) {         if (d.querySelectorAll(&lsquo;#fb-root&rsquo;).length === 0) {             var fbRoot = d.createElement(&lsquo;div&rsquo;);             fbRoot.id = &lsquo;fb-root&rsquo;;             d.querySelector(&lsquo;body&rsquo;).append(fbRoot);         }         if (d.querySelectorAll(&lsquo;#facebook-jssdk&rsquo;).length === 0) {             var fbScript = d.createElement(&lsquo;script&rsquo;);             fbScript.id = &lsquo;facebook-jssdk&rsquo;;             fbScript.src=\u00a0\u00bb\/\/connect.facebook.net\/fr_FR\/sdk.js#xfbml=1&#038;version=v2.8&#038;appId=593991304071705&Prime;;             fbScript.async = 1;             d.querySelector(&lsquo;head&rsquo;).append(fbScript);         }     } })(window, window.document); \\u003C\/script>\\\u00a0\u00bb,\\\u00a0\u00bbprovider\\\u00a0\u00bb:\\\u00a0\u00bbfacebook\\\u00a0\u00bb,\\\u00a0\u00bbdidomiPurposes\\\u00a0\u00bb:\\\u00a0\u00bbPour afficher ce contenu Facebook, vous devez accepter les cookies \\u003Cb>R\u00e9seaux Sociaux\\u003C\/b>.\\u003Cbr>\\u003Cbr>Ces cookies permettent de partager ou r\u00e9agir directement sur les r\u00e9seaux sociaux auxquels vous \u00eates connect\u00e9s ou d&rsquo;int\u00e9grer du contenu initialement post\u00e9 sur ces r\u00e9seaux sociaux. Ils permettent aussi aux r\u00e9seaux sociaux d&rsquo;utiliser vos visites sur nos sites et applications \u00e0 des fins de personnalisation et de ciblage publicitaire.\\\u00a0\u00bb,\\\u00a0\u00bbdidomiVendorId\\\u00a0\u00bb:\\\u00a0\u00bbc:facebookc-rgacRMQm\\\u00a0\u00bb}}],\\\u00a0\u00bbtags\\\u00a0\u00bb:[{\\\u00a0\u00bbid\\\u00a0\u00bb:\\\u00a0\u00bbfb3e2fb7-d459-4912-95f3-10106fbc0d61\\\u00a0\u00bb,\\\u00a0\u00bbtitle\\\u00a0\u00bb:\\\u00a0\u00bbId\u00e9es de sorties\\\u00a0\u00bb,\\\u00a0\u00bbpath\\\u00a0\u00bb:\\\u00a0\u00bbculture\/idees-de-sorties\\\u00a0\u00bb},{\\\u00a0\u00bbid\\\u00a0\u00bb:\\\u00a0\u00bb5d98b770-127d-4475-bb4e-43b3761a2df7\\\u00a0\u00bb,\\\u00a0\u00bbtitle\\\u00a0\u00bb:\\\u00a0\u00bb\u00c9v\u00e9nements partenaires\\\u00a0\u00bb,\\\u00a0\u00bbpath\\\u00a0\u00bb:\\\u00a0\u00bbtheme\/evenements-partenaires\\\u00a0\u00bb},{\\\u00a0\u00bbid\\\u00a0\u00bb:\\\u00a0\u00bb7460a97e-b41b-4e9b-8657-72f92b0540f0\\\u00a0\u00bb,\\\u00a0\u00bbtitle\\\u00a0\u00bb:\\\u00a0\u00bbRunning \u2013 Course \u00e0 pied\\\u00a0\u00bb,\\\u00a0\u00bbpath\\\u00a0\u00bb:\\\u00a0\u00bbtheme\/course-a-pied\\\u00a0\u00bb}],\\\u00a0\u00bbthemes\\\u00a0\u00bb:[{\\\u00a0\u00bbid\\\u00a0\u00bb:\\\u00a0\u00bb7901fabd-7624-41ef-83ce-eea634235122\\\u00a0\u00bb,\\\u00a0\u00bbtitle\\\u00a0\u00bb:\\\u00a0\u00bbCulture\\\u00a0\u00bb,\\\u00a0\u00bbpath\\\u00a0\u00bb:\\\u00a0\u00bbculture\\\u00a0\u00bb},{\\\u00a0\u00bbid\\\u00a0\u00bb:\\\u00a0\u00bba0f7b9d4-52e4-4817-9cc5-b34f1c6a98c6\\\u00a0\u00bb,\\\u00a0\u00bbtitle\\\u00a0\u00bb:\\\u00a0\u00bbId\u00e9es de sorties\\\u00a0\u00bb,\\\u00a0\u00bbpath\\\u00a0\u00bb:\\\u00a0\u00bbculture\/sortir\\\u00a0\u00bb}],\\\u00a0\u00bblocales\\\u00a0\u00bb:[{\\\u00a0\u00bbid\\\u00a0\u00bb:\\\u00a0\u00bb29\\\u00a0\u00bb,\\\u00a0\u00bbslug\\\u00a0\u00bb:\\\u00a0\u00bbisere\\\u00a0\u00bb,\\\u00a0\u00bbtitle\\\u00a0\u00bb:\\\u00a0\u00bbici Is\u00e8re\\\u00a0\u00bb,\\\u00a0\u00bbref\\\u00a0\u00bb:\\\u00a0\u00bbisere\\\u00a0\u00bb}],\\\u00a0\u00bbauthors\\\u00a0\u00bb:[{\\\u00a0\u00bbname\\\u00a0\u00bb:\\\u00a0\u00bbCharlotte Martinez\\\u00a0\u00bb,\\\u00a0\u00bbpath\\\u00a0\u00bb:\\\u00a0\u00bb\\\u00a0\u00bb,\\\u00a0\u00bbvisualsq1x\\\u00a0\u00bb:null,\\\u00a0\u00bbvisualsq2x\\\u00a0\u00bb:null,\\\u00a0\u00bbvisualsq3x\\\u00a0\u00bb:null}],\\\u00a0\u00bbconnections\\\u00a0\u00bb:null,\\\u00a0\u00bbhelpful\\\u00a0\u00bb:{\\\u00a0\u00bburl\\\u00a0\u00bb:null,\\\u00a0\u00bbphone\\\u00a0\u00bb:\\\u00a0\u00bb\\\u00a0\u00bb},\\\u00a0\u00bbeventDate\\\u00a0\u00bb:\\\u00a0\u00bbDu \\u003Ctime datetime=\\\\\\\u00a0\u00bb2025-04-07T22:00:00.000Z\\\\\\\u00a0\u00bb>8 avril 2025\\u003C\/time> au \\u003Ctime datetime=\\\\\\\u00a0\u00bb2025-09-23T22:00:00.000Z\\\\\\\u00a0\u00bb>24 septembre 2025\\u003C\/time>\\\u00a0\u00bb,\\\u00a0\u00bbbody\\\u00a0\u00bb:[{\\\u00a0\u00bbtype\\\u00a0\u00bb:\\\u00a0\u00bbtext\\\u00a0\u00bb,\\\u00a0\u00bbchildren\\\u00a0\u00bb:[{\\\u00a0\u00bbtype\\\u00a0\u00bb:\\\u00a0\u00bbtext\\\u00a0\u00bb,\\\u00a0\u00bbvalue\\\u00a0\u00bb:\\\u00a0\u00bbOrganis\u00e9e \u00e0 l\u2019initiative de l &lsquo;UMIH 38 (union des m\u00e9tiers et des industries de l\u2019h\u00f4tellerie du d\u00e9partement de l\u2019Is\u00e8re) , \\\u00a0\u00bb},{\\\u00a0\u00bbtype\\\u00a0\u00bb:\\\u00a0\u00bblink\\\u00a0\u00bb,\\\u00a0\u00bbdata\\\u00a0\u00bb:{\\\u00a0\u00bbhref\\\u00a0\u00bb:\\\u00a0\u00bbhttps:\/\/idee-alpe.fr\/epreuves\/course-des-garcons-de-cafe\/\\\u00a0\u00bb},\\\u00a0\u00bbvalue\\\u00a0\u00bb:\\\u00a0\u00bb\\u003Cstrong>la Course des Gar\u00e7ons de Caf\u00e9\\u003C\/strong>\\\u00a0\u00bb},{\\\u00a0\u00bbtype\\\u00a0\u00bb:\\\u00a0\u00bbtext\\\u00a0\u00bb,\\\u00a0\u00bbvalue\\\u00a0\u00bb:\\\u00a0\u00bb\u00a0a fait son grand retour \u00e0 Grenoble en 2016 .\u00a0En parall\u00e8le de la Course, des d\u00e9monstrations culinaires, des d\u00e9gustations et un forum de l\u2019emploi d\u00e9di\u00e9 aux m\u00e9tiers de l\u2019H\u00f4tellerie et de la Restauration seront organis\u00e9s.\\\u00a0\u00bb}]},{\\\u00a0\u00bbtype\\\u00a0\u00bb:\\\u00a0\u00bbembed\\\u00a0\u00bb,\\\u00a0\u00bbdata\\\u00a0\u00bb:{\\\u00a0\u00bbhtml\\\u00a0\u00bb:\\\u00a0\u00bb\\\u00a0\u00bb,\\\u00a0\u00bbprovider\\\u00a0\u00bb:\\\u00a0\u00bbinread\\\u00a0\u00bb,\\\u00a0\u00bbforceDisplay\\\u00a0\u00bb:true}},{\\\u00a0\u00bbtype\\\u00a0\u00bb:\\\u00a0\u00bbtext\\\u00a0\u00bb,\\\u00a0\u00bbchildren\\\u00a0\u00bb:[{\\\u00a0\u00bbtype\\\u00a0\u00bb:\\\u00a0\u00bbtext\\\u00a0\u00bb,\\\u00a0\u00bbvalue\\\u00a0\u00bb:\\\u00a0\u00bbCette course unique en son genre propose un parcours de 450 m\u00e8tres, accessible aussi bien aux professionnels qu\u2019aux \u00e9l\u00e8ves. Avec 200 \u00e9l\u00e8ves et 60 professionnels attendus, cette comp\u00e9tition promet d\u2019\u00eatre un moment fort pour les passionn\u00e9s de jogging et de marathon. Historiquement, la Course des Gar\u00e7ons de Caf\u00e9 c\u00e9l\u00e8bre l\u2019agilit\u00e9 et la rapidit\u00e9 des serveurs, qui doivent parcourir une distance avec un plateau en main, sans renverser son contenu.\\\u00a0\u00bb}]},{\\\u00a0\u00bbtype\\\u00a0\u00bb:\\\u00a0\u00bbtext\\\u00a0\u00bb,\\\u00a0\u00bbchildren\\\u00a0\u00bb:[{\\\u00a0\u00bbtype\\\u00a0\u00bb:\\\u00a0\u00bbtext\\\u00a0\u00bb,\\\u00a0\u00bbvalue\\\u00a0\u00bb:\\\u00a0\u00bb\\u003Cstrong>Pour l\u2019\u00e9dition 2025, deux communes accueilleront la Course des Gar\u00e7ons de Caf\u00e9\u00a0:\\u003C\/strong>\\\u00a0\u00bb}]},{\\\u00a0\u00bbtype\\\u00a0\u00bb:\\\u00a0\u00bblist\\\u00a0\u00bb,\\\u00a0\u00bbordered\\\u00a0\u00bb:false,\\\u00a0\u00bbchildren\\\u00a0\u00bb:[{\\\u00a0\u00bbtype\\\u00a0\u00bb:\\\u00a0\u00bblist_item\\\u00a0\u00bb,\\\u00a0\u00bbchildren\\\u00a0\u00bb:[{\\\u00a0\u00bbtype\\\u00a0\u00bb:\\\u00a0\u00bbtext\\\u00a0\u00bb,\\\u00a0\u00bbvalue\\\u00a0\u00bb:\\\u00a0\u00bb\\u003Cstrong>Grenoble place Saint-Andr\u00e9 le mercredi 17 septembre 2025\\u003C\/strong>\\\u00a0\u00bb}]},{\\\u00a0\u00bbtype\\\u00a0\u00bb:\\\u00a0\u00bblist_item\\\u00a0\u00bb,\\\u00a0\u00bbchildren\\\u00a0\u00bb:[{\\\u00a0\u00bbtype\\\u00a0\u00bb:\\\u00a0\u00bbtext\\\u00a0\u00bb,\\\u00a0\u00bbvalue\\\u00a0\u00bb:\\\u00a0\u00bb\\u003Cstrong>Vienne\u00a0 place de l&rsquo;h\u00f4tel de ville le mercredi 24 septembre 2025\\u003C\/strong>\\\u00a0\u00bb}]}]},{\\\u00a0\u00bbtype\\\u00a0\u00bb:\\\u00a0\u00bbembed\\\u00a0\u00bb,\\\u00a0\u00bbdata\\\u00a0\u00bb:{\\\u00a0\u00bbhtml\\\u00a0\u00bb:\\\u00a0\u00bb\\u003Cdiv class=\\\\\\\u00a0\u00bbfb-post\\\\\\\u00a0\u00bb data-href=\\\\\\\u00a0\u00bbhttps:\/\/www.facebook.com\/coursesgarconscafeisere\/videos\/1377746469990311?locale=fr_FR\\\\\\\u00a0\u00bb data-width=\\\\\\\u00a0\u00bb560\\\\\\\u00a0\u00bb data-show-text=\\\\\\\u00a0\u00bbtrue\\\\\\\u00a0\u00bb >\\u003C\/div> \\u003Cscript> (function(w, d) {     if (w.FB &#038;&#038; w.FB.XFBML &#038;&#038; w.FB.XFBML.parse) {         if (&lsquo;undefined&rsquo; == typeof w.__fbTimeout) {             w.__fbTimeout = setTimeout(function() {                 w.FB.XFBML.parse();                 w.__fbTimeout = undefined;             }, 1000);         }     } else if (&lsquo;undefined&rsquo; == typeof w.__fbTimeout) {         if (d.querySelectorAll(&lsquo;#fb-root&rsquo;).length === 0) {             var fbRoot = d.createElement(&lsquo;div&rsquo;);             fbRoot.id = &lsquo;fb-root&rsquo;;             d.querySelector(&lsquo;body&rsquo;).append(fbRoot);         }         if (d.querySelectorAll(&lsquo;#facebook-jssdk&rsquo;).length === 0) {             var fbScript = d.createElement(&lsquo;script&rsquo;);             fbScript.id = &lsquo;facebook-jssdk&rsquo;;             fbScript.src=\u00a0\u00bb\/\/connect.facebook.net\/fr_FR\/sdk.js#xfbml=1&#038;version=v2.8&#038;appId=593991304071705&Prime;;             fbScript.async = 1;             d.querySelector(&lsquo;head&rsquo;).append(fbScript);         }     } })(window, window.document); \\u003C\/script>\\\u00a0\u00bb,\\\u00a0\u00bbprovider\\\u00a0\u00bb:\\\u00a0\u00bbfacebook\\\u00a0\u00bb,\\\u00a0\u00bbdidomiPurposes\\\u00a0\u00bb:\\\u00a0\u00bbPour afficher ce contenu Facebook, vous devez accepter les cookies \\u003Cb>R\u00e9seaux Sociaux\\u003C\/b>.\\u003Cbr>\\u003Cbr>Ces cookies permettent de partager ou r\u00e9agir directement sur les r\u00e9seaux sociaux auxquels vous \u00eates connect\u00e9s ou d&rsquo;int\u00e9grer du contenu initialement post\u00e9 sur ces r\u00e9seaux sociaux. Ils permettent aussi aux r\u00e9seaux sociaux d&rsquo;utiliser vos visites sur nos sites et applications \u00e0 des fins de personnalisation et de ciblage publicitaire.\\\u00a0\u00bb,\\\u00a0\u00bbdidomiVendorId\\\u00a0\u00bb:\\\u00a0\u00bbc:facebookc-rgacRMQm\\\u00a0\u00bb}}],\\\u00a0\u00bbgeoInfos\\\u00a0\u00bb:[{\\\u00a0\u00bbregion\\\u00a0\u00bb:{\\\u00a0\u00bbslug\\\u00a0\u00bb:\\\u00a0\u00bbauvergne-rhone-alpes\\\u00a0\u00bb,\\\u00a0\u00bbtitle\\\u00a0\u00bb:\\\u00a0\u00bbAuvergne-Rh\u00f4ne-Alpes\\\u00a0\u00bb,\\\u00a0\u00bbcities\\\u00a0\u00bb:[{\\\u00a0\u00bbtitle\\\u00a0\u00bb:\\\u00a0\u00bbAnnecy\\\u00a0\u00bb,\\\u00a0\u00bbpath\\\u00a0\u00bb:\\\u00a0\u00bb\/auvergne-rhone-alpes\/haute-savoie-74\/annecy\\\u00a0\u00bb},{\\\u00a0\u00bbtitle\\\u00a0\u00bb:\\\u00a0\u00bbChamb\u00e9ry\\\u00a0\u00bb,\\\u00a0\u00bbpath\\\u00a0\u00bb:\\\u00a0\u00bb\/auvergne-rhone-alpes\/savoie-73\/chambery\\\u00a0\u00bb},{\\\u00a0\u00bbtitle\\\u00a0\u00bb:\\\u00a0\u00bbClermont-Ferrand\\\u00a0\u00bb,\\\u00a0\u00bbpath\\\u00a0\u00bb:\\\u00a0\u00bb\/auvergne-rhone-alpes\/puy-de-dome-63\/clermont-ferrand\\\u00a0\u00bb},{\\\u00a0\u00bbtitle\\\u00a0\u00bb:\\\u00a0\u00bbGrenoble\\\u00a0\u00bb,\\\u00a0\u00bbpath\\\u00a0\u00bb:\\\u00a0\u00bb\/auvergne-rhone-alpes\/isere-38\/grenoble\\\u00a0\u00bb},{\\\u00a0\u00bbtitle\\\u00a0\u00bb:\\\u00a0\u00bbLyon\\\u00a0\u00bb,\\\u00a0\u00bbpath\\\u00a0\u00bb:\\\u00a0\u00bb\/auvergne-rhone-alpes\/rhone-69\/lyon\\\u00a0\u00bb},{\\\u00a0\u00bbtitle\\\u00a0\u00bb:\\\u00a0\u00bbSaint-\u00c9tienne\\\u00a0\u00bb,\\\u00a0\u00bbpath\\\u00a0\u00bb:\\\u00a0\u00bb\/auvergne-rhone-alpes\/loire-42\/saint-etienne\\\u00a0\u00bb},{\\\u00a0\u00bbtitle\\\u00a0\u00bb:\\\u00a0\u00bbValence\\\u00a0\u00bb,\\\u00a0\u00bbpath\\\u00a0\u00bb:\\\u00a0\u00bb\/auvergne-rhone-alpes\/drome-26\/valence\\\u00a0\u00bb},{\\\u00a0\u00bbtitle\\\u00a0\u00bb:\\\u00a0\u00bbVaulx-en-Velin\\\u00a0\u00bb,\\\u00a0\u00bbpath\\\u00a0\u00bb:\\\u00a0\u00bb\/auvergne-rhone-alpes\/rhone-69\/vaulx-en-velin\\\u00a0\u00bb},{\\\u00a0\u00bbtitle\\\u00a0\u00bb:\\\u00a0\u00bbV\u00e9nissieux\\\u00a0\u00bb,\\\u00a0\u00bbpath\\\u00a0\u00bb:\\\u00a0\u00bb\/auvergne-rhone-alpes\/rhone-69\/venissieux\\\u00a0\u00bb},{\\\u00a0\u00bbtitle\\\u00a0\u00bb:\\\u00a0\u00bbVilleurbanne\\\u00a0\u00bb,\\\u00a0\u00bbpath\\\u00a0\u00bb:\\\u00a0\u00bb\/auvergne-rhone-alpes\/rhone-69\/villeurbanne\\\u00a0\u00bb}],\\\u00a0\u00bbdepartments\\\u00a0\u00bb:[{\\\u00a0\u00bbslug\\\u00a0\u00bb:\\\u00a0\u00bbain-01\\\u00a0\u00bb,\\\u00a0\u00bbtitle\\\u00a0\u00bb:\\\u00a0\u00bbAin\\\u00a0\u00bb,\\\u00a0\u00bbtitleArticle\\\u00a0\u00bb:\\\u00a0\u00bbde l&rsquo;\\\u00a0\u00bb,\\\u00a0\u00bblocale\\\u00a0\u00bb:{\\\u00a0\u00bbnearest\\\u00a0\u00bb:[\\\u00a0\u00bbpays-de-savoie\\\u00a0\u00bb,\\\u00a0\u00bbisere\\\u00a0\u00bb]},\\\u00a0\u00bbnearestDepartment\\\u00a0\u00bb:[\\\u00a0\u00bbsaone-et-loire-71\\\u00a0\u00bb,\\\u00a0\u00bbjura-39\\\u00a0\u00bb,\\\u00a0\u00bbhaute-savoie-74\\\u00a0\u00bb,\\\u00a0\u00bbsavoie-73\\\u00a0\u00bb,\\\u00a0\u00bbisere-38\\\u00a0\u00bb,\\\u00a0\u00bbrhone-69\\\u00a0\u00bb],\\\u00a0\u00bbcities\\\u00a0\u00bb:[{\\\u00a0\u00bbpath\\\u00a0\u00bb:\\\u00a0\u00bb\/auvergne-rhone-alpes\/ain-01\/amberieu-en-bugey\\\u00a0\u00bb,\\\u00a0\u00bbtitle\\\u00a0\u00bb:\\\u00a0\u00bbAmb\u00e9rieu-en-Bugey\\\u00a0\u00bb},{\\\u00a0\u00bbpath\\\u00a0\u00bb:\\\u00a0\u00bb\/auvergne-rhone-alpes\/ain-01\/bourg-en-bresse\\\u00a0\u00bb,\\\u00a0\u00bbtitle\\\u00a0\u00bb:\\\u00a0\u00bbBourg-en-Bresse\\\u00a0\u00bb},{\\\u00a0\u00bbpath\\\u00a0\u00bb:\\\u00a0\u00bb\/auvergne-rhone-alpes\/ain-01\/divonne-les-bains\\\u00a0\u00bb,\\\u00a0\u00bbtitle\\\u00a0\u00bb:\\\u00a0\u00bbDivonne-les-Bains\\\u00a0\u00bb},{\\\u00a0\u00bbpath\\\u00a0\u00bb:\\\u00a0\u00bb\/auvergne-rhone-alpes\/ain-01\/ferney-voltaire\\\u00a0\u00bb,\\\u00a0\u00bbtitle\\\u00a0\u00bb:\\\u00a0\u00bbFerney-Voltaire\\\u00a0\u00bb},{\\\u00a0\u00bbpath\\\u00a0\u00bb:\\\u00a0\u00bb\/auvergne-rhone-alpes\/ain-01\/gex\\\u00a0\u00bb,\\\u00a0\u00bbtitle\\\u00a0\u00bb:\\\u00a0\u00bbGex\\\u00a0\u00bb},{\\\u00a0\u00bbpath\\\u00a0\u00bb:\\\u00a0\u00bb\/auvergne-rhone-alpes\/ain-01\/miribel\\\u00a0\u00bb,\\\u00a0\u00bbtitle\\\u00a0\u00bb:\\\u00a0\u00bbMiribel\\\u00a0\u00bb},{\\\u00a0\u00bbpath\\\u00a0\u00bb:\\\u00a0\u00bb\/auvergne-rhone-alpes\/ain-01\/oyonnax\\\u00a0\u00bb,\\\u00a0\u00bbtitle\\\u00a0\u00bb:\\\u00a0\u00bbOyonnax\\\u00a0\u00bb},{\\\u00a0\u00bbpath\\\u00a0\u00bb:\\\u00a0\u00bb\/auvergne-rhone-alpes\/ain-01\/saint-genis-pouilly\\\u00a0\u00bb,\\\u00a0\u00bbtitle\\\u00a0\u00bb:\\\u00a0\u00bbSaint-Genis-Pouilly\\\u00a0\u00bb},{\\\u00a0\u00bbpath\\\u00a0\u00bb:\\\u00a0\u00bb\/auvergne-rhone-alpes\/ain-01\/valserhone\\\u00a0\u00bb,\\\u00a0\u00bbtitle\\\u00a0\u00bb:\\\u00a0\u00bbValserh\u00f4ne\\\u00a0\u00bb},{\\\u00a0\u00bbpath\\\u00a0\u00bb:\\\u00a0\u00bb\/auvergne-rhone-alpes\/ain-01\/belley\\\u00a0\u00bb,\\\u00a0\u00bbtitle\\\u00a0\u00bb:\\\u00a0\u00bbBelley\\\u00a0\u00bb}]},{\\\u00a0\u00bbslug\\\u00a0\u00bb:\\\u00a0\u00bballier-03\\\u00a0\u00bb,\\\u00a0\u00bbtitle\\\u00a0\u00bb:\\\u00a0\u00bbAllier\\\u00a0\u00bb,\\\u00a0\u00bbtitleArticle\\\u00a0\u00bb:\\\u00a0\u00bbde l&rsquo;\\\u00a0\u00bb,\\\u00a0\u00bblocale\\\u00a0\u00bb:{\\\u00a0\u00bbnearest\\\u00a0\u00bb:[\\\u00a0\u00bbpays-d-auvergne\\\u00a0\u00bb]},\\\u00a0\u00bbnearestDepartment\\\u00a0\u00bb:[\\\u00a0\u00bbcher-18\\\u00a0\u00bb,\\\u00a0\u00bbnievre-58\\\u00a0\u00bb,\\\u00a0\u00bbsaone-et-loire-71\\\u00a0\u00bb,\\\u00a0\u00bbloire-42\\\u00a0\u00bb,\\\u00a0\u00bbpuy-de-dome-63\\\u00a0\u00bb,\\\u00a0\u00bbcreuse-23\\\u00a0\u00bb],\\\u00a0\u00bbcities\\\u00a0\u00bb:[{\\\u00a0\u00bbpath\\\u00a0\u00bb:\\\u00a0\u00bb\/auvergne-rhone-alpes\/allier-03\/bellerive-sur-allier\\\u00a0\u00bb,\\\u00a0\u00bbtitle\\\u00a0\u00bb:\\\u00a0\u00bbBellerive-sur-Allier\\\u00a0\u00bb},{\\\u00a0\u00bbpath\\\u00a0\u00bb:\\\u00a0\u00bb\/auvergne-rhone-alpes\/allier-03\/commentry\\\u00a0\u00bb,\\\u00a0\u00bbtitle\\\u00a0\u00bb:\\\u00a0\u00bbCommentry\\\u00a0\u00bb},{\\\u00a0\u00bbpath\\\u00a0\u00bb:\\\u00a0\u00bb\/auvergne-rhone-alpes\/allier-03\/cusset\\\u00a0\u00bb,\\\u00a0\u00bbtitle\\\u00a0\u00bb:\\\u00a0\u00bbCusset\\\u00a0\u00bb},{\\\u00a0\u00bbpath\\\u00a0\u00bb:\\\u00a0\u00bb\/auvergne-rhone-alpes\/allier-03\/domerat\\\u00a0\u00bb,\\\u00a0\u00bbtitle\\\u00a0\u00bb:\\\u00a0\u00bbDom\u00e9rat\\\u00a0\u00bb},{\\\u00a0\u00bbpath\\\u00a0\u00bb:\\\u00a0\u00bb\/auvergne-rhone-alpes\/allier-03\/gannat\\\u00a0\u00bb,\\\u00a0\u00bbtitle\\\u00a0\u00bb:\\\u00a0\u00bbGannat\\\u00a0\u00bb},{\\\u00a0\u00bbpath\\\u00a0\u00bb:\\\u00a0\u00bb\/auvergne-rhone-alpes\/allier-03\/montlucon\\\u00a0\u00bb,\\\u00a0\u00bbtitle\\\u00a0\u00bb:\\\u00a0\u00bbMontlu\u00e7on\\\u00a0\u00bb},{\\\u00a0\u00bbpath\\\u00a0\u00bb:\\\u00a0\u00bb\/auvergne-rhone-alpes\/allier-03\/moulins\\\u00a0\u00bb,\\\u00a0\u00bbtitle\\\u00a0\u00bb:\\\u00a0\u00bbMoulins\\\u00a0\u00bb},{\\\u00a0\u00bbpath\\\u00a0\u00bb:\\\u00a0\u00bb\/auvergne-rhone-alpes\/allier-03\/vichy\\\u00a0\u00bb,\\\u00a0\u00bbtitle\\\u00a0\u00bb:\\\u00a0\u00bbVichy\\\u00a0\u00bb},{\\\u00a0\u00bbpath\\\u00a0\u00bb:\\\u00a0\u00bb\/auvergne-rhone-alpes\/allier-03\/yzeure\\\u00a0\u00bb,\\\u00a0\u00bbtitle\\\u00a0\u00bb:\\\u00a0\u00bbYzeure\\\u00a0\u00bb},{\\\u00a0\u00bbpath\\\u00a0\u00bb:\\\u00a0\u00bb\/auvergne-rhone-alpes\/allier-03\/saint-pourcain-sur-sioule\\\u00a0\u00bb,\\\u00a0\u00bbtitle\\\u00a0\u00bb:\\\u00a0\u00bbSaint-Pour\u00e7ain-sur-Sioule\\\u00a0\u00bb}]},{\\\u00a0\u00bbslug\\\u00a0\u00bb:\\\u00a0\u00bbardeche-07\\\u00a0\u00bb,\\\u00a0\u00bbtitle\\\u00a0\u00bb:\\\u00a0\u00bbArd\u00e8che\\\u00a0\u00bb,\\\u00a0\u00bbtitleArticle\\\u00a0\u00bb:\\\u00a0\u00bbde l&rsquo;\\\u00a0\u00bb,\\\u00a0\u00bblocale\\\u00a0\u00bb:{\\\u00a0\u00bbnearest\\\u00a0\u00bb:[\\\u00a0\u00bbdrome-ardeche\\\u00a0\u00bb]},\\\u00a0\u00bbnearestDepartment\\\u00a0\u00bb:[\\\u00a0\u00bbhaute-loire-43\\\u00a0\u00bb,\\\u00a0\u00bbloire-42\\\u00a0\u00bb,\\\u00a0\u00bbisere-38\\\u00a0\u00bb,\\\u00a0\u00bbdrome-26\\\u00a0\u00bb,\\\u00a0\u00bbvaucluse-84\\\u00a0\u00bb,\\\u00a0\u00bbgard-30\\\u00a0\u00bb,\\\u00a0\u00bblozere-48\\\u00a0\u00bb],\\\u00a0\u00bbcities\\\u00a0\u00bb:[{\\\u00a0\u00bbpath\\\u00a0\u00bb:\\\u00a0\u00bb\/auvergne-rhone-alpes\/ardeche-07\/annonay\\\u00a0\u00bb,\\\u00a0\u00bbtitle\\\u00a0\u00bb:\\\u00a0\u00bbAnnonay\\\u00a0\u00bb},{\\\u00a0\u00bbpath\\\u00a0\u00bb:\\\u00a0\u00bb\/auvergne-rhone-alpes\/ardeche-07\/aubenas\\\u00a0\u00bb,\\\u00a0\u00bbtitle\\\u00a0\u00bb:\\\u00a0\u00bbAubenas\\\u00a0\u00bb},{\\\u00a0\u00bbpath\\\u00a0\u00bb:\\\u00a0\u00bb\/auvergne-rhone-alpes\/ardeche-07\/bourg-saint-andeol\\\u00a0\u00bb,\\\u00a0\u00bbtitle\\\u00a0\u00bb:\\\u00a0\u00bbBourg-Saint-And\u00e9ol\\\u00a0\u00bb},{\\\u00a0\u00bbpath\\\u00a0\u00bb:\\\u00a0\u00bb\/auvergne-rhone-alpes\/ardeche-07\/guilherand-granges\\\u00a0\u00bb,\\\u00a0\u00bbtitle\\\u00a0\u00bb:\\\u00a0\u00bbGuilherand-Granges\\\u00a0\u00bb},{\\\u00a0\u00bbpath\\\u00a0\u00bb:\\\u00a0\u00bb\/auvergne-rhone-alpes\/ardeche-07\/privas\\\u00a0\u00bb,\\\u00a0\u00bbtitle\\\u00a0\u00bb:\\\u00a0\u00bbPrivas\\\u00a0\u00bb},{\\\u00a0\u00bbpath\\\u00a0\u00bb:\\\u00a0\u00bb\/auvergne-rhone-alpes\/ardeche-07\/saint-peray\\\u00a0\u00bb,\\\u00a0\u00bbtitle\\\u00a0\u00bb:\\\u00a0\u00bbSaint-P\u00e9ray\\\u00a0\u00bb},{\\\u00a0\u00bbpath\\\u00a0\u00bb:\\\u00a0\u00bb\/auvergne-rhone-alpes\/ardeche-07\/tournon-sur-rhone\\\u00a0\u00bb,\\\u00a0\u00bbtitle\\\u00a0\u00bb:\\\u00a0\u00bbTournon-sur-Rh\u00f4ne\\\u00a0\u00bb},{\\\u00a0\u00bbpath\\\u00a0\u00bb:\\\u00a0\u00bb\/auvergne-rhone-alpes\/ardeche-07\/viviers\\\u00a0\u00bb,\\\u00a0\u00bbtitle\\\u00a0\u00bb:\\\u00a0\u00bbViviers\\\u00a0\u00bb},{\\\u00a0\u00bbpath\\\u00a0\u00bb:\\\u00a0\u00bb\/auvergne-rhone-alpes\/ardeche-07\/voulte-sur-rhone\\\u00a0\u00bb,\\\u00a0\u00bbtitle\\\u00a0\u00bb:\\\u00a0\u00bbLa Voulte-sur-Rh\u00f4ne\\\u00a0\u00bb},{\\\u00a0\u00bbpath\\\u00a0\u00bb:\\\u00a0\u00bb\/auvergne-rhone-alpes\/ardeche-07\/teil\\\u00a0\u00bb,\\\u00a0\u00bbtitle\\\u00a0\u00bb:\\\u00a0\u00bbLe Teil\\\u00a0\u00bb}]},{\\\u00a0\u00bbslug\\\u00a0\u00bb:\\\u00a0\u00bbcantal-15\\\u00a0\u00bb,\\\u00a0\u00bbtitle\\\u00a0\u00bb:\\\u00a0\u00bbCantal\\\u00a0\u00bb,\\\u00a0\u00bbtitleArticle\\\u00a0\u00bb:\\\u00a0\u00bbdu \\\u00a0\u00bb,\\\u00a0\u00bblocale\\\u00a0\u00bb:{\\\u00a0\u00bbmain\\\u00a0\u00bb:\\\u00a0\u00bbpays-d-auvergne\\\u00a0\u00bb,\\\u00a0\u00bbnearest\\\u00a0\u00bb:[\\\u00a0\u00bbtoulouse\\\u00a0\u00bb]},\\\u00a0\u00bbnearestDepartment\\\u00a0\u00bb:[\\\u00a0\u00bbcorreze-19\\\u00a0\u00bb,\\\u00a0\u00bbpuy-de-dome-63\\\u00a0\u00bb,\\\u00a0\u00bbhaute-loire-43\\\u00a0\u00bb,\\\u00a0\u00bblozere-48\\\u00a0\u00bb,\\\u00a0\u00bbaveyron-12\\\u00a0\u00bb,\\\u00a0\u00bblot-46\\\u00a0\u00bb],\\\u00a0\u00bbcities\\\u00a0\u00bb:[{\\\u00a0\u00bbpath\\\u00a0\u00bb:\\\u00a0\u00bb\/auvergne-rhone-alpes\/cantal-15\/arpajon-sur-cere\\\u00a0\u00bb,\\\u00a0\u00bbtitle\\\u00a0\u00bb:\\\u00a0\u00bbArpajon-sur-C\u00e8re\\\u00a0\u00bb},{\\\u00a0\u00bbpath\\\u00a0\u00bb:\\\u00a0\u00bb\/auvergne-rhone-alpes\/cantal-15\/aurillac\\\u00a0\u00bb,\\\u00a0\u00bbtitle\\\u00a0\u00bb:\\\u00a0\u00bbAurillac\\\u00a0\u00bb},{\\\u00a0\u00bbpath\\\u00a0\u00bb:\\\u00a0\u00bb\/auvergne-rhone-alpes\/cantal-15\/jussac\\\u00a0\u00bb,\\\u00a0\u00bbtitle\\\u00a0\u00bb:\\\u00a0\u00bbJussac\\\u00a0\u00bb},{\\\u00a0\u00bbpath\\\u00a0\u00bb:\\\u00a0\u00bb\/auvergne-rhone-alpes\/cantal-15\/mauriac\\\u00a0\u00bb,\\\u00a0\u00bbtitle\\\u00a0\u00bb:\\\u00a0\u00bbMauriac\\\u00a0\u00bb},{\\\u00a0\u00bbpath\\\u00a0\u00bb:\\\u00a0\u00bb\/auvergne-rhone-alpes\/cantal-15\/maurs\\\u00a0\u00bb,\\\u00a0\u00bbtitle\\\u00a0\u00bb:\\\u00a0\u00bbMaurs\\\u00a0\u00bb},{\\\u00a0\u00bbpath\\\u00a0\u00bb:\\\u00a0\u00bb\/auvergne-rhone-alpes\/cantal-15\/naucelles\\\u00a0\u00bb,\\\u00a0\u00bbtitle\\\u00a0\u00bb:\\\u00a0\u00bbNaucelles\\\u00a0\u00bb},{\\\u00a0\u00bbpath\\\u00a0\u00bb:\\\u00a0\u00bb\/auvergne-rhone-alpes\/cantal-15\/riom-es-montagnes\\\u00a0\u00bb,\\\u00a0\u00bbtitle\\\u00a0\u00bb:\\\u00a0\u00bbRiom-\u00e8s-Montagnes\\\u00a0\u00bb},{\\\u00a0\u00bbpath\\\u00a0\u00bb:\\\u00a0\u00bb\/auvergne-rhone-alpes\/cantal-15\/saint-flour\\\u00a0\u00bb,\\\u00a0\u00bbtitle\\\u00a0\u00bb:\\\u00a0\u00bbSaint-Flour\\\u00a0\u00bb},{\\\u00a0\u00bbpath\\\u00a0\u00bb:\\\u00a0\u00bb\/auvergne-rhone-alpes\/cantal-15\/ytrac\\\u00a0\u00bb,\\\u00a0\u00bbtitle\\\u00a0\u00bb:\\\u00a0\u00bbYtrac\\\u00a0\u00bb},{\\\u00a0\u00bbpath\\\u00a0\u00bb:\\\u00a0\u00bb\/auvergne-rhone-alpes\/cantal-15\/murat\\\u00a0\u00bb,\\\u00a0\u00bbtitle\\\u00a0\u00bb:\\\u00a0\u00bbMurat\\\u00a0\u00bb}]},{\\\u00a0\u00bbslug\\\u00a0\u00bb:\\\u00a0\u00bbdrome-26\\\u00a0\u00bb,\\\u00a0\u00bbtitle\\\u00a0\u00bb:\\\u00a0\u00bbDr\u00f4me\\\u00a0\u00bb,\\\u00a0\u00bbtitleArticle\\\u00a0\u00bb:\\\u00a0\u00bbde \\\u00a0\u00bb,\\\u00a0\u00bblocale\\\u00a0\u00bb:{\\\u00a0\u00bbmain\\\u00a0\u00bb:\\\u00a0\u00bbdrome-ardeche\\\u00a0\u00bb,\\\u00a0\u00bbnearest\\\u00a0\u00bb:[\\\u00a0\u00bbvaucluse\\\u00a0\u00bb]},\\\u00a0\u00bbnearestDepartment\\\u00a0\u00bb:[\\\u00a0\u00bbisere-38\\\u00a0\u00bb,\\\u00a0\u00bbhautes-alpes-05\\\u00a0\u00bb,\\\u00a0\u00bbalpes-de-haute-provence-04\\\u00a0\u00bb,\\\u00a0\u00bbvaucluse-84\\\u00a0\u00bb,\\\u00a0\u00bbgard-30\\\u00a0\u00bb,\\\u00a0\u00bbardeche-07\\\u00a0\u00bb],\\\u00a0\u00bbcities\\\u00a0\u00bb:[{\\\u00a0\u00bbpath\\\u00a0\u00bb:\\\u00a0\u00bb\/auvergne-rhone-alpes\/drome-26\/bourg-de-peage\\\u00a0\u00bb,\\\u00a0\u00bbtitle\\\u00a0\u00bb:\\\u00a0\u00bbBourg-de-P\u00e9age\\\u00a0\u00bb},{\\\u00a0\u00bbpath\\\u00a0\u00bb:\\\u00a0\u00bb\/auvergne-rhone-alpes\/drome-26\/bourg-les-valence\\\u00a0\u00bb,\\\u00a0\u00bbtitle\\\u00a0\u00bb:\\\u00a0\u00bbBourg-l\u00e8s-Valence\\\u00a0\u00bb},{\\\u00a0\u00bbpath\\\u00a0\u00bb:\\\u00a0\u00bb\/auvergne-rhone-alpes\/drome-26\/livron-sur-drome\\\u00a0\u00bb,\\\u00a0\u00bbtitle\\\u00a0\u00bb:\\\u00a0\u00bbLivron-sur-Dr\u00f4me\\\u00a0\u00bb},{\\\u00a0\u00bbpath\\\u00a0\u00bb:\\\u00a0\u00bb\/auvergne-rhone-alpes\/drome-26\/montelimar\\\u00a0\u00bb,\\\u00a0\u00bbtitle\\\u00a0\u00bb:\\\u00a0\u00bbMont\u00e9limar\\\u00a0\u00bb},{\\\u00a0\u00bbpath\\\u00a0\u00bb:\\\u00a0\u00bb\/auvergne-rhone-alpes\/drome-26\/pierrelatte\\\u00a0\u00bb,\\\u00a0\u00bbtitle\\\u00a0\u00bb:\\\u00a0\u00bbPierrelatte\\\u00a0\u00bb},{\\\u00a0\u00bbpath\\\u00a0\u00bb:\\\u00a0\u00bb\/auvergne-rhone-alpes\/drome-26\/portes-les-valence\\\u00a0\u00bb,\\\u00a0\u00bbtitle\\\u00a0\u00bb:\\\u00a0\u00bbPortes-l\u00e8s-Valence\\\u00a0\u00bb},{\\\u00a0\u00bbpath\\\u00a0\u00bb:\\\u00a0\u00bb\/auvergne-rhone-alpes\/drome-26\/romans-sur-isere\\\u00a0\u00bb,\\\u00a0\u00bbtitle\\\u00a0\u00bb:\\\u00a0\u00bbRomans-sur-Is\u00e8re\\\u00a0\u00bb},{\\\u00a0\u00bbpath\\\u00a0\u00bb:\\\u00a0\u00bb\/auvergne-rhone-alpes\/drome-26\/saint-paul-trois-chateaux\\\u00a0\u00bb,\\\u00a0\u00bbtitle\\\u00a0\u00bb:\\\u00a0\u00bbSaint-Paul-Trois-Ch\u00e2teaux\\\u00a0\u00bb},{\\\u00a0\u00bbpath\\\u00a0\u00bb:\\\u00a0\u00bb\/auvergne-rhone-alpes\/drome-26\/valence\\\u00a0\u00bb,\\\u00a0\u00bbtitle\\\u00a0\u00bb:\\\u00a0\u00bbValence\\\u00a0\u00bb},{\\\u00a0\u00bbpath\\\u00a0\u00bb:\\\u00a0\u00bb\/auvergne-rhone-alpes\/drome-26\/crest\\\u00a0\u00bb,\\\u00a0\u00bbtitle\\\u00a0\u00bb:\\\u00a0\u00bbCrest\\\u00a0\u00bb}]},{\\\u00a0\u00bbslug\\\u00a0\u00bb:\\\u00a0\u00bbhaute-loire-43\\\u00a0\u00bb,\\\u00a0\u00bbtitle\\\u00a0\u00bb:\\\u00a0\u00bbHaute-Loire\\\u00a0\u00bb,\\\u00a0\u00bbtitleArticle\\\u00a0\u00bb:\\\u00a0\u00bbde \\\u00a0\u00bb,\\\u00a0\u00bblocale\\\u00a0\u00bb:{\\\u00a0\u00bbnearest\\\u00a0\u00bb:[\\\u00a0\u00bbpays-d-auvergne\\\u00a0\u00bb,\\\u00a0\u00bbsaint-etienne-loire\\\u00a0\u00bb]},\\\u00a0\u00bbnearestDepartment\\\u00a0\u00bb:[\\\u00a0\u00bbpuy-de-dome-63\\\u00a0\u00bb,\\\u00a0\u00bbloire-42\\\u00a0\u00bb,\\\u00a0\u00bbardeche-07\\\u00a0\u00bb,\\\u00a0\u00bblozere-48\\\u00a0\u00bb,\\\u00a0\u00bbcantal-15\\\u00a0\u00bb],\\\u00a0\u00bbcities\\\u00a0\u00bb:[{\\\u00a0\u00bbpath\\\u00a0\u00bb:\\\u00a0\u00bb\/auvergne-rhone-alpes\/haute-loire-43\/aurec-sur-loire\\\u00a0\u00bb,\\\u00a0\u00bbtitle\\\u00a0\u00bb:\\\u00a0\u00bbAurec-sur-Loire\\\u00a0\u00bb},{\\\u00a0\u00bbpath\\\u00a0\u00bb:\\\u00a0\u00bb\/auvergne-rhone-alpes\/haute-loire-43\/bas-en-basset\\\u00a0\u00bb,\\\u00a0\u00bbtitle\\\u00a0\u00bb:\\\u00a0\u00bbBas-en-Basset\\\u00a0\u00bb},{\\\u00a0\u00bbpath\\\u00a0\u00bb:\\\u00a0\u00bb\/auvergne-rhone-alpes\/haute-loire-43\/brioude\\\u00a0\u00bb,\\\u00a0\u00bbtitle\\\u00a0\u00bb:\\\u00a0\u00bbBrioude\\\u00a0\u00bb},{\\\u00a0\u00bbpath\\\u00a0\u00bb:\\\u00a0\u00bb\/auvergne-rhone-alpes\/haute-loire-43\/brives-charensac\\\u00a0\u00bb,\\\u00a0\u00bbtitle\\\u00a0\u00bb:\\\u00a0\u00bbBrives-Charensac\\\u00a0\u00bb},{\\\u00a0\u00bbpath\\\u00a0\u00bb:\\\u00a0\u00bb\/auvergne-rhone-alpes\/haute-loire-43\/monistrol-sur-loire\\\u00a0\u00bb,\\\u00a0\u00bbtitle\\\u00a0\u00bb:\\\u00a0\u00bbMonistrol-sur-Loire\\\u00a0\u00bb},{\\\u00a0\u00bbpath\\\u00a0\u00bb:\\\u00a0\u00bb\/auvergne-rhone-alpes\/haute-loire-43\/saint-just-malmont\\\u00a0\u00bb,\\\u00a0\u00bbtitle\\\u00a0\u00bb:\\\u00a0\u00bbSaint-Just-Malmont\\\u00a0\u00bb},{\\\u00a0\u00bbpath\\\u00a0\u00bb:\\\u00a0\u00bb\/auvergne-rhone-alpes\/haute-loire-43\/sainte-sigolene\\\u00a0\u00bb,\\\u00a0\u00bbtitle\\\u00a0\u00bb:\\\u00a0\u00bbSainte-Sigol\u00e8ne\\\u00a0\u00bb},{\\\u00a0\u00bbpath\\\u00a0\u00bb:\\\u00a0\u00bb\/auvergne-rhone-alpes\/haute-loire-43\/yssingeaux\\\u00a0\u00bb,\\\u00a0\u00bbtitle\\\u00a0\u00bb:\\\u00a0\u00bbYssingeaux\\\u00a0\u00bb},{\\\u00a0\u00bbpath\\\u00a0\u00bb:\\\u00a0\u00bb\/auvergne-rhone-alpes\/haute-loire-43\/langeac\\\u00a0\u00bb,\\\u00a0\u00bbtitle\\\u00a0\u00bb:\\\u00a0\u00bbLangeac\\\u00a0\u00bb},{\\\u00a0\u00bbpath\\\u00a0\u00bb:\\\u00a0\u00bb\/auvergne-rhone-alpes\/haute-loire-43\/puy-en-velay\\\u00a0\u00bb,\\\u00a0\u00bbtitle\\\u00a0\u00bb:\\\u00a0\u00bbLe Puy-en-Velay\\\u00a0\u00bb}]},{\\\u00a0\u00bbslug\\\u00a0\u00bb:\\\u00a0\u00bbhaute-savoie-74\\\u00a0\u00bb,\\\u00a0\u00bbtitle\\\u00a0\u00bb:\\\u00a0\u00bbHaute-Savoie\\\u00a0\u00bb,\\\u00a0\u00bbtitleArticle\\\u00a0\u00bb:\\\u00a0\u00bbde \\\u00a0\u00bb,\\\u00a0\u00bblocale\\\u00a0\u00bb:{\\\u00a0\u00bbnearest\\\u00a0\u00bb:[\\\u00a0\u00bbpays-de-savoie\\\u00a0\u00bb]},\\\u00a0\u00bbnearestDepartment\\\u00a0\u00bb:[\\\u00a0\u00bbain-01\\\u00a0\u00bb,\\\u00a0\u00bbsavoie-73\\\u00a0\u00bb],\\\u00a0\u00bbcities\\\u00a0\u00bb:[{\\\u00a0\u00bbpath\\\u00a0\u00bb:\\\u00a0\u00bb\/auvergne-rhone-alpes\/haute-savoie-74\/annecy\\\u00a0\u00bb,\\\u00a0\u00bbtitle\\\u00a0\u00bb:\\\u00a0\u00bbAnnecy\\\u00a0\u00bb},{\\\u00a0\u00bbpath\\\u00a0\u00bb:\\\u00a0\u00bb\/auvergne-rhone-alpes\/haute-savoie-74\/annemasse\\\u00a0\u00bb,\\\u00a0\u00bbtitle\\\u00a0\u00bb:\\\u00a0\u00bbAnnemasse\\\u00a0\u00bb},{\\\u00a0\u00bbpath\\\u00a0\u00bb:\\\u00a0\u00bb\/auvergne-rhone-alpes\/haute-savoie-74\/bonneville\\\u00a0\u00bb,\\\u00a0\u00bbtitle\\\u00a0\u00bb:\\\u00a0\u00bbBonneville\\\u00a0\u00bb},{\\\u00a0\u00bbpath\\\u00a0\u00bb:\\\u00a0\u00bb\/auvergne-rhone-alpes\/haute-savoie-74\/cluses\\\u00a0\u00bb,\\\u00a0\u00bbtitle\\\u00a0\u00bb:\\\u00a0\u00bbCluses\\\u00a0\u00bb},{\\\u00a0\u00bbpath\\\u00a0\u00bb:\\\u00a0\u00bb\/auvergne-rhone-alpes\/haute-savoie-74\/rumilly\\\u00a0\u00bb,\\\u00a0\u00bbtitle\\\u00a0\u00bb:\\\u00a0\u00bbRumilly\\\u00a0\u00bb},{\\\u00a0\u00bbpath\\\u00a0\u00bb:\\\u00a0\u00bb\/auvergne-rhone-alpes\/haute-savoie-74\/saint-julien-en-genevois\\\u00a0\u00bb,\\\u00a0\u00bbtitle\\\u00a0\u00bb:\\\u00a0\u00bbSaint-Julien-en-Genevois\\\u00a0\u00bb},{\\\u00a0\u00bbpath\\\u00a0\u00bb:\\\u00a0\u00bb\/auvergne-rhone-alpes\/haute-savoie-74\/sallanches\\\u00a0\u00bb,\\\u00a0\u00bbtitle\\\u00a0\u00bb:\\\u00a0\u00bbSallanches\\\u00a0\u00bb},{\\\u00a0\u00bbpath\\\u00a0\u00bb:\\\u00a0\u00bb\/auvergne-rhone-alpes\/haute-savoie-74\/thonon-les-bains\\\u00a0\u00bb,\\\u00a0\u00bbtitle\\\u00a0\u00bb:\\\u00a0\u00bbThonon-les-Bains\\\u00a0\u00bb},{\\\u00a0\u00bbpath\\\u00a0\u00bb:\\\u00a0\u00bb\/auvergne-rhone-alpes\/haute-savoie-74\/gaillard\\\u00a0\u00bb,\\\u00a0\u00bbtitle\\\u00a0\u00bb:\\\u00a0\u00bbGaillard\\\u00a0\u00bb},{\\\u00a0\u00bbpath\\\u00a0\u00bb:\\\u00a0\u00bb\/auvergne-rhone-alpes\/haute-savoie-74\/roche-sur-foron\\\u00a0\u00bb,\\\u00a0\u00bbtitle\\\u00a0\u00bb:\\\u00a0\u00bbLa Roche-sur-Foron\\\u00a0\u00bb}]},{\\\u00a0\u00bbslug\\\u00a0\u00bb:\\\u00a0\u00bbisere-38\\\u00a0\u00bb,\\\u00a0\u00bbtitle\\\u00a0\u00bb:\\\u00a0\u00bbIs\u00e8re\\\u00a0\u00bb,\\\u00a0\u00bbtitleArticle\\\u00a0\u00bb:\\\u00a0\u00bbde l&rsquo;\\\u00a0\u00bb,\\\u00a0\u00bblocale\\\u00a0\u00bb:{\\\u00a0\u00bbmain\\\u00a0\u00bb:\\\u00a0\u00bbisere\\\u00a0\u00bb,\\\u00a0\u00bbnearest\\\u00a0\u00bb:[]},\\\u00a0\u00bbnearestDepartment\\\u00a0\u00bb:[\\\u00a0\u00bbrhone-69\\\u00a0\u00bb,\\\u00a0\u00bbain-01\\\u00a0\u00bb,\\\u00a0\u00bbsavoie-73\\\u00a0\u00bb,\\\u00a0\u00bbhautes-alpes-05\\\u00a0\u00bb,\\\u00a0\u00bbdrome-26\\\u00a0\u00bb,\\\u00a0\u00bbardeche-07\\\u00a0\u00bb],\\\u00a0\u00bbcities\\\u00a0\u00bb:[{\\\u00a0\u00bbpath\\\u00a0\u00bb:\\\u00a0\u00bb\/auvergne-rhone-alpes\/isere-38\/bourgoin-jallieu\\\u00a0\u00bb,\\\u00a0\u00bbtitle\\\u00a0\u00bb:\\\u00a0\u00bbBourgoin-Jallieu\\\u00a0\u00bb},{\\\u00a0\u00bbpath\\\u00a0\u00bb:\\\u00a0\u00bb\/auvergne-rhone-alpes\/isere-38\/fontaine\\\u00a0\u00bb,\\\u00a0\u00bbtitle\\\u00a0\u00bb:\\\u00a0\u00bbFontaine\\\u00a0\u00bb},{\\\u00a0\u00bbpath\\\u00a0\u00bb:\\\u00a0\u00bb\/auvergne-rhone-alpes\/isere-38\/grenoble\\\u00a0\u00bb,\\\u00a0\u00bbtitle\\\u00a0\u00bb:\\\u00a0\u00bbGrenoble\\\u00a0\u00bb},{\\\u00a0\u00bbpath\\\u00a0\u00bb:\\\u00a0\u00bb\/auvergne-rhone-alpes\/isere-38\/meylan\\\u00a0\u00bb,\\\u00a0\u00bbtitle\\\u00a0\u00bb:\\\u00a0\u00bbMeylan\\\u00a0\u00bb},{\\\u00a0\u00bbpath\\\u00a0\u00bb:\\\u00a0\u00bb\/auvergne-rhone-alpes\/isere-38\/saint-martin-dheres\\\u00a0\u00bb,\\\u00a0\u00bbtitle\\\u00a0\u00bb:\\\u00a0\u00bbSaint-Martin-d&rsquo;H\u00e8res\\\u00a0\u00bb},{\\\u00a0\u00bbpath\\\u00a0\u00bb:\\\u00a0\u00bb\/auvergne-rhone-alpes\/isere-38\/vienne\\\u00a0\u00bb,\\\u00a0\u00bbtitle\\\u00a0\u00bb:\\\u00a0\u00bbVienne\\\u00a0\u00bb},{\\\u00a0\u00bbpath\\\u00a0\u00bb:\\\u00a0\u00bb\/auvergne-rhone-alpes\/isere-38\/villefontaine\\\u00a0\u00bb,\\\u00a0\u00bbtitle\\\u00a0\u00bb:\\\u00a0\u00bbVillefontaine\\\u00a0\u00bb},{\\\u00a0\u00bbpath\\\u00a0\u00bb:\\\u00a0\u00bb\/auvergne-rhone-alpes\/isere-38\/voiron\\\u00a0\u00bb,\\\u00a0\u00bbtitle\\\u00a0\u00bb:\\\u00a0\u00bbVoiron\\\u00a0\u00bb},{\\\u00a0\u00bbpath\\\u00a0\u00bb:\\\u00a0\u00bb\/auvergne-rhone-alpes\/isere-38\/echirolles\\\u00a0\u00bb,\\\u00a0\u00bbtitle\\\u00a0\u00bb:\\\u00a0\u00bb\u00c9chirolles\\\u00a0\u00bb},{\\\u00a0\u00bbpath\\\u00a0\u00bb:\\\u00a0\u00bb\/auvergne-rhone-alpes\/isere-38\/isle-dabeau\\\u00a0\u00bb,\\\u00a0\u00bbtitle\\\u00a0\u00bb:\\\u00a0\u00bbL&rsquo;Isle-d&rsquo;Abeau\\\u00a0\u00bb}]},{\\\u00a0\u00bbslug\\\u00a0\u00bb:\\\u00a0\u00bbloire-42\\\u00a0\u00bb,\\\u00a0\u00bbtitle\\\u00a0\u00bb:\\\u00a0\u00bbLoire\\\u00a0\u00bb,\\\u00a0\u00bbtitleArticle\\\u00a0\u00bb:\\\u00a0\u00bbde \\\u00a0\u00bb,\\\u00a0\u00bblocale\\\u00a0\u00bb:{\\\u00a0\u00bbmain\\\u00a0\u00bb:\\\u00a0\u00bbsaint-etienne-loire\\\u00a0\u00bb,\\\u00a0\u00bbnearest\\\u00a0\u00bb:[]},\\\u00a0\u00bbnearestDepartment\\\u00a0\u00bb:[\\\u00a0\u00bballier-03\\\u00a0\u00bb,\\\u00a0\u00bbsaone-et-loire-71\\\u00a0\u00bb,\\\u00a0\u00bbrhone-69\\\u00a0\u00bb,\\\u00a0\u00bbisere-38\\\u00a0\u00bb,\\\u00a0\u00bbardeche-07\\\u00a0\u00bb,\\\u00a0\u00bbhaute-loire-43\\\u00a0\u00bb,\\\u00a0\u00bbpuy-de-dome-63\\\u00a0\u00bb],\\\u00a0\u00bbcities\\\u00a0\u00bb:[{\\\u00a0\u00bbpath\\\u00a0\u00bb:\\\u00a0\u00bb\/auvergne-rhone-alpes\/loire-42\/firminy\\\u00a0\u00bb,\\\u00a0\u00bbtitle\\\u00a0\u00bb:\\\u00a0\u00bbFirminy\\\u00a0\u00bb},{\\\u00a0\u00bbpath\\\u00a0\u00bb:\\\u00a0\u00bb\/auvergne-rhone-alpes\/loire-42\/montbrison\\\u00a0\u00bb,\\\u00a0\u00bbtitle\\\u00a0\u00bb:\\\u00a0\u00bbMontbrison\\\u00a0\u00bb},{\\\u00a0\u00bbpath\\\u00a0\u00bb:\\\u00a0\u00bb\/auvergne-rhone-alpes\/loire-42\/riorges\\\u00a0\u00bb,\\\u00a0\u00bbtitle\\\u00a0\u00bb:\\\u00a0\u00bbRiorges\\\u00a0\u00bb},{\\\u00a0\u00bbpath\\\u00a0\u00bb:\\\u00a0\u00bb\/auvergne-rhone-alpes\/loire-42\/rive-de-gier\\\u00a0\u00bb,\\\u00a0\u00bbtitle\\\u00a0\u00bb:\\\u00a0\u00bbRive-de-Gier\\\u00a0\u00bb},{\\\u00a0\u00bbpath\\\u00a0\u00bb:\\\u00a0\u00bb\/auvergne-rhone-alpes\/loire-42\/roanne\\\u00a0\u00bb,\\\u00a0\u00bbtitle\\\u00a0\u00bb:\\\u00a0\u00bbRoanne\\\u00a0\u00bb},{\\\u00a0\u00bbpath\\\u00a0\u00bb:\\\u00a0\u00bb\/auvergne-rhone-alpes\/loire-42\/saint-chamond\\\u00a0\u00bb,\\\u00a0\u00bbtitle\\\u00a0\u00bb:\\\u00a0\u00bbSaint-Chamond\\\u00a0\u00bb},{\\\u00a0\u00bbpath\\\u00a0\u00bb:\\\u00a0\u00bb\/auvergne-rhone-alpes\/loire-42\/saint-just-saint-rambert\\\u00a0\u00bb,\\\u00a0\u00bbtitle\\\u00a0\u00bb:\\\u00a0\u00bbSaint-Just-Saint-Rambert\\\u00a0\u00bb},{\\\u00a0\u00bbpath\\\u00a0\u00bb:\\\u00a0\u00bb\/auvergne-rhone-alpes\/loire-42\/saint-etienne\\\u00a0\u00bb,\\\u00a0\u00bbtitle\\\u00a0\u00bb:\\\u00a0\u00bbSaint-\u00c9tienne\\\u00a0\u00bb},{\\\u00a0\u00bbpath\\\u00a0\u00bb:\\\u00a0\u00bb\/auvergne-rhone-alpes\/loire-42\/andrezieux-boutheon\\\u00a0\u00bb,\\\u00a0\u00bbtitle\\\u00a0\u00bb:\\\u00a0\u00bbAndr\u00e9zieux-Bouth\u00e9on\\\u00a0\u00bb},{\\\u00a0\u00bbpath\\\u00a0\u00bb:\\\u00a0\u00bb\/auvergne-rhone-alpes\/loire-42\/chambon-feugerolles\\\u00a0\u00bb,\\\u00a0\u00bbtitle\\\u00a0\u00bb:\\\u00a0\u00bbLe Chambon-Feugerolles\\\u00a0\u00bb}]},{\\\u00a0\u00bbslug\\\u00a0\u00bb:\\\u00a0\u00bbpuy-de-dome-63\\\u00a0\u00bb,\\\u00a0\u00bbtitle\\\u00a0\u00bb:\\\u00a0\u00bbPuy-de-D\u00f4me\\\u00a0\u00bb,\\\u00a0\u00bbtitleArticle\\\u00a0\u00bb:\\\u00a0\u00bbdu \\\u00a0\u00bb,\\\u00a0\u00bblocale\\\u00a0\u00bb:{\\\u00a0\u00bbmain\\\u00a0\u00bb:\\\u00a0\u00bbpays-d-auvergne\\\u00a0\u00bb,\\\u00a0\u00bbnearest\\\u00a0\u00bb:[\\\u00a0\u00bbsaint-etienne-loire\\\u00a0\u00bb,\\\u00a0\u00bbcreuse\\\u00a0\u00bb]},\\\u00a0\u00bbnearestDepartment\\\u00a0\u00bb:[\\\u00a0\u00bballier-03\\\u00a0\u00bb,\\\u00a0\u00bbloire-42\\\u00a0\u00bb,\\\u00a0\u00bbhaute-loire-43\\\u00a0\u00bb,\\\u00a0\u00bbcantal-15\\\u00a0\u00bb,\\\u00a0\u00bbcorreze-19\\\u00a0\u00bb,\\\u00a0\u00bbcreuse-23\\\u00a0\u00bb],\\\u00a0\u00bbcities\\\u00a0\u00bb:[{\\\u00a0\u00bbpath\\\u00a0\u00bb:\\\u00a0\u00bb\/auvergne-rhone-alpes\/puy-de-dome-63\/beaumont\\\u00a0\u00bb,\\\u00a0\u00bbtitle\\\u00a0\u00bb:\\\u00a0\u00bbBeaumont\\\u00a0\u00bb},{\\\u00a0\u00bbpath\\\u00a0\u00bb:\\\u00a0\u00bb\/auvergne-rhone-alpes\/puy-de-dome-63\/chamalieres\\\u00a0\u00bb,\\\u00a0\u00bbtitle\\\u00a0\u00bb:\\\u00a0\u00bbChamali\u00e8res\\\u00a0\u00bb},{\\\u00a0\u00bbpath\\\u00a0\u00bb:\\\u00a0\u00bb\/auvergne-rhone-alpes\/puy-de-dome-63\/clermont-ferrand\\\u00a0\u00bb,\\\u00a0\u00bbtitle\\\u00a0\u00bb:\\\u00a0\u00bbClermont-Ferrand\\\u00a0\u00bb},{\\\u00a0\u00bbpath\\\u00a0\u00bb:\\\u00a0\u00bb\/auvergne-rhone-alpes\/puy-de-dome-63\/cournon-dauvergne\\\u00a0\u00bb,\\\u00a0\u00bbtitle\\\u00a0\u00bb:\\\u00a0\u00bbCournon-d&rsquo;Auvergne\\\u00a0\u00bb},{\\\u00a0\u00bbpath\\\u00a0\u00bb:\\\u00a0\u00bb\/auvergne-rhone-alpes\/puy-de-dome-63\/gerzat\\\u00a0\u00bb,\\\u00a0\u00bbtitle\\\u00a0\u00bb:\\\u00a0\u00bbGerzat\\\u00a0\u00bb},{\\\u00a0\u00bbpath\\\u00a0\u00bb:\\\u00a0\u00bb\/auvergne-rhone-alpes\/puy-de-dome-63\/issoire\\\u00a0\u00bb,\\\u00a0\u00bbtitle\\\u00a0\u00bb:\\\u00a0\u00bbIssoire\\\u00a0\u00bb},{\\\u00a0\u00bbpath\\\u00a0\u00bb:\\\u00a0\u00bb\/auvergne-rhone-alpes\/puy-de-dome-63\/pont-du-chateau\\\u00a0\u00bb,\\\u00a0\u00bbtitle\\\u00a0\u00bb:\\\u00a0\u00bbPont-du-Ch\u00e2teau\\\u00a0\u00bb},{\\\u00a0\u00bbpath\\\u00a0\u00bb:\\\u00a0\u00bb\/auvergne-rhone-alpes\/puy-de-dome-63\/riom\\\u00a0\u00bb,\\\u00a0\u00bbtitle\\\u00a0\u00bb:\\\u00a0\u00bbRiom\\\u00a0\u00bb},{\\\u00a0\u00bbpath\\\u00a0\u00bb:\\\u00a0\u00bb\/auvergne-rhone-alpes\/puy-de-dome-63\/thiers\\\u00a0\u00bb,\\\u00a0\u00bbtitle\\\u00a0\u00bb:\\\u00a0\u00bbThiers\\\u00a0\u00bb},{\\\u00a0\u00bbpath\\\u00a0\u00bb:\\\u00a0\u00bb\/auvergne-rhone-alpes\/puy-de-dome-63\/aubiere\\\u00a0\u00bb,\\\u00a0\u00bbtitle\\\u00a0\u00bb:\\\u00a0\u00bbAubi\u00e8re\\\u00a0\u00bb}]},{\\\u00a0\u00bbslug\\\u00a0\u00bb:\\\u00a0\u00bbrhone-69\\\u00a0\u00bb,\\\u00a0\u00bbtitle\\\u00a0\u00bb:\\\u00a0\u00bbRh\u00f4ne\\\u00a0\u00bb,\\\u00a0\u00bbtitleArticle\\\u00a0\u00bb:\\\u00a0\u00bbdu \\\u00a0\u00bb,\\\u00a0\u00bblocale\\\u00a0\u00bb:{\\\u00a0\u00bbmain\\\u00a0\u00bb:\\\u00a0\u00bbpays-d-auvergne\\\u00a0\u00bb,\\\u00a0\u00bbnearest\\\u00a0\u00bb:[\\\u00a0\u00bbisere\\\u00a0\u00bb,\\\u00a0\u00bbpays-de-savoie\\\u00a0\u00bb]},\\\u00a0\u00bbnearestDepartment\\\u00a0\u00bb:[\\\u00a0\u00bbsaone-et-loire-71\\\u00a0\u00bb,\\\u00a0\u00bbain-01\\\u00a0\u00bb,\\\u00a0\u00bbisere-38\\\u00a0\u00bb,\\\u00a0\u00bbloire-42\\\u00a0\u00bb],\\\u00a0\u00bbcities\\\u00a0\u00bb:[{\\\u00a0\u00bbpath\\\u00a0\u00bb:\\\u00a0\u00bb\/auvergne-rhone-alpes\/rhone-69\/bron\\\u00a0\u00bb,\\\u00a0\u00bbtitle\\\u00a0\u00bb:\\\u00a0\u00bbBron\\\u00a0\u00bb},{\\\u00a0\u00bbpath\\\u00a0\u00bb:\\\u00a0\u00bb\/auvergne-rhone-alpes\/rhone-69\/caluire-et-cuire\\\u00a0\u00bb,\\\u00a0\u00bbtitle\\\u00a0\u00bb:\\\u00a0\u00bbCaluire-et-Cuire\\\u00a0\u00bb},{\\\u00a0\u00bbpath\\\u00a0\u00bb:\\\u00a0\u00bb\/auvergne-rhone-alpes\/rhone-69\/lyon\\\u00a0\u00bb,\\\u00a0\u00bbtitle\\\u00a0\u00bb:\\\u00a0\u00bbLyon\\\u00a0\u00bb},{\\\u00a0\u00bbpath\\\u00a0\u00bb:\\\u00a0\u00bb\/auvergne-rhone-alpes\/rhone-69\/meyzieu\\\u00a0\u00bb,\\\u00a0\u00bbtitle\\\u00a0\u00bb:\\\u00a0\u00bbMeyzieu\\\u00a0\u00bb},{\\\u00a0\u00bbpath\\\u00a0\u00bb:\\\u00a0\u00bb\/auvergne-rhone-alpes\/rhone-69\/saint-priest\\\u00a0\u00bb,\\\u00a0\u00bbtitle\\\u00a0\u00bb:\\\u00a0\u00bbSaint-Priest\\\u00a0\u00bb},{\\\u00a0\u00bbpath\\\u00a0\u00bb:\\\u00a0\u00bb\/auvergne-rhone-alpes\/rhone-69\/vaulx-en-velin\\\u00a0\u00bb,\\\u00a0\u00bbtitle\\\u00a0\u00bb:\\\u00a0\u00bbVaulx-en-Velin\\\u00a0\u00bb},{\\\u00a0\u00bbpath\\\u00a0\u00bb:\\\u00a0\u00bb\/auvergne-rhone-alpes\/rhone-69\/villefranche-sur-saone\\\u00a0\u00bb,\\\u00a0\u00bbtitle\\\u00a0\u00bb:\\\u00a0\u00bbVillefranche-sur-Sa\u00f4ne\\\u00a0\u00bb},{\\\u00a0\u00bbpath\\\u00a0\u00bb:\\\u00a0\u00bb\/auvergne-rhone-alpes\/rhone-69\/villeurbanne\\\u00a0\u00bb,\\\u00a0\u00bbtitle\\\u00a0\u00bb:\\\u00a0\u00bbVilleurbanne\\\u00a0\u00bb},{\\\u00a0\u00bbpath\\\u00a0\u00bb:\\\u00a0\u00bb\/auvergne-rhone-alpes\/rhone-69\/venissieux\\\u00a0\u00bb,\\\u00a0\u00bbtitle\\\u00a0\u00bb:\\\u00a0\u00bbV\u00e9nissieux\\\u00a0\u00bb},{\\\u00a0\u00bbpath\\\u00a0\u00bb:\\\u00a0\u00bb\/auvergne-rhone-alpes\/rhone-69\/rillieux-la-pape\\\u00a0\u00bb,\\\u00a0\u00bbtitle\\\u00a0\u00bb:\\\u00a0\u00bbRillieux-la-Pape\\\u00a0\u00bb}]},{\\\u00a0\u00bbslug\\\u00a0\u00bb:\\\u00a0\u00bbsavoie-73\\\u00a0\u00bb,\\\u00a0\u00bbtitle\\\u00a0\u00bb:\\\u00a0\u00bbSavoie\\\u00a0\u00bb,\\\u00a0\u00bbtitleArticle\\\u00a0\u00bb:\\\u00a0\u00bbde \\\u00a0\u00bb,\\\u00a0\u00bblocale\\\u00a0\u00bb:{\\\u00a0\u00bbmain\\\u00a0\u00bb:\\\u00a0\u00bbpays-de-savoie\\\u00a0\u00bb,\\\u00a0\u00bbnearest\\\u00a0\u00bb:[]},\\\u00a0\u00bbnearestDepartment\\\u00a0\u00bb:[\\\u00a0\u00bbain-01\\\u00a0\u00bb,\\\u00a0\u00bbhaute-savoie-74\\\u00a0\u00bb,\\\u00a0\u00bbhautes-alpes-05\\\u00a0\u00bb,\\\u00a0\u00bbisere-38\\\u00a0\u00bb],\\\u00a0\u00bbcities\\\u00a0\u00bb:[{\\\u00a0\u00bbpath\\\u00a0\u00bb:\\\u00a0\u00bb\/auvergne-rhone-alpes\/savoie-73\/aix-les-bains\\\u00a0\u00bb,\\\u00a0\u00bbtitle\\\u00a0\u00bb:\\\u00a0\u00bbAix-les-Bains\\\u00a0\u00bb},{\\\u00a0\u00bbpath\\\u00a0\u00bb:\\\u00a0\u00bb\/auvergne-rhone-alpes\/savoie-73\/albertville\\\u00a0\u00bb,\\\u00a0\u00bbtitle\\\u00a0\u00bb:\\\u00a0\u00bbAlbertville\\\u00a0\u00bb},{\\\u00a0\u00bbpath\\\u00a0\u00bb:\\\u00a0\u00bb\/auvergne-rhone-alpes\/savoie-73\/bourg-saint-maurice\\\u00a0\u00bb,\\\u00a0\u00bbtitle\\\u00a0\u00bb:\\\u00a0\u00bbBourg-Saint-Maurice\\\u00a0\u00bb},{\\\u00a0\u00bbpath\\\u00a0\u00bb:\\\u00a0\u00bb\/auvergne-rhone-alpes\/savoie-73\/chambery\\\u00a0\u00bb,\\\u00a0\u00bbtitle\\\u00a0\u00bb:\\\u00a0\u00bbChamb\u00e9ry\\\u00a0\u00bb},{\\\u00a0\u00bbpath\\\u00a0\u00bb:\\\u00a0\u00bb\/auvergne-rhone-alpes\/savoie-73\/cognin\\\u00a0\u00bb,\\\u00a0\u00bbtitle\\\u00a0\u00bb:\\\u00a0\u00bbCognin\\\u00a0\u00bb},{\\\u00a0\u00bbpath\\\u00a0\u00bb:\\\u00a0\u00bb\/auvergne-rhone-alpes\/savoie-73\/saint-jean-de-maurienne\\\u00a0\u00bb,\\\u00a0\u00bbtitle\\\u00a0\u00bb:\\\u00a0\u00bbSaint-Jean-de-Maurienne\\\u00a0\u00bb},{\\\u00a0\u00bbpath\\\u00a0\u00bb:\\\u00a0\u00bb\/auvergne-rhone-alpes\/savoie-73\/ugine\\\u00a0\u00bb,\\\u00a0\u00bbtitle\\\u00a0\u00bb:\\\u00a0\u00bbUgine\\\u00a0\u00bb},{\\\u00a0\u00bbpath\\\u00a0\u00bb:\\\u00a0\u00bb\/auvergne-rhone-alpes\/savoie-73\/entrelacs\\\u00a0\u00bb,\\\u00a0\u00bbtitle\\\u00a0\u00bb:\\\u00a0\u00bbEntrelacs\\\u00a0\u00bb},{\\\u00a0\u00bbpath\\\u00a0\u00bb:\\\u00a0\u00bb\/auvergne-rhone-alpes\/savoie-73\/motte-servolex\\\u00a0\u00bb,\\\u00a0\u00bbtitle\\\u00a0\u00bb:\\\u00a0\u00bbLa Motte-Servolex\\\u00a0\u00bb},{\\\u00a0\u00bbpath\\\u00a0\u00bb:\\\u00a0\u00bb\/auvergne-rhone-alpes\/savoie-73\/ravoire\\\u00a0\u00bb,\\\u00a0\u00bbtitle\\\u00a0\u00bb:\\\u00a0\u00bbLa Ravoire\\\u00a0\u00bb}]}],\\\u00a0\u00bbtitleArticle\\\u00a0\u00bb:\\\u00a0\u00bbd&rsquo;\\\u00a0\u00bb,\\\u00a0\u00bbtitleHtml\\\u00a0\u00bb:\\\u00a0\u00bbAuvergne-Rh\u00f4ne\u2011Alpes\\\u00a0\u00bb,\\\u00a0\u00bbnearestRegion\\\u00a0\u00bb:[\\\u00a0\u00bbcentre-val-de-loire\\\u00a0\u00bb,\\\u00a0\u00bbbourgogne-franche-comte\\\u00a0\u00bb,\\\u00a0\u00bbprovence-alpes-cote-dazur\\\u00a0\u00bb,\\\u00a0\u00bboccitanie\\\u00a0\u00bb,\\\u00a0\u00bbnouvelle-aquitaine\\\u00a0\u00bb],\\\u00a0\u00bbnearestLocales\\\u00a0\u00bb:[\\\u00a0\u00bbdrome-ardeche\\\u00a0\u00bb,\\\u00a0\u00bbisere\\\u00a0\u00bb,\\\u00a0\u00bbsaint-etienne-loire\\\u00a0\u00bb,\\\u00a0\u00bbpays-d-auvergne\\\u00a0\u00bb,\\\u00a0\u00bbpays-de-savoie\\\u00a0\u00bb]},\\\u00a0\u00bbdepartment\\\u00a0\u00bb:{\\\u00a0\u00bbslug\\\u00a0\u00bb:\\\u00a0\u00bbisere-38\\\u00a0\u00bb,\\\u00a0\u00bbtitle\\\u00a0\u00bb:\\\u00a0\u00bbIs\u00e8re\\\u00a0\u00bb,\\\u00a0\u00bbtitleArticle\\\u00a0\u00bb:\\\u00a0\u00bbde l&rsquo;\\\u00a0\u00bb,\\\u00a0\u00bblocale\\\u00a0\u00bb:{\\\u00a0\u00bbmain\\\u00a0\u00bb:\\\u00a0\u00bbisere\\\u00a0\u00bb,\\\u00a0\u00bbnearest\\\u00a0\u00bb:[]},\\\u00a0\u00bbnearestDepartment\\\u00a0\u00bb:[\\\u00a0\u00bbrhone-69\\\u00a0\u00bb,\\\u00a0\u00bbain-01\\\u00a0\u00bb,\\\u00a0\u00bbsavoie-73\\\u00a0\u00bb,\\\u00a0\u00bbhautes-alpes-05\\\u00a0\u00bb,\\\u00a0\u00bbdrome-26\\\u00a0\u00bb,\\\u00a0\u00bbardeche-07\\\u00a0\u00bb],\\\u00a0\u00bbcities\\\u00a0\u00bb:[{\\\u00a0\u00bbpath\\\u00a0\u00bb:\\\u00a0\u00bb\/auvergne-rhone-alpes\/isere-38\/bourgoin-jallieu\\\u00a0\u00bb,\\\u00a0\u00bbtitle\\\u00a0\u00bb:\\\u00a0\u00bbBourgoin-Jallieu\\\u00a0\u00bb},{\\\u00a0\u00bbpath\\\u00a0\u00bb:\\\u00a0\u00bb\/auvergne-rhone-alpes\/isere-38\/fontaine\\\u00a0\u00bb,\\\u00a0\u00bbtitle\\\u00a0\u00bb:\\\u00a0\u00bbFontaine\\\u00a0\u00bb},{\\\u00a0\u00bbpath\\\u00a0\u00bb:\\\u00a0\u00bb\/auvergne-rhone-alpes\/isere-38\/grenoble\\\u00a0\u00bb,\\\u00a0\u00bbtitle\\\u00a0\u00bb:\\\u00a0\u00bbGrenoble\\\u00a0\u00bb},{\\\u00a0\u00bbpath\\\u00a0\u00bb:\\\u00a0\u00bb\/auvergne-rhone-alpes\/isere-38\/meylan\\\u00a0\u00bb,\\\u00a0\u00bbtitle\\\u00a0\u00bb:\\\u00a0\u00bbMeylan\\\u00a0\u00bb},{\\\u00a0\u00bbpath\\\u00a0\u00bb:\\\u00a0\u00bb\/auvergne-rhone-alpes\/isere-38\/saint-martin-dheres\\\u00a0\u00bb,\\\u00a0\u00bbtitle\\\u00a0\u00bb:\\\u00a0\u00bbSaint-Martin-d&rsquo;H\u00e8res\\\u00a0\u00bb},{\\\u00a0\u00bbpath\\\u00a0\u00bb:\\\u00a0\u00bb\/auvergne-rhone-alpes\/isere-38\/vienne\\\u00a0\u00bb,\\\u00a0\u00bbtitle\\\u00a0\u00bb:\\\u00a0\u00bbVienne\\\u00a0\u00bb},{\\\u00a0\u00bbpath\\\u00a0\u00bb:\\\u00a0\u00bb\/auvergne-rhone-alpes\/isere-38\/villefontaine\\\u00a0\u00bb,\\\u00a0\u00bbtitle\\\u00a0\u00bb:\\\u00a0\u00bbVillefontaine\\\u00a0\u00bb},{\\\u00a0\u00bbpath\\\u00a0\u00bb:\\\u00a0\u00bb\/auvergne-rhone-alpes\/isere-38\/voiron\\\u00a0\u00bb,\\\u00a0\u00bbtitle\\\u00a0\u00bb:\\\u00a0\u00bbVoiron\\\u00a0\u00bb},{\\\u00a0\u00bbpath\\\u00a0\u00bb:\\\u00a0\u00bb\/auvergne-rhone-alpes\/isere-38\/echirolles\\\u00a0\u00bb,\\\u00a0\u00bbtitle\\\u00a0\u00bb:\\\u00a0\u00bb\u00c9chirolles\\\u00a0\u00bb},{\\\u00a0\u00bbpath\\\u00a0\u00bb:\\\u00a0\u00bb\/auvergne-rhone-alpes\/isere-38\/isle-dabeau\\\u00a0\u00bb,\\\u00a0\u00bbtitle\\\u00a0\u00bb:\\\u00a0\u00bbL&rsquo;Isle-d&rsquo;Abeau\\\u00a0\u00bb}],\\\u00a0\u00bbregionSlug\\\u00a0\u00bb:\\\u00a0\u00bbauvergne-rhone-alpes\\\u00a0\u00bb},\\\u00a0\u00bbcity\\\u00a0\u00bb:null}],\\\u00a0\u00bbeditorialInfo\\\u00a0\u00bb:{\\\u00a0\u00bbstrPublishedDate\\\u00a0\u00bb:\\\u00a0\u00bbjeudi 4 septembre 2025 \u00e0 14:30\\\u00a0\u00bb,\\\u00a0\u00bbpublishedDateISOString\\\u00a0\u00bb:\\\u00a0\u00bb2025-09-04T12:30:02.000Z\\\u00a0\u00bb,\\\u00a0\u00bbstrManualUpdate\\\u00a0\u00bb:null,\\\u00a0\u00bbmanualUpdateISOString\\\u00a0\u00bb:null,\\\u00a0\u00bbauthors\\\u00a0\u00bb:[{\\\u00a0\u00bbtitle\\\u00a0\u00bb:\\\u00a0\u00bbCharlotte Martinez\\\u00a0\u00bb,\\\u00a0\u00bbvisual\\\u00a0\u00bb:null}]},\\\u00a0\u00bbvisual\\\u00a0\u00bb:{\\\u00a0\u00bbsquare\\\u00a0\u00bb:{\\\u00a0\u00bbjpg\\\u00a0\u00bb:[],\\\u00a0\u00bbwebp\\\u00a0\u00bb:[]},\\\u00a0\u00bbnormal\\\u00a0\u00bb:{\\\u00a0\u00bbjpg\\\u00a0\u00bb:[{\\\u00a0\u00bbw\\\u00a0\u00bb:320,\\\u00a0\u00bburl\\\u00a0\u00bb:\\\u00a0\u00bbhttps:\/\/www.francebleu.fr\/s3\/cruiser-production-eu3\/2025\/08\/4077fff7-5472-4d3d-8700-5894dc2d62e3\/320x170_sc_sc_course-des-gracons-de-cafe.jpg\\\u00a0\u00bb},{\\\u00a0\u00bbw\\\u00a0\u00bb:560,\\\u00a0\u00bburl\\\u00a0\u00bb:\\\u00a0\u00bbhttps:\/\/www.francebleu.fr\/s3\/cruiser-production-eu3\/2025\/08\/4077fff7-5472-4d3d-8700-5894dc2d62e3\/560x315_sc_sc_course-des-gracons-de-cafe.jpg\\\u00a0\u00bb},{\\\u00a0\u00bbw\\\u00a0\u00bb:1200,\\\u00a0\u00bburl\\\u00a0\u00bb:\\\u00a0\u00bbhttps:\/\/www.francebleu.fr\/s3\/cruiser-production-eu3\/2025\/08\/4077fff7-5472-4d3d-8700-5894dc2d62e3\/1200x680_sc_sc_course-des-gracons-de-cafe.jpg\\\u00a0\u00bb}],\\\u00a0\u00bbwebp\\\u00a0\u00bb:[{\\\u00a0\u00bbw\\\u00a0\u00bb:320,\\\u00a0\u00bburl\\\u00a0\u00bb:\\\u00a0\u00bbhttps:\/\/www.francebleu.fr\/s3\/cruiser-production-eu3\/2025\/08\/4077fff7-5472-4d3d-8700-5894dc2d62e3\/320x170_sc_sc_course-des-gracons-de-cafe.webp\\\u00a0\u00bb},{\\\u00a0\u00bbw\\\u00a0\u00bb:560,\\\u00a0\u00bburl\\\u00a0\u00bb:\\\u00a0\u00bbhttps:\/\/www.francebleu.fr\/s3\/cruiser-production-eu3\/2025\/08\/4077fff7-5472-4d3d-8700-5894dc2d62e3\/560x315_sc_sc_course-des-gracons-de-cafe.webp\\\u00a0\u00bb},{\\\u00a0\u00bbw\\\u00a0\u00bb:1200,\\\u00a0\u00bburl\\\u00a0\u00bb:\\\u00a0\u00bbhttps:\/\/www.francebleu.fr\/s3\/cruiser-production-eu3\/2025\/08\/4077fff7-5472-4d3d-8700-5894dc2d62e3\/1200x680_sc_sc_course-des-gracons-de-cafe.webp\\\u00a0\u00bb}]},\\\u00a0\u00bbpreview\\\u00a0\u00bb:\\\u00a0\u00bbdata:image\/jpeg;base64,\/9j\/2wBDACgcHiMeGSgjISMtKygwPGRBPDc3PHtYXUlkkYCZlo+AjIqgtObDoKrarYqMyP\/L2u71\/\/\/\/m8H\/\/\/\/6\/+b9\/\/j\/2wBDASstLTw1PHZBQXb4pYyl+Pj4+Pj4+Pj4+Pj4+Pj4+Pj4+Pj4+Pj4+Pj4+Pj4+Pj4+Pj4+Pj4+Pj4+Pj4+Pj4+Pj\/wAARCAAXACoDASIAAhEBAxEB\/8QAFwABAQEBAAAAAAAAAAAAAAAAAAECBP\/EABUQAQEAAAAAAAAAAAAAAAAAAAAB\/8QAGQEAAwADAAAAAAAAAAAAAAAAAAECAwQF\/8QAFREBAQAAAAAAAAAAAAAAAAAAAAH\/2gAMAwEAAhEDEQA\/AOtYy1HPsbCgJJEUVKTKwFU1UGOgQAH\/2Q==\\\u00a0\u00bb,\\\u00a0\u00bblegend\\\u00a0\u00bb:\\\u00a0\u00bbLa Course des Gar\u00e7ons de Caf\u00e9 \u00e0 Grenoble et Vienne\\\u00a0\u00bb,\\\u00a0\u00bbcopyright\\\u00a0\u00bb:false,\\\u00a0\u00bbauthor\\\u00a0\u00bb:\\\u00a0\u00bb\\\u00a0\u00bb}}},\\\u00a0\u00bbdisplay\\\u00a0\u00bb:{\\\u00a0\u00bbnewsFlash\\\u00a0\u00bb:[],\\\u00a0\u00bbhighBanner\\\u00a0\u00bb:true}}\u00a0\u00bb}<\/p>\n","protected":false},"excerpt":{"rendered":"Un incontournable de la rentr\u00e9e, une course mais pas n&rsquo;importe laquelle\u00a0! Il s&rsquo;agit de la course des gar\u00e7ons&hellip;\n","protected":false},"author":2,"featured_media":367500,"comment_status":"","ping_status":"","sticky":false,"template":"","format":"standard","meta":{"footnotes":""},"categories":[9566],"tags":[1111,11,2430,1777,674,1011,27,2731,12,25],"class_list":{"0":"post-367499","1":"post","2":"type-post","3":"status-publish","4":"format-standard","5":"has-post-thumbnail","7":"category-grenoble","8":"tag-actu","9":"tag-actualites","10":"tag-auvergne-rhone-alpes","11":"tag-eu","12":"tag-europe","13":"tag-fr","14":"tag-france","15":"tag-grenoble","16":"tag-news","17":"tag-republique-francaise"},"share_on_mastodon":{"url":"https:\/\/pubeurope.com\/@fr\/115150246604710545","error":""},"_links":{"self":[{"href":"https:\/\/www.europesays.com\/fr\/wp-json\/wp\/v2\/posts\/367499","targetHints":{"allow":["GET"]}}],"collection":[{"href":"https:\/\/www.europesays.com\/fr\/wp-json\/wp\/v2\/posts"}],"about":[{"href":"https:\/\/www.europesays.com\/fr\/wp-json\/wp\/v2\/types\/post"}],"author":[{"embeddable":true,"href":"https:\/\/www.europesays.com\/fr\/wp-json\/wp\/v2\/users\/2"}],"replies":[{"embeddable":true,"href":"https:\/\/www.europesays.com\/fr\/wp-json\/wp\/v2\/comments?post=367499"}],"version-history":[{"count":0,"href":"https:\/\/www.europesays.com\/fr\/wp-json\/wp\/v2\/posts\/367499\/revisions"}],"wp:featuredmedia":[{"embeddable":true,"href":"https:\/\/www.europesays.com\/fr\/wp-json\/wp\/v2\/media\/367500"}],"wp:attachment":[{"href":"https:\/\/www.europesays.com\/fr\/wp-json\/wp\/v2\/media?parent=367499"}],"wp:term":[{"taxonomy":"category","embeddable":true,"href":"https:\/\/www.europesays.com\/fr\/wp-json\/wp\/v2\/categories?post=367499"},{"taxonomy":"post_tag","embeddable":true,"href":"https:\/\/www.europesays.com\/fr\/wp-json\/wp\/v2\/tags?post=367499"}],"curies":[{"name":"wp","href":"https:\/\/api.w.org\/{rel}","templated":true}]}}