{"id":367501,"date":"2025-09-05T06:21:10","date_gmt":"2025-09-05T06:21:10","guid":{"rendered":"https:\/\/www.europesays.com\/fr\/367501\/"},"modified":"2025-09-05T06:21:10","modified_gmt":"2025-09-05T06:21:10","slug":"bienveillance-et-accueil-des-valeurs-partagees-au-sein-du-campus-frassati-gere-par-le-diocese-a-rennes","status":"publish","type":"post","link":"https:\/\/www.europesays.com\/fr\/367501\/","title":{"rendered":"\u00ab\u00a0Bienveillance et accueil\u00a0\u00bb, des valeurs partag\u00e9es au sein du campus Frassati g\u00e9r\u00e9 par le dioc\u00e8se \u00e0 Rennes"},"content":{"rendered":"<p>Alors qu&rsquo;il est toujours difficile de se loger \u00e0 Rennes pour faire ses \u00e9tudes, une nouvelle r\u00e9sidence vient d&rsquo;ouvrir g\u00e9r\u00e9e par le dioc\u00e8se.<\/p>\n<p>Une bouff\u00e9e d&rsquo;air en pleine crise du logement. A Rennes, une petite centaine d&rsquo;\u00e9tudiants ont eu moins de difficult\u00e9s pour se loger cette ann\u00e9e dans la capitale bretonne. Ils vivent depuis ce week-end dans une toute nouvelle r\u00e9sidence \u00e9tudiante en plein centre-ville, sur le site de l&rsquo;H\u00f4tel-Dieu.<\/p>\n<p>Un site neuf et grand<\/p>\n<p>Le nom de cette r\u00e9sidence\u00a0: le campus Frassati qui compte 3 800m2 r\u00e9partis en 3 b\u00e2timents. Le lieu a \u00e9t\u00e9 financ\u00e9 et est g\u00e9r\u00e9 par le dioc\u00e8se de Rennes. Les jeunes qui le d\u00e9couvrent depuis quelques jours en sont ravis. A l&rsquo;image d&rsquo;Albane, 20 ans, \u00e9tudiante en 3e ann\u00e9e de m\u00e9decine \u00e0 Villejean. Elle vient de s&rsquo;y installer en colocation avec une amie, Louane.<\/p>\n<p>On y trouve tous les \u00e9quipements n\u00e9cessaire et m\u00eame une chapelle<\/p>\n<p>Le campus Frassati comprend plusieurs salle d&rsquo;\u00e9tudes, une salle \u00e0 manger et une cuisine commune, une grande salle de convivialit\u00e9, une laverie, un garage \u00e0 v\u00e9lo ainsi qu&rsquo;une chapelle. Un \u00e9tablissement qui a co\u00fbt\u00e9 13 millions d&rsquo;euros, financ\u00e9 par le dioc\u00e8se de Rennes. 2\/3 sur emprunt, le reste sur fonds propre.<\/p>\n","protected":false},"excerpt":{"rendered":"Alors qu&rsquo;il est toujours difficile de se loger \u00e0 Rennes pour faire ses \u00e9tudes, une nouvelle r\u00e9sidence vient&hellip;\n","protected":false},"author":2,"featured_media":367502,"comment_status":"","ping_status":"","sticky":false,"template":"","format":"standard","meta":{"footnotes":""},"categories":[2821],"tags":[1111,11,829,1777,674,1011,27,12,584,25],"class_list":{"0":"post-367501","1":"post","2":"type-post","3":"status-publish","4":"format-standard","5":"has-post-thumbnail","7":"category-rennes","8":"tag-actu","9":"tag-actualites","10":"tag-bretagne","11":"tag-eu","12":"tag-europe","13":"tag-fr","14":"tag-france","15":"tag-news","16":"tag-rennes","17":"tag-republique-francaise"},"share_on_mastodon":{"url":"https:\/\/pubeurope.com\/@fr\/115150250583364164","error":""},"_links":{"self":[{"href":"https:\/\/www.europesays.com\/fr\/wp-json\/wp\/v2\/posts\/367501","targetHints":{"allow":["GET"]}}],"collection":[{"href":"https:\/\/www.europesays.com\/fr\/wp-json\/wp\/v2\/posts"}],"about":[{"href":"https:\/\/www.europesays.com\/fr\/wp-json\/wp\/v2\/types\/post"}],"author":[{"embeddable":true,"href":"https:\/\/www.europesays.com\/fr\/wp-json\/wp\/v2\/users\/2"}],"replies":[{"embeddable":true,"href":"https:\/\/www.europesays.com\/fr\/wp-json\/wp\/v2\/comments?post=367501"}],"version-history":[{"count":0,"href":"https:\/\/www.europesays.com\/fr\/wp-json\/wp\/v2\/posts\/367501\/revisions"}],"wp:featuredmedia":[{"embeddable":true,"href":"https:\/\/www.europesays.com\/fr\/wp-json\/wp\/v2\/media\/367502"}],"wp:attachment":[{"href":"https:\/\/www.europesays.com\/fr\/wp-json\/wp\/v2\/media?parent=367501"}],"wp:term":[{"taxonomy":"category","embeddable":true,"href":"https:\/\/www.europesays.com\/fr\/wp-json\/wp\/v2\/categories?post=367501"},{"taxonomy":"post_tag","embeddable":true,"href":"https:\/\/www.europesays.com\/fr\/wp-json\/wp\/v2\/tags?post=367501"}],"curies":[{"name":"wp","href":"https:\/\/api.w.org\/{rel}","templated":true}]}}