{"id":367503,"date":"2025-09-05T06:22:13","date_gmt":"2025-09-05T06:22:13","guid":{"rendered":"https:\/\/www.europesays.com\/fr\/367503\/"},"modified":"2025-09-05T06:22:13","modified_gmt":"2025-09-05T06:22:13","slug":"des-caisses-a-savon-devalent-le-bourg-de-cette-commune-samedi","status":"publish","type":"post","link":"https:\/\/www.europesays.com\/fr\/367503\/","title":{"rendered":"des caisses \u00e0 savon d\u00e9valent le bourg de cette commune samedi"},"content":{"rendered":"<p>            Par<br \/>\n        <strong><br \/>\n            <a href=\"https:\/\/actu.fr\/auteur\/redaction-jv\" title=\"Consulter tous les articles de R\u00e9daction Vitr\u00e9\" rel=\"nofollow noopener\" target=\"_blank\">R\u00e9daction Vitr\u00e9<\/a><br \/>\n        <\/strong><\/p>\n<p>        Publi\u00e9 le<\/p>\n<p>            5 sept. 2025 \u00e0 7h16        <\/p>\n<p><b>La caisse \u00e0 savon,<\/b> en bois, \u00e9tait pleine aux \u00c9tats-Unis dans les ann\u00e9es 1930. En 1933, un commer\u00e7ant aurait mis dans les caisses \u00e0 savon un plan de construction de v\u00e9hicule \u00e0 fabriquer, avec les planches de la caisse vide. Depuis elles ont bien \u00e9volu\u00e9, mais l\u2019esprit de d\u00e9part reste le m\u00eame.<\/p>\n<p class=\" wall-content\"><b>Pas de moteur, thermique ou \u00e9lectrique.<\/b> Pas de p\u00e9dales, mais <b>deux freins <\/b>et une direction avec un volant, la propulsion se faisant uniquement par la gravit\u00e9, la pente de la route. La s\u00e9curit\u00e9 du pilote est assur\u00e9e avec gants, manches longues, casques, ceintures\u2026<\/p>\n<p>1 200 bottes de paille<\/p>\n<p class=\" wall-content\"><b>La s\u00e9curit\u00e9 du circuit<\/b> revient \u00e0 sept commissaires avec drapeaux pour signaler tout incident de course. Cette activit\u00e9 est r\u00e9gie par le site officiel de la F\u00e9d\u00e9ration fran\u00e7aise des caisses \u00e0 savon (FFCAS).<\/p>\n<p class=\" wall-content\">Le circuit est soigneusement inspect\u00e9, balis\u00e9 et prot\u00e9g\u00e9, avec voitures b\u00e9liers et rues ferm\u00e9es, Vigipirate oblige.<\/p>\n<p class=\" wall-content\">\u00ab <b>1 200 bottes de paille<\/b> : 400, d\u2019un agriculteur de Noyal et 800 par Ghislain Bonnot, qui serviront ensuite \u00e0 l\u2019isolation dans le secteur du b\u00e2timent. 300 piquets plant\u00e9s dans ces bottes pour soutenir le kilom\u00e8tre de rubalise destin\u00e9 \u00e0 baliser le circuit sur les presque 500 m\u00e8tres allant du Corner bistro jusqu\u2019\u00e0 la gare \u00bb, comptabilise Louis Hubert, coordinateur noyalais du <b>T\u00e9l\u00e9thon<\/b> et pr\u00e9sident de <b>Challenges Solidarit\u00e9 Noyal,<\/b> association organisatrice de l\u2019\u00e9v\u00e9nement, pr\u00e9vu <b>ce samedi 6 septembre dans le bourg de Noyal-sur-Vilaine<\/b> (Ille-et-Vilaine).<\/p>\n<p>Vid\u00e9os : en ce moment sur Actu<\/p>\n<p class=\" wall-content\">Louis verra aussi, deux de ses petits-enfants, les jumeaux Mathieu et Samuel, 12\u00a0ans, d\u00e9valer <b>le boulevard Barbot<\/b> \u00e0 bord de \u00ab volant fou \u00bb, une caisse pr\u00eat\u00e9e par un habitant de Pir\u00e9.<\/p>\n<p>Votre r\u00e9gion, votre actu !<\/p>\n<p>Recevez chaque jour les infos qui comptent pour vous.<\/p>\n<p>\t<a href=\"https:\/\/actu.fr\/newsletter\" class=\"ac-btn ac-btn--corner ac-btn--medium ac-btn--blue800\" rel=\"nofollow noopener\" target=\"_blank\">S&rsquo;incrire<\/a><\/p>\n<p class=\" wall-content\">Un volant plus habitu\u00e9 \u00e0 une position verticale dans les airs au bout d\u2019une raquette de badminton, mais original avec son allure futuriste et a\u00e9rodynamique.<\/p>\n<p>Le programme de la journ\u00e9e \u00e0 Noyal-sur-Vilaine<\/p>\n<p class=\" wall-content\">Samedi 6\u00a0septembre, d\u00e8s 8 h, place aux <b>contr\u00f4les et homologations.<\/b> \u00c0 10 h, <b>essais et reconnaissance du circuit<\/b>. \u00c0 11 h, premi\u00e8re course et remont\u00e9e des bolides par des quads.<\/p>\n<p class=\" wall-content\">De 12 h \u00e0 13 h 30, pause d\u00e9jeuner, mais <b>animation de rue<\/b> avec une professionnelle au centre-ville avec restauration.<\/p>\n<p class=\" wall-content\">L\u2019apr\u00e8s-midi, <b>deux courses officielles<\/b> auront lieu. \u00c0 17 h, musique avec la fanfare de Janz\u00e9. Enfin, une grande parade r\u00e9unira tous les participants pour un d\u00e9fil\u00e9 sur tout le circuit avec les pilotes et leurs caisses r\u00e9unis.<\/p>\n<p class=\" wall-content\">Cette premi\u00e8re \u00e9dition est organis\u00e9e <b>au profit du T\u00e9l\u00e9thon noyalais,<\/b> avec les seuls b\u00e9n\u00e9fices des cinq buvettes et de la restauration, l\u2019entr\u00e9e \u00e9tant gratuite pour ce spectacle original et spectaculaire qui d\u00e9butera d\u00e8s 10 h pour les essais.<\/p>\n<p>Pratique : samedi 6\u00a0septembre, centre-ville de Noyal, course de caisses \u00e0 savon \u00e0 partir de 10 h (essais). Contr\u00f4le et homologation \u00e0 8 h. Gratuit. Restauration et buvettes sur le parcours au profit du T\u00e9l\u00e9thon.<\/p>\n<p class=\" wall-content\">Personnalisez votre actualit\u00e9 en ajoutant vos villes et m\u00e9dias en favori avec <a href=\"https:\/\/moncompte.actu.fr\" title=\"D\u00e9couvez Mon Actu\" rel=\"nofollow noopener\" data-trk=\"{&quot;cta&quot;:{&quot;action&quot;:&quot;https:\\\/\\\/moncompte.actu.fr&quot;,&quot;category&quot;:&quot;mon compte&quot;,&quot;from&quot;:&quot;article footer&quot;,&quot;name&quot;:&quot;Mon actu&quot;,&quot;type&quot;:&quot;cta&quot;}}\" target=\"_blank\">Mon Actu<\/a>.<\/p>\n","protected":false},"excerpt":{"rendered":"Par R\u00e9daction Vitr\u00e9 Publi\u00e9 le 5 sept. 2025 \u00e0 7h16 La caisse \u00e0 savon, en bois, \u00e9tait pleine&hellip;\n","protected":false},"author":2,"featured_media":367504,"comment_status":"","ping_status":"","sticky":false,"template":"","format":"standard","meta":{"footnotes":""},"categories":[2821],"tags":[1111,11,829,1777,674,1011,27,12,584,25,104],"class_list":{"0":"post-367503","1":"post","2":"type-post","3":"status-publish","4":"format-standard","5":"has-post-thumbnail","7":"category-rennes","8":"tag-actu","9":"tag-actualites","10":"tag-bretagne","11":"tag-eu","12":"tag-europe","13":"tag-fr","14":"tag-france","15":"tag-news","16":"tag-rennes","17":"tag-republique-francaise","18":"tag-societe"},"share_on_mastodon":{"url":"https:\/\/pubeurope.com\/@fr\/115150254575459175","error":""},"_links":{"self":[{"href":"https:\/\/www.europesays.com\/fr\/wp-json\/wp\/v2\/posts\/367503","targetHints":{"allow":["GET"]}}],"collection":[{"href":"https:\/\/www.europesays.com\/fr\/wp-json\/wp\/v2\/posts"}],"about":[{"href":"https:\/\/www.europesays.com\/fr\/wp-json\/wp\/v2\/types\/post"}],"author":[{"embeddable":true,"href":"https:\/\/www.europesays.com\/fr\/wp-json\/wp\/v2\/users\/2"}],"replies":[{"embeddable":true,"href":"https:\/\/www.europesays.com\/fr\/wp-json\/wp\/v2\/comments?post=367503"}],"version-history":[{"count":0,"href":"https:\/\/www.europesays.com\/fr\/wp-json\/wp\/v2\/posts\/367503\/revisions"}],"wp:featuredmedia":[{"embeddable":true,"href":"https:\/\/www.europesays.com\/fr\/wp-json\/wp\/v2\/media\/367504"}],"wp:attachment":[{"href":"https:\/\/www.europesays.com\/fr\/wp-json\/wp\/v2\/media?parent=367503"}],"wp:term":[{"taxonomy":"category","embeddable":true,"href":"https:\/\/www.europesays.com\/fr\/wp-json\/wp\/v2\/categories?post=367503"},{"taxonomy":"post_tag","embeddable":true,"href":"https:\/\/www.europesays.com\/fr\/wp-json\/wp\/v2\/tags?post=367503"}],"curies":[{"name":"wp","href":"https:\/\/api.w.org\/{rel}","templated":true}]}}