{"id":367505,"date":"2025-09-05T06:23:12","date_gmt":"2025-09-05T06:23:12","guid":{"rendered":"https:\/\/www.europesays.com\/fr\/367505\/"},"modified":"2025-09-05T06:23:12","modified_gmt":"2025-09-05T06:23:12","slug":"strasbourg-strasculture-donne-rendez-vous-le-6-septembre-pour-preparer-ses-sorties-de-lannee","status":"publish","type":"post","link":"https:\/\/www.europesays.com\/fr\/367505\/","title":{"rendered":"Strasbourg. Strasculture donne rendez-vous le 6\u00a0septembre pour pr\u00e9parer ses sorties de l\u2019ann\u00e9e"},"content":{"rendered":"<p>Cette ann\u00e9e, il sera possible d\u2019\u00e9changer avec pr\u00e8s de 120 structures culturelles et de pratique artistique pour pr\u00e9parer ses loisirs et sorties culturelles de l\u2019ann\u00e9e.<\/p>\n<p>Les m\u00e9diath\u00e8ques et le Bibliobus seront de la partie\u00a0: l\u2019occasion de d\u00e9couvrir leur programmation culturelle, les services propos\u00e9s et les offres d\u2019abonnement. Un coin lecture sera install\u00e9, de m\u00eame qu\u2019un espace d\u00e9di\u00e9 aux jeux de soci\u00e9t\u00e9. Un espace r\u00e9serv\u00e9 aux jeunes de 11 \u00e0 25 ans permettra de retrouver tous les bons plans pour profiter de la richesse de l\u2019offre culturelle \u00e0 petits prix.<\/p>\n<p>  Place aux loisirs artistiques<\/p>\n<p>Plus de 40 associations de pratique artistique investiront la place du Ch\u00e2teau sous un espace mutualis\u00e9 pour conseiller sur les activit\u00e9s propos\u00e9es.<\/p>\n<p>Pour rappel, le moteur de recherche pour trouver son loisir artistique \u00e0 Strasbourg est accessible via le nouveau site culture de l\u2019Eurom\u00e9tropole de Strasbourg\u00a0: https:\/\/culture.strasbourg.eu\/pratiquer.<\/p>\n<p>Strasculture, c\u2019est aussi de nombreux spectacles, concerts, ateliers, visites guid\u00e9es, d\u00e9monstrations pour toute la famille, r\u00e9partis sur plusieurs espaces\u00a0:<br \/>&#8211; Place du Ch\u00e2teau, grande vari\u00e9t\u00e9 de spectacles avec du cirque, de la danse, de la musique ou du th\u00e9\u00e2tre\u00a0;<br \/>&#8211; Cour du Palais Rohan, chorales et orchestres interpr\u00e8tent des r\u00e9pertoires vari\u00e9s, de musiques celtiques, morceaux a capella, r\u00e9pertoire pop et bien d\u2019autres surprises\u00a0;<br \/>&#8211; Cour du 5e Lieu avec de la musique, du chant et de la danse\u00a0: une programmation pluridisciplinaire dans un cadre intimiste\u00a0;<br \/>&#8211; Terrasse du Palais Rohan, avec des d\u00e9monstrations de danse en tout genre et d\u2019impressionnants num\u00e9ros circassiens.<\/p>\n<p>Toute la journ\u00e9e de 10\u00a0h \u00e0 18\u00a0h, il sera \u00e9galement possible de (re) d\u00e9couvrir gratuitement les expositions des quatre mus\u00e9es de la Ville de Strasbourg situ\u00e9s autour de la place du Ch\u00e2teau (\u0152uvre Notre-Dame, Beaux-Arts, Arts d\u00e9coratifs, mus\u00e9e Arch\u00e9ologique).<\/p>\n<p>Le 5e Lieu ouvrira \u00e9galement ses portes, l\u2019occasion de profiter de l\u2019exposition permanente \u201cUn voyage \u00e0 Strasbourg\u201d, consacr\u00e9e \u00e0 la richesse de notre patrimoine.<\/p>\n<p>  Cadeaux \u00e0 gagner<\/p>\n<p>La roue de la chance permettra de tenter de gagner des cadeaux toute la journ\u00e9e. Un espace d\u00e9tente et une offre de restauration seront \u00e0 disposition pour faire une pause.<\/p>\n<p class=\"note\">Strasculture\u00a0: place du Ch\u00e2teau et ses environs. Samedi 6\u00a0septembre de 10\u00a0h \u00e0 19\u00a0h.<\/p>\n<p class=\"note\">Toute la programmation\u00a0sur\u00a0: culture.strasbourg.eu\/sortir\/strasculture\/<\/p>\n","protected":false},"excerpt":{"rendered":"Cette ann\u00e9e, il sera possible d\u2019\u00e9changer avec pr\u00e8s de 120 structures culturelles et de pratique artistique pour pr\u00e9parer&hellip;\n","protected":false},"author":2,"featured_media":367506,"comment_status":"","ping_status":"","sticky":false,"template":"","format":"standard","meta":{"footnotes":""},"categories":[2820],"tags":[1111,11,1687,2880,1777,674,107,1011,27,775,3035,12,2661,25,3140,640,2879],"class_list":{"0":"post-367505","1":"post","2":"type-post","3":"status-publish","4":"format-standard","5":"has-post-thumbnail","7":"category-strasbourg","8":"tag-actu","9":"tag-actualites","10":"tag-culture-loisirs","11":"tag-edition-strasbourg","12":"tag-eu","13":"tag-europe","14":"tag-fil-info","15":"tag-fr","16":"tag-france","17":"tag-grand-est","18":"tag-la-matinale-strasbourg","19":"tag-news","20":"tag-patrimoine-culturel","21":"tag-republique-francaise","22":"tag-spectacle","23":"tag-strasbourg","24":"tag-strasbourg-ville"},"share_on_mastodon":{"url":"https:\/\/pubeurope.com\/@fr\/115150258455071698","error":""},"_links":{"self":[{"href":"https:\/\/www.europesays.com\/fr\/wp-json\/wp\/v2\/posts\/367505","targetHints":{"allow":["GET"]}}],"collection":[{"href":"https:\/\/www.europesays.com\/fr\/wp-json\/wp\/v2\/posts"}],"about":[{"href":"https:\/\/www.europesays.com\/fr\/wp-json\/wp\/v2\/types\/post"}],"author":[{"embeddable":true,"href":"https:\/\/www.europesays.com\/fr\/wp-json\/wp\/v2\/users\/2"}],"replies":[{"embeddable":true,"href":"https:\/\/www.europesays.com\/fr\/wp-json\/wp\/v2\/comments?post=367505"}],"version-history":[{"count":0,"href":"https:\/\/www.europesays.com\/fr\/wp-json\/wp\/v2\/posts\/367505\/revisions"}],"wp:featuredmedia":[{"embeddable":true,"href":"https:\/\/www.europesays.com\/fr\/wp-json\/wp\/v2\/media\/367506"}],"wp:attachment":[{"href":"https:\/\/www.europesays.com\/fr\/wp-json\/wp\/v2\/media?parent=367505"}],"wp:term":[{"taxonomy":"category","embeddable":true,"href":"https:\/\/www.europesays.com\/fr\/wp-json\/wp\/v2\/categories?post=367505"},{"taxonomy":"post_tag","embeddable":true,"href":"https:\/\/www.europesays.com\/fr\/wp-json\/wp\/v2\/tags?post=367505"}],"curies":[{"name":"wp","href":"https:\/\/api.w.org\/{rel}","templated":true}]}}