{"id":367512,"date":"2025-09-05T06:27:23","date_gmt":"2025-09-05T06:27:23","guid":{"rendered":"https:\/\/www.europesays.com\/fr\/367512\/"},"modified":"2025-09-05T06:27:23","modified_gmt":"2025-09-05T06:27:23","slug":"gigalis-federe-une-douzaine-dentreprises","status":"publish","type":"post","link":"https:\/\/www.europesays.com\/fr\/367512\/","title":{"rendered":"Gigalis f\u00e9d\u00e8re une douzaine d\u2019entreprises"},"content":{"rendered":"<p>Op\u00e9rateur de services num\u00e9riques initi\u00e9 par la R\u00e9gion des Pays de la Loire, Gigalis a d\u00e9voil\u00e9 le 1er\u00a0septembre\u00a0le nom de la douzaine d\u2019entreprises*, et leurs partenaires technologiques, qui pourront accompagner les acteurs publics dans leurs projets d\u2019IA et de solutions \u00ab\u00a0open source\u00a0\u00bb.<\/p>\n<p>                                                <img decoding=\"async\" loading=\"lazy\" src=\"https:\/\/www.europesays.com\/fr\/wp-content\/uploads\/2025\/09\/IMG_2646-scaled-760x396-c-default.jpg\"   width=\"760\" height=\"396\" alt=\"Les repr\u00e9sentants des entreprises retenus pour la Fabrique IA territoriale\" aria-describedby=\"caption-post-161044\"\/><\/p>\n<p id=\"caption-attachment-161044\" class=\"wp-caption-text\">Entreprises laur\u00e9ates, responsables de Gigalis et de la R\u00e9gion ont lanc\u00e9 officiellement la Fabrique IA territoriale ERIC CABANAS &#8211; IJ<\/p>\n<p>Ces douze entreprises expertes retenues sont d\u00e9sormais r\u00e9unies au sein d\u2019un dispositif collectif baptis\u00e9 la \u00ab\u00a0Fabrique IA territoriale\u00a0\u00bb. Cette centrale d\u2019achat\u00a0de Gigalis permet \u00e0 ces entreprises de faire conna\u00eetre leur expertise, d\u2019acc\u00e9der aux m\u00eames capacit\u00e9s que les grands groupes r\u00e9f\u00e9renc\u00e9s dans des centrales d\u2019achat\u00a0nationales et d\u2019\u00e9viter l\u2019\u00e9cueil de la longue et co\u00fbteuse proc\u00e9dure de la commande publique puisque c\u2019est Gigalis qui est l\u2019interlocuteur des acteurs publics. Cela\u00a0leur assure ainsi un accompagnement personnalis\u00e9 dans un souci de souverainet\u00e9 et de s\u00e9curit\u00e9. Ceux-ci se voient ainsi faciliter l\u2019acc\u00e8s \u00e0 des solutions num\u00e9riques strat\u00e9giques.<\/p>\n<p>D\u2019autant plus que Gigalis d\u00e9veloppe cette souverainet\u00e9 compl\u00e8te sur ses outils, \u00e9tant propri\u00e9taire de ses services tr\u00e8s haut d\u00e9bit, de ses plateformes de s\u00e9curit\u00e9 et d\u2019h\u00e9bergement et de son propre data center public aux Sables-d\u2019Olonne, qui doit \u00eatre op\u00e9ra\u2026<\/p>\n","protected":false},"excerpt":{"rendered":"Op\u00e9rateur de services num\u00e9riques initi\u00e9 par la R\u00e9gion des Pays de la Loire, Gigalis a d\u00e9voil\u00e9 le 1er\u00a0septembre\u00a0le&hellip;\n","protected":false},"author":2,"featured_media":367513,"comment_status":"","ping_status":"","sticky":false,"template":"","format":"standard","meta":{"footnotes":""},"categories":[2818],"tags":[1111,11,1777,674,1011,27,766,12,2636,25],"class_list":{"0":"post-367512","1":"post","2":"type-post","3":"status-publish","4":"format-standard","5":"has-post-thumbnail","7":"category-nantes","8":"tag-actu","9":"tag-actualites","10":"tag-eu","11":"tag-europe","12":"tag-fr","13":"tag-france","14":"tag-nantes","15":"tag-news","16":"tag-pays-de-la-loire","17":"tag-republique-francaise"},"share_on_mastodon":{"url":"https:\/\/pubeurope.com\/@fr\/115150274220633817","error":""},"_links":{"self":[{"href":"https:\/\/www.europesays.com\/fr\/wp-json\/wp\/v2\/posts\/367512","targetHints":{"allow":["GET"]}}],"collection":[{"href":"https:\/\/www.europesays.com\/fr\/wp-json\/wp\/v2\/posts"}],"about":[{"href":"https:\/\/www.europesays.com\/fr\/wp-json\/wp\/v2\/types\/post"}],"author":[{"embeddable":true,"href":"https:\/\/www.europesays.com\/fr\/wp-json\/wp\/v2\/users\/2"}],"replies":[{"embeddable":true,"href":"https:\/\/www.europesays.com\/fr\/wp-json\/wp\/v2\/comments?post=367512"}],"version-history":[{"count":0,"href":"https:\/\/www.europesays.com\/fr\/wp-json\/wp\/v2\/posts\/367512\/revisions"}],"wp:featuredmedia":[{"embeddable":true,"href":"https:\/\/www.europesays.com\/fr\/wp-json\/wp\/v2\/media\/367513"}],"wp:attachment":[{"href":"https:\/\/www.europesays.com\/fr\/wp-json\/wp\/v2\/media?parent=367512"}],"wp:term":[{"taxonomy":"category","embeddable":true,"href":"https:\/\/www.europesays.com\/fr\/wp-json\/wp\/v2\/categories?post=367512"},{"taxonomy":"post_tag","embeddable":true,"href":"https:\/\/www.europesays.com\/fr\/wp-json\/wp\/v2\/tags?post=367512"}],"curies":[{"name":"wp","href":"https:\/\/api.w.org\/{rel}","templated":true}]}}