{"id":367514,"date":"2025-09-05T06:28:19","date_gmt":"2025-09-05T06:28:19","guid":{"rendered":"https:\/\/www.europesays.com\/fr\/367514\/"},"modified":"2025-09-05T06:28:19","modified_gmt":"2025-09-05T06:28:19","slug":"le-restaurant-ptite-pomme-et-sa-cuisine-du-marche-a-lhonneur","status":"publish","type":"post","link":"https:\/\/www.europesays.com\/fr\/367514\/","title":{"rendered":"le restaurant P&rsquo;tite Pomme et sa cuisine du march\u00e9 \u00e0 l&rsquo;honneur"},"content":{"rendered":"<p>            Par<br \/>\n        <strong><br \/>\n            <a href=\"https:\/\/actu.fr\/auteur\/laure-gentil\" title=\"Consulter tous les articles de Laure Gentil\" rel=\"nofollow noopener\" target=\"_blank\">Laure Gentil<\/a><br \/>\n        <\/strong><\/p>\n<p>        Publi\u00e9 le<\/p>\n<p>            5 sept. 2025 \u00e0 7h32        <\/p>\n<p>Les <strong>Tables de Nantes<\/strong> ont publi\u00e9 leur \u00e9dition de <strong>2025-2026<\/strong> et mettent trois restaurants \u00e0 l\u2019honneur dans la cat\u00e9gorie \u00ab\u2009Coups de Pouce\u2009\u00bb\u2009: <strong>Gwaien, Le Mirza et P\u2019tite Pomme<\/strong>. Ce dernier, ouvert en 2024, est un petit nouveau sur la sc\u00e8ne de la restauration nantaise mais a d\u00e9j\u00e0 trouv\u00e9 ses marques dans le quartier Four\u00e9.<\/p>\n<p class=\" wall-content\">Actu Nantes a rencontr\u00e9 le chef <strong>Ruddy Maisonneuve<\/strong> qui a donn\u00e9 son nom au restaurant et sa compagne <strong>Juliette Jovelin<\/strong>, qui tient la\u00a0salle. Ils vont participer ce vendredi soir <a href=\"https:\/\/actu.fr\/pays-de-la-loire\/nantes_44109\/nantes-la-billetterie-est-ouverte-pour-le-grand-week-end-gourmand_63106267.html\" rel=\"nofollow noopener\" target=\"_blank\">\u00e0 un d\u00eener \u00e0 quatre mains avec Gwaien, organis\u00e9 par le Voyage \u00e0 Nantes pour f\u00eater la nouvelle \u00e9dition du guide<\/a>. Rencontre.<\/p>\n<p class=\"ac-article-content__question wall-content\"><strong class=\"color-primary\">Actu : <\/strong>Comment vous \u00eates-vous rencontr\u00e9s et comment vous \u00eates-vous lanc\u00e9s dans la restauration ?<\/p>\n<p class=\" wall-content\"><strong class=\"color-primary\">Juliette Jovelin : <\/strong>On s&rsquo;est rencontr\u00e9s il y a un petit peu plus de 15 ans maintenant avec Ruddy. Lui a toujours \u00e9t\u00e9 dans la restauration et \u00e7a a toujours \u00e9t\u00e9 son objectif d&rsquo;ouvrir un restaurant. Moi, je n&rsquo;\u00e9tais pas vraiment l\u00e0-dedans. Du coup, j&rsquo;ai commenc\u00e9 un peu \u00e0 me former pour pouvoir l&rsquo;aider dans son projet. Avant, je faisais des \u00e9tudes pour \u00eatre assistante v\u00e9t\u00e9rinaire. Pendant cinq ans, j&rsquo;ai travaill\u00e9 au restaurant Lamaccotte et apr\u00e8s pour am\u00e9liorer mes connaissances sur le vin j&rsquo;ai travaill\u00e9 chez Malo Le Coarer, propri\u00e9taire de Mille et un vins. <\/p>\n<p class=\"ac-article-content__question wall-content\">Donc ouvrir un restaurant a toujours \u00e9t\u00e9 votre r\u00eave ? <\/p>\n<p class=\" wall-content\"><strong class=\"color-primary\">R.M. : <\/strong>J&rsquo;ai commenc\u00e9 dans le milieu quand j&rsquo;avais 15 ans avec un apprentissage en p\u00e2tisserie. Apr\u00e8s j&rsquo;ai fait un apprentissage en cuisine \u00e0 Taron (Nouvelle Aquitaine N.D.L.R.). Apr\u00e8s avoir travaill\u00e9 dans le Sud , je suis revenu \u00e0 Nantes et j&rsquo;ai fait de l&rsquo;int\u00e9rim. J&rsquo;ai cuisin\u00e9 \u00e0 La Civelle quand Juliette \u00e9tait encore en \u00e9tude. Puis j&rsquo;ai rejoint Lulu (LuLu Rouget N.D.L.R.) et j&rsquo;y suis rest\u00e9 pendant une dizaine d&rsquo;ann\u00e9es. J&rsquo;ai toujours aim\u00e9 la cuisine et surtout le travail des produits et l&rsquo;id\u00e9e de travailler pour moi. <\/p>\n<p class=\"ac-article-content__question wall-content\">Quand avez-vous ouvert P&rsquo;tite Pomme et quel est le concept ?<\/p>\n<p class=\" wall-content\"><strong class=\"color-primary\">R.M. et J.J : <\/strong>Nous avons ouvert il y a un an et demi. Le restaurant est une cuisine du march\u00e9. Juliette va au march\u00e9 trois \u00e0 quatre fois par semaine \u00e0 Talensac. On y prend tous nos l\u00e9gumes. On propose deux entr\u00e9es, deux plats et deux desserts et la carte change tous les 15 jours. On fixe nos prix en fonction des produits. On veut que cela reste accessible \u00e0 tous, on n&rsquo;est pas l\u00e0 pour faire payer cher. Aujourd&rsquo;hui, il faut qu&rsquo;il y en ait pour tout le monde. <\/p>\n<p class=\"ac-article-content__question wall-content\">Comment trouvez-vous l&rsquo;inspiration pour faire votre carte ?<\/p>\n<p class=\" wall-content\"><strong class=\"color-primary\">R.M. : <\/strong>Lorsque Juliette va au march\u00e9, elle \u00e9coute ce que proposent les producteurs. On travaille beaucoup avec la Ferme du Soleil. Elle me ram\u00e8ne les produits et on fait un essai. Apr\u00e8s, c&rsquo;est un peu au feeling, \u00e7a vient vient un peu tout seul. Je fais go\u00fbter \u00e0 Juliette comme on est que deux ! (rires)<\/p>\n<p class=\"ac-article-content__question wall-content\">Vous connaissiez d\u00e9j\u00e0 les Tables de Nantes, aviez-vous pour ambition d&rsquo;appara\u00eetre dans le guide ? <\/p>\n<p class=\" wall-content\"><strong class=\"color-primary\">J.J : <\/strong>D\u00e8s qu&rsquo;on a ouvert P&rsquo;tite Pomme, on avait pr\u00e9sent\u00e9 le restaurant. Mais on ne pensait pas que \u00e7a allait \u00eatre tout de suite ! <\/p>\n<p>Votre r\u00e9gion, votre actu !<\/p>\n<p>Recevez chaque jour les infos qui comptent pour vous.<\/p>\n<p>\t<a href=\"https:\/\/actu.fr\/newsletter\" class=\"ac-btn ac-btn--corner ac-btn--medium ac-btn--blue800\" rel=\"nofollow noopener\" target=\"_blank\">S&rsquo;incrire<\/a><\/p>\n<p>    <img   decoding=\"async\" loading=\"lazy\" src=\"https:\/\/www.europesays.com\/fr\/wp-content\/uploads\/2025\/09\/nantes-ptite-pomme-1-960x640.jpeg\" alt=\"Ruddy Maisonneuve a travaill\u00e9 pendant une dizaine d'ann\u00e9es au restaurant Lulu Rouget. \" width=\"960\" height=\"640\"\/><br \/>\n    Ruddy Maisonneuve a travaill\u00e9 pendant une dizaine d\u2019ann\u00e9es au restaurant Lulu Rouget. (\u00a9Laure Gentil \/ actu Nantes)<\/p>\n<p class=\" wall-content\"><strong class=\"color-primary\">R.M : <\/strong>C&rsquo;est quand m\u00eame, pour un restaurateur nantais, quelque chose d&rsquo;incontournable. Les Tables de Nantes c&rsquo;est une gratification, c&rsquo;est tr\u00e8s suivi, ils mettent en avant les restaurateurs. <\/p>\n<p class=\"ac-article-content__question wall-content\">Quels sont vos objectifs maintenant ? <\/p>\n<p class=\" wall-content\"><strong class=\"color-primary\">R.M et J.J : <\/strong>Que la machine soit bien huil\u00e9e. L&rsquo;objectif c&rsquo;est d&#8217;embaucher quelqu&rsquo;un en cuisine. <\/p>\n<p>Infos pratiques\u2009: 18 rue de Mayence. 09\u200979\u200932\u200939\u200974. <a href=\"https:\/\/www.ptite-pomme.fr\/formulaire-de-contact\/\" rel=\"nofollow noopener\" target=\"_blank\">R\u00e9servations possibles en cliquant ici<\/a>.\u00a0Ouvert du mardi au samedi de 12h \u00e0 13h30 et de 20h \u00e0 21h30.<\/p>\n<p class=\" wall-content\">Personnalisez votre actualit\u00e9 en ajoutant vos villes et m\u00e9dias en favori avec <a href=\"https:\/\/moncompte.actu.fr\" title=\"D\u00e9couvez Mon Actu\" rel=\"nofollow noopener\" data-trk=\"{&quot;cta&quot;:{&quot;action&quot;:&quot;https:\\\/\\\/moncompte.actu.fr&quot;,&quot;category&quot;:&quot;mon compte&quot;,&quot;from&quot;:&quot;article footer&quot;,&quot;name&quot;:&quot;Mon actu&quot;,&quot;type&quot;:&quot;cta&quot;}}\" target=\"_blank\">Mon Actu<\/a>.<\/p>\n","protected":false},"excerpt":{"rendered":"Par Laure Gentil Publi\u00e9 le 5 sept. 2025 \u00e0 7h32 Les Tables de Nantes ont publi\u00e9 leur \u00e9dition&hellip;\n","protected":false},"author":2,"featured_media":367515,"comment_status":"","ping_status":"","sticky":false,"template":"","format":"standard","meta":{"footnotes":""},"categories":[2818],"tags":[1111,11,215,1777,674,1011,27,1661,1305,766,12,2636,25,1340],"class_list":{"0":"post-367514","1":"post","2":"type-post","3":"status-publish","4":"format-standard","5":"has-post-thumbnail","7":"category-nantes","8":"tag-actu","9":"tag-actualites","10":"tag-commerce","11":"tag-eu","12":"tag-europe","13":"tag-fr","14":"tag-france","15":"tag-gastronomie","16":"tag-lifestyle","17":"tag-nantes","18":"tag-news","19":"tag-pays-de-la-loire","20":"tag-republique-francaise","21":"tag-restaurant"},"share_on_mastodon":{"url":"https:\/\/pubeurope.com\/@fr\/115150278305958129","error":""},"_links":{"self":[{"href":"https:\/\/www.europesays.com\/fr\/wp-json\/wp\/v2\/posts\/367514","targetHints":{"allow":["GET"]}}],"collection":[{"href":"https:\/\/www.europesays.com\/fr\/wp-json\/wp\/v2\/posts"}],"about":[{"href":"https:\/\/www.europesays.com\/fr\/wp-json\/wp\/v2\/types\/post"}],"author":[{"embeddable":true,"href":"https:\/\/www.europesays.com\/fr\/wp-json\/wp\/v2\/users\/2"}],"replies":[{"embeddable":true,"href":"https:\/\/www.europesays.com\/fr\/wp-json\/wp\/v2\/comments?post=367514"}],"version-history":[{"count":0,"href":"https:\/\/www.europesays.com\/fr\/wp-json\/wp\/v2\/posts\/367514\/revisions"}],"wp:featuredmedia":[{"embeddable":true,"href":"https:\/\/www.europesays.com\/fr\/wp-json\/wp\/v2\/media\/367515"}],"wp:attachment":[{"href":"https:\/\/www.europesays.com\/fr\/wp-json\/wp\/v2\/media?parent=367514"}],"wp:term":[{"taxonomy":"category","embeddable":true,"href":"https:\/\/www.europesays.com\/fr\/wp-json\/wp\/v2\/categories?post=367514"},{"taxonomy":"post_tag","embeddable":true,"href":"https:\/\/www.europesays.com\/fr\/wp-json\/wp\/v2\/tags?post=367514"}],"curies":[{"name":"wp","href":"https:\/\/api.w.org\/{rel}","templated":true}]}}