{"id":367518,"date":"2025-09-05T06:30:15","date_gmt":"2025-09-05T06:30:15","guid":{"rendered":"https:\/\/www.europesays.com\/fr\/367518\/"},"modified":"2025-09-05T06:30:15","modified_gmt":"2025-09-05T06:30:15","slug":"jai-pris-ma-decision-mais-ce-nest-pas-lheure-a-bordeaux-les-municipales-sinvitent-a-la-rentree-de-pierre-hurmic","status":"publish","type":"post","link":"https:\/\/www.europesays.com\/fr\/367518\/","title":{"rendered":"\u00ab\u00a0J&rsquo;ai pris ma d\u00e9cision mais ce n&rsquo;est pas l&rsquo;heure\u00a0\u00bb : \u00e0 Bordeaux, les municipales s&rsquo;invitent \u00e0 la rentr\u00e9e de Pierre Hurmic"},"content":{"rendered":"<p>Alors que deux de ses opposants annoncent s&rsquo;unir derri\u00e8re une liste commune pour la droite et le centre, en vue des municipales 2026, le maire de Bordeaux Pierre Hurmic a tenu ce jeudi sa conf\u00e9rence de rentr\u00e9e. Un \u00e9v\u00e8nement auquel s&rsquo;est forc\u00e9ment invit\u00e9 le sujet de ces prochaines \u00e9lections. <\/p>\n<p>A <strong>six mois des prochaines \u00e9lections municipales<\/strong>, l&rsquo;ombre du scrutin plane d\u00e9j\u00e0 sur la rentr\u00e9e des politiques. A Bordeaux,\u00a0les conseillers d&rsquo;opposition Alexandra Siarri, ancienne adjointe d&rsquo;Alain Jupp\u00e9, et Thomas Cazenave, actuel d\u00e9put\u00e9 et ancien ministre macroniste,\u00a0viennent d&rsquo;annoncer leur <strong>alliance pour une union de la droite et du centre<\/strong>. Au m\u00eame moment, le maire Pierre Hurmic faisait ce jeudi 4 septembre sa conf\u00e9rence de presse de rentr\u00e9e \u00e0 l&rsquo;H\u00f4tel de Ville, la derni\u00e8re de ce mandat avant de remettre l&rsquo;\u00e9charpe en jeu en mars.<\/p>\n<p>Si le rendez-vous avait pour ambition de <strong>faire le point sur ses derniers projets,<\/strong>\u00a0aboutis et livr\u00e9s dans les prochains mois, le sujet des municipales s&rsquo;est malgr\u00e9 tout impos\u00e9.<\/p>\n<p>\u00ab\u00a0Ma d\u00e9cision est prise, mais l&rsquo;heure n&rsquo;est pas venue\u00a0\u00bb<\/p>\n<p>Derri\u00e8re son pupitre et entour\u00e9 de son \u00e9quipe, le maire de Bordeaux a d&rsquo;abord plut\u00f4t \u00e9vit\u00e9 les allusions aux \u00e9lections, pour d\u00e9rouler la feuille de route des derniers mois de son mandat. Entre projets de v\u00e9g\u00e9talisation, de transports, sur le logement ou l&rsquo;\u00e9ducation, Pierre Hurmic semble surtout vouloir <strong>boucler les chantiers<\/strong> encore en cours avant les municipales. Et pas la peine d&rsquo;insister, ce n&rsquo;est toujours pas \u00ab\u00a0le moment de dire si je serai candidat aux prochaines \u00e9lections\u00a0\u00bb. M\u00eame si le suspense reste faible\u00a0: \u00ab\u00a0<strong>Ma d\u00e9cision est prise<\/strong>, mais l&rsquo;heure n&rsquo;est pas venue.\u00a0\u00bb<\/p>\n<p>Pourtant, difficile pour le maire \u00e9cologiste d&rsquo;\u00e9viter la question,\u00a0alors que ses deux opposants Alexandra Siarri et Thomas Cazenave annoncent unir leurs forces \u00ab\u00a0au sein d&rsquo;une liste commune\u00a0\u00bb. \u00ab\u00a0Un non-sujet, r\u00e9pond Pierre Hurmic, que je ne pr\u00e9f\u00e8re pas commenter car c&rsquo;\u00e9tait attendu.\u00a0\u00bb<\/p>\n<p>R\u00e9ponse autour de la s\u00e9curit\u00e9<\/p>\n<p>Malgr\u00e9 ce d\u00e9tachement apparent, le maire de Bordeaux profite de sa conf\u00e9rence de rentr\u00e9e pour <strong>r\u00e9pondre indirectement \u00e0 ses opposants<\/strong>, notamment lorsqu&rsquo;il en vient \u00e0 la <strong>th\u00e9matique<\/strong>\u00a0<strong>s\u00e9curit\u00e9<\/strong>. Pierre Hurmic l&rsquo;assure, certains d&rsquo;entre eux ont propag\u00e9 des fake news, en reprenant des chiffres tronqu\u00e9s du minist\u00e8re de l&rsquo;Int\u00e9rieur, dans le but d&rsquo;affirmer que sous son mandat, \u00ab\u00a0Bordeaux est devenue la ville la plus dangereuse de France.\u00a0\u00bb \u00ab\u00a0Tout le monde sait que ce n&rsquo;est pas vrai, rench\u00e9rit l&rsquo;\u00e9dile, car les vrais chiffres, ceux qui prennent en compte tous les facteurs, montrent au contraire que la d\u00e9linquance \u00e0 diminu\u00e9 de 4,1%. Je suis un maire impliqu\u00e9 sur cette th\u00e9matique, m\u00eame les citoyens nous disent qu&rsquo;ils ont l&rsquo;impression de voir plus de bleu dans les rues, en faisant r\u00e9f\u00e9rence aux policiers.\u00a0\u00bb<\/p>\n<p>Un dossier qui sera <strong>br\u00fblant dans les prochaines \u00e9lections<\/strong>, entre l&rsquo;opposition qui en a fait son fer de lance et l&rsquo;\u00e9quipe municipale qui ne compte pas le l\u00e2cher en fin de mandat. \u00ab\u00a0En cette rentr\u00e9e nous continuons les recrutements du c\u00f4t\u00e9 des policiers, affirme Marc Etcheverry, adjoint au maire en charge de la s\u00e9curit\u00e9,\u00a0on vise jusqu&rsquo;\u00e0 200 agents de police d&rsquo;ici \u00e0 la fin du mandat. On veut aussi continuer de d\u00e9velopper une police de proximit\u00e9, \u00e9galement \u00e0 pied ou en v\u00e9lo. La s\u00e9curit\u00e9 a toujours fait partie de notre politique.\u00a0\u00bb<\/p>\n<p>Qu&rsquo;il s&rsquo;agisse de s\u00e9curit\u00e9 ou d&rsquo;autres projets pour la ville, ils pourraient en tout cas \u00eatre vou\u00e9s \u00e0 se poursuivre au-del\u00e0 de 2026, projette Pierre Hurmic\u00a0: \u00ab\u00a0En cinq ans, Bordeaux a pass\u00e9 un cap. Ce serait dommage de laisser ce cap dispara\u00eetre. Nous sommes pr\u00eats et nous travaillons au quotidien en pensant \u00e0 l&rsquo;apr\u00e8s-2026.\u00a0\u00bb<\/p>\n<p>Titill\u00e9 par les journalistes \u00e0 ce sujet, l&rsquo;agenda politique n&rsquo;est pourtant pas sa priorit\u00e9, fait bien comprendre l&rsquo;\u00e9lu du Palais Rohan. Pierre Hurmic tient \u00e0 <strong>rester concentr\u00e9 sur les projets \u00e9cologiques<\/strong>, ceux qui favorisent l&rsquo;adaptation de la ville au changement climatique. Car au-del\u00e0 des municipales,\u00a0\u00ab\u00a0la maison br\u00fble\u00a0\u00bb, mart\u00e8le le maire de Bordeaux, rappelant les records de chaleur de l&rsquo;\u00e9t\u00e9.<\/p>\n","protected":false},"excerpt":{"rendered":"Alors que deux de ses opposants annoncent s&rsquo;unir derri\u00e8re une liste commune pour la droite et le centre,&hellip;\n","protected":false},"author":2,"featured_media":367519,"comment_status":"","ping_status":"","sticky":false,"template":"","format":"standard","meta":{"footnotes":""},"categories":[2817],"tags":[1111,11,1997,1777,674,1011,27,12,2219,25],"class_list":{"0":"post-367518","1":"post","2":"type-post","3":"status-publish","4":"format-standard","5":"has-post-thumbnail","7":"category-bordeaux","8":"tag-actu","9":"tag-actualites","10":"tag-bordeaux","11":"tag-eu","12":"tag-europe","13":"tag-fr","14":"tag-france","15":"tag-news","16":"tag-nouvelle-aquitaine","17":"tag-republique-francaise"},"share_on_mastodon":{"url":"https:\/\/pubeurope.com\/@fr\/115150285961726479","error":""},"_links":{"self":[{"href":"https:\/\/www.europesays.com\/fr\/wp-json\/wp\/v2\/posts\/367518","targetHints":{"allow":["GET"]}}],"collection":[{"href":"https:\/\/www.europesays.com\/fr\/wp-json\/wp\/v2\/posts"}],"about":[{"href":"https:\/\/www.europesays.com\/fr\/wp-json\/wp\/v2\/types\/post"}],"author":[{"embeddable":true,"href":"https:\/\/www.europesays.com\/fr\/wp-json\/wp\/v2\/users\/2"}],"replies":[{"embeddable":true,"href":"https:\/\/www.europesays.com\/fr\/wp-json\/wp\/v2\/comments?post=367518"}],"version-history":[{"count":0,"href":"https:\/\/www.europesays.com\/fr\/wp-json\/wp\/v2\/posts\/367518\/revisions"}],"wp:featuredmedia":[{"embeddable":true,"href":"https:\/\/www.europesays.com\/fr\/wp-json\/wp\/v2\/media\/367519"}],"wp:attachment":[{"href":"https:\/\/www.europesays.com\/fr\/wp-json\/wp\/v2\/media?parent=367518"}],"wp:term":[{"taxonomy":"category","embeddable":true,"href":"https:\/\/www.europesays.com\/fr\/wp-json\/wp\/v2\/categories?post=367518"},{"taxonomy":"post_tag","embeddable":true,"href":"https:\/\/www.europesays.com\/fr\/wp-json\/wp\/v2\/tags?post=367518"}],"curies":[{"name":"wp","href":"https:\/\/api.w.org\/{rel}","templated":true}]}}