{"id":367520,"date":"2025-09-05T06:31:18","date_gmt":"2025-09-05T06:31:18","guid":{"rendered":"https:\/\/www.europesays.com\/fr\/367520\/"},"modified":"2025-09-05T06:31:18","modified_gmt":"2025-09-05T06:31:18","slug":"municipales-2026-a-toulouse-la-gauche-hors-lfi-decide-de-se-revoir","status":"publish","type":"post","link":"https:\/\/www.europesays.com\/fr\/367520\/","title":{"rendered":"Municipales 2026 \u00e0 Toulouse\u00a0: la gauche hors LFI d\u00e9cide\u2026 de se revoir"},"content":{"rendered":"<p>\n                                                                    l&rsquo;essentiel<br \/>\n                                                                De difficiles discussions ont commenc\u00e9 \u00e0 Toulouse entre huit formations, soit la gauche hors LFI, pour constituer une liste commune aux municipales de mars\u00a02026.\n                            <\/p>\n<p>Combien de listes partiront, \u00e0 gauche, face \u00e0 Jean-Luc Moudenc pour les municipales de mars\u00a02026\u00a0? Deux voire<a href=\"https:\/\/www.ladepeche.fr\/2025\/08\/07\/municipales-2026-a-toulouse-a-gauche-le-scenario-noir-des-trois-listes-12863464.php\" target=\"_self\" rel=\"nofollow noopener\"> trois au premier tour<\/a>\u00a0: celle des Insoumis conduite par Fran\u00e7ois Piquemal, une autre autour du Parti socialiste et de ses alli\u00e9s, et peut-\u00eatre une troisi\u00e8me constitu\u00e9e par les Ecologistes associ\u00e9s \u00e0 Archipel Citoyen.<\/p>\n<p>Ce mardi, au si\u00e8ge du Parti communiste, \u00e0 Toulouse, six formations, d\u00e9j\u00e0 signataires d\u2019un appel \u00e0 l\u2019union fin juillet \u2013 le PCF, le PC, le PRG, Place Publique, G\u00e9n\u00e9ration. s et le MRC- ont \u00e9chang\u00e9 avec les Ecologistes et Archipel Citoyen. Toute la gauche hors LFI, laquelle \u00ab\u00a0s\u2019est isol\u00e9e\u00a0\u00bb, estime Pierre Lacaze (PCF), \u00e9tait donc autour de la table dans le but de faire liste commune au premier tour.<\/p>\n<p>Ces formations n\u2019ont rien act\u00e9 et ont d\u00e9cid\u00e9 de se revoir prochainement apr\u00e8s ce qu\u2019elles consid\u00e8rent malgr\u00e9 tout comme un premier pas. Mais chacune avec sa propre interpr\u00e9tation des choses.<\/p>\n<p>Au nom de l\u2019alliance Archipel Citoyen et Ecologistes, Maxime Le Texier, qui postule \u00e0 la t\u00eate de liste, a compris, explique-t-il, que \u00ab\u00a0\u2005le PS acceptait de se soumettre \u00e0 un processus de d\u00e9signation collective de la t\u00eate de liste\u2005\u00a0\u00bb, ce qui est une des revendications des deux partis.<\/p>\n<p>Archipel et les Ecologistes, apr\u00e8s une rencontre la semaine derni\u00e8re, affirment encore attendre une r\u00e9ponse \u00e9crite d\u00e9finitive de Fran\u00e7ois Piquemal (LFI) qui refuse de remettre en jeu sa t\u00eate de liste. Ce qui actera la fin des discussions avec les Insoumis.<\/p>\n<p>LFI qui divise<\/p>\n<p>Du c\u00f4t\u00e9 du PS, Fran\u00e7ois Brian\u00e7on, candidat \u00e0 la t\u00eate de liste, ne veut pas s\u2019exprimer. Pierre Lacaze assure, lui, que ce sont les six formations qui ont fait des propositions \u00ab\u00a0\u2005et les deux autres qui r\u00e9fl\u00e9chissent pour int\u00e9grer ce rassemblement\u2005\u00a0\u00bb. Les six ont surtout retenu que les Ecolos et Archipel semblaient se d\u00e9tacher de LFI.<\/p>\n<p>Dans cette n\u00e9gociation, c\u2019est le rapport avec les Insoumis qui divise. Et surtout la place, voire le leadership, que chacun revendique et veut imposer \u00e0 l\u2019autre.<\/p>\n","protected":false},"excerpt":{"rendered":"l&rsquo;essentiel De difficiles discussions ont commenc\u00e9 \u00e0 Toulouse entre huit formations, soit la gauche hors LFI, pour constituer&hellip;\n","protected":false},"author":2,"featured_media":367521,"comment_status":"","ping_status":"","sticky":false,"template":"","format":"standard","meta":{"footnotes":""},"categories":[2816],"tags":[1111,11,1777,674,1011,27,12,2680,25,2312],"class_list":{"0":"post-367520","1":"post","2":"type-post","3":"status-publish","4":"format-standard","5":"has-post-thumbnail","7":"category-toulouse","8":"tag-actu","9":"tag-actualites","10":"tag-eu","11":"tag-europe","12":"tag-fr","13":"tag-france","14":"tag-news","15":"tag-occitanie","16":"tag-republique-francaise","17":"tag-toulouse"},"share_on_mastodon":{"url":"https:\/\/pubeurope.com\/@fr\/115150289908171964","error":""},"_links":{"self":[{"href":"https:\/\/www.europesays.com\/fr\/wp-json\/wp\/v2\/posts\/367520","targetHints":{"allow":["GET"]}}],"collection":[{"href":"https:\/\/www.europesays.com\/fr\/wp-json\/wp\/v2\/posts"}],"about":[{"href":"https:\/\/www.europesays.com\/fr\/wp-json\/wp\/v2\/types\/post"}],"author":[{"embeddable":true,"href":"https:\/\/www.europesays.com\/fr\/wp-json\/wp\/v2\/users\/2"}],"replies":[{"embeddable":true,"href":"https:\/\/www.europesays.com\/fr\/wp-json\/wp\/v2\/comments?post=367520"}],"version-history":[{"count":0,"href":"https:\/\/www.europesays.com\/fr\/wp-json\/wp\/v2\/posts\/367520\/revisions"}],"wp:featuredmedia":[{"embeddable":true,"href":"https:\/\/www.europesays.com\/fr\/wp-json\/wp\/v2\/media\/367521"}],"wp:attachment":[{"href":"https:\/\/www.europesays.com\/fr\/wp-json\/wp\/v2\/media?parent=367520"}],"wp:term":[{"taxonomy":"category","embeddable":true,"href":"https:\/\/www.europesays.com\/fr\/wp-json\/wp\/v2\/categories?post=367520"},{"taxonomy":"post_tag","embeddable":true,"href":"https:\/\/www.europesays.com\/fr\/wp-json\/wp\/v2\/tags?post=367520"}],"curies":[{"name":"wp","href":"https:\/\/api.w.org\/{rel}","templated":true}]}}