{"id":367524,"date":"2025-09-05T06:33:11","date_gmt":"2025-09-05T06:33:11","guid":{"rendered":"https:\/\/www.europesays.com\/fr\/367524\/"},"modified":"2025-09-05T06:33:11","modified_gmt":"2025-09-05T06:33:11","slug":"lille-la-marque-fun-et-coloree-make-my-lemonade-sinstalle-dans-une-superbe-boutique-de-110-m%c2%b2","status":"publish","type":"post","link":"https:\/\/www.europesays.com\/fr\/367524\/","title":{"rendered":"Lille. La marque fun et color\u00e9e Make My Lemonade s&rsquo;installe dans une superbe boutique de 110 m\u00b2"},"content":{"rendered":"<p>            Par<br \/>\n        <strong><br \/>\n            <a href=\"https:\/\/actu.fr\/auteur\/hervine-mahaud\" title=\"Consulter tous les articles de Hervine Mahaud\" target=\"_blank\" rel=\"noopener\">Hervine Mahaud<\/a><br \/>\n        <\/strong><\/p>\n<p>        Publi\u00e9 le<\/p>\n<p>            5 sept. 2025 \u00e0 7h46        <\/p>\n<p>Les clientes nordistes, accros de l\u2019enseigne, n\u2019en pouvaient plus d\u2019attendre. Mais leur impatience va bient\u00f4t prendre fin puisque <b>Make My Lemonade<\/b> vient d\u2019annoncer la date d\u2019ouverture de sa <b>boutique<\/b> du <b>Vieux-Lille<\/b>. D\u00e8s cet automne, les <b>v\u00eatements<\/b> et <b>objets de d\u00e9coration<\/b> de la <b>marque<\/b> fond\u00e9e par la <b>cr\u00e9atrice Lisa Gachet<\/b> seront en vente dans une <b>superbe b\u00e2tisse class\u00e9e<\/b>, situ\u00e9e <b>13 place Louise de Bettignies<\/b>.<\/p>\n<p>\u00ab\u00a0On a h\u00e2te d\u2019aller \u00e0 la rencontre de la communaut\u00e9 lilloise\u00a0\u00bb<\/p>\n<p class=\" wall-content\"><a href=\"https:\/\/actu.fr\/hauts-de-france\/lille_59350\/intermarche-alain-ducasse-kiko-les-20-ouvertures-de-magasins-boutiques-et-restaurants-a-venir-a-lille_62947564.html\" target=\"_blank\" rel=\"noopener\">Nous vous l\u2019annoncions cet \u00e9t\u00e9 (avec un peu d\u2019avance)<\/a> : Make My Lemonade s\u2019installe dans le Vieux-Lille. D\u00e9sormais, on conna\u00eet aussi la date d\u2019ouverture : le <b>mercredi 1er octobre 2025<\/b>. Cette implantation dans la capitale des Flandres symbolise le <b>joli succ\u00e8s de la marque<\/b>\u00a0de v\u00eatements et de d\u00e9coration vendue en ligne, ainsi que dans ses boutiques de Paris et Lyon.<\/p>\n<p class=\" wall-content\">\u00ab\u00a0Nous avons tout r\u00e9cemment r\u00e9alise une lev\u00e9e de fonds aupr\u00e8s de notre communaut\u00e9 et l\u2019un de nos premiers objectifs \u00e9tait d\u2019ouvrir de nouvelles boutiques dans des lieux cl\u00e9s. On sait qu\u2019une partie de la <b>communaut\u00e9 lilloise est super affinitaire<\/b> avec notre univers et on a h\u00e2te d\u2019aller \u00e0 sa rencontre\u00a0\u00bb, explique la fondatrice, Lisa Gachet.\u00a0<\/p>\n<p class=\" wall-content\"><a href=\"https:\/\/www.instagram.com\/p\/DOJj1PtjOdh\/embed\" title=\"Ouvrir le lien sur Instagram\" target=\"_blank\" rel=\"noopener\">Visualiser le contenu sur Instagram<\/a><\/p>\n<p class=\" wall-content\">Fond\u00e9e en 2015, Make My Lemonade s\u2019est donn\u00e9 comme mission de \u00ab\u00a0c\u00e9l\u00e9brer la singularit\u00e9 de chacun(e) avec des <b>v\u00eatements et des objets qui font du bien aux yeux et \u00e0 l\u2019esprit<\/b>.\u00a0\u00bb\u00a0\u00a0La marque habille les <b>personnes du 34 au 52<\/b> et toutes ses pi\u00e8ces (v\u00eatements &amp;objets deco) sont con\u00e7ues en Europe.\u00a0<\/p>\n<p>Une boutique de 110 m\u00b2 dans un b\u00e2timent class\u00e9 : \u00ab\u00a0l\u2019effet sera au rendez-vous\u00a0\u00bb<\/p>\n<p class=\" wall-content\">Pour cette nouvelle boutique, la localisation a \u00e9t\u00e9 soigneusement choisie : au c\u0153ur du Vieux-Lille, et sur la charmante place Louise de Bettignies. Le local de <b>110 m\u00b2<\/b> est situ\u00e9 au rez-de-chauss\u00e9e d\u2019une <b>b\u00e2tisse class\u00e9e, typiquement flamande<\/b>.\u00a0<\/p>\n<p>    <img   decoding=\"async\" loading=\"lazy\" class=\"size-large\" src=\"https:\/\/www.europesays.com\/fr\/wp-content\/uploads\/2025\/09\/df219aeca9b8614319aeca9b838319v-960x640.jpg\" alt=\"boutique make my lemonade place louise de bettignies vieux lille\" width=\"960\" height=\"640\"\/><br \/>\n    L\u2019enseigne s\u2019installe au 13 place Louise de Bettignies, dans un superbe b\u00e2timent class\u00e9. \u00a9Hervine Mahaud<\/p>\n<p class=\" wall-content\">\u00ab\u00a0On a jou\u00e9 avec nos codes, notre ADN cr\u00e9atif tout en respectant au maximum le patrimoine de la vieille ville pour <b>conserver le charme de ce lieu<\/b>. Avec le fabuleux travail des architectes Cl\u00e9mence Orsini et Cl\u00e9ment Daventure, l\u2019effet sera au rendez-vous\u00a0\u00bb, assure la cheffe d\u2019entreprise.<\/p>\n<p>Votre r\u00e9gion, votre actu !<\/p>\n<p>Recevez chaque jour les infos qui comptent pour vous.<\/p>\n<p>\t<a href=\"https:\/\/actu.fr\/newsletter\" class=\"ac-btn ac-btn--corner ac-btn--medium ac-btn--blue800\" target=\"_blank\" rel=\"noopener\">S&rsquo;incrire<\/a><\/p>\n<p>    <img   decoding=\"async\" loading=\"lazy\" class=\"size-large\" src=\"https:\/\/www.europesays.com\/fr\/wp-content\/uploads\/2025\/09\/0921f9eca9b861d21f9eca9b8d031fv-960x640.jpg\" alt=\"boutique make my lemonade place louise de bettignies vieux lille\" width=\"960\" height=\"640\"\/><br \/>\n    V\u00eatements et objets de d\u00e9co seront propos\u00e9s en boutique. \u00a9Cabinet d\u2019architecte d\u2019int\u00e9rieur Orsini Daventure<br \/>\n    <img   decoding=\"async\" loading=\"lazy\" class=\"size-large\" src=\"https:\/\/www.europesays.com\/fr\/wp-content\/uploads\/2025\/09\/6249e9eca9b864649e9eca9b81a49ev-960x640.jpg\" alt=\"boutique make my lemonade place louise de bettignies vieux lille\" width=\"960\" height=\"640\"\/><br \/>\n    Les cabines d\u2019essayage \u00a9Cabinet d\u2019architecte d\u2019int\u00e9rieur Orsini Daventure<\/p>\n<p class=\" wall-content\">\u00c0 l\u2019int\u00e9rieur, on retrouvera les <b>pi\u00e8ces iconiques de la marque<\/b> (le trench Raoul, la jupe Paula, le pantalon Harya\u2026) ainsi que toutes les derni\u00e8res collections et un espace d\u00e9di\u00e9 \u00e0 la maison. \u00ab\u00a0On a toujours veill\u00e9 \u00e0 ce que l\u2019exp\u00e9rience client en boutique soit la plus agr\u00e9able possible en rendant ces lieux inspirants et en recrutant de super conseiller.e.s pour <b>casser les standards des points de vente classiques<\/b>\u00ab\u00a0, poursuit la cr\u00e9atrice.<\/p>\n<p class=\" wall-content\">Le point de vente lillois a ainsi vocation \u00e0 devenir \u00ab\u00a0un\u00a0<b>endroit unique<\/b>, o\u00f9 on a plaisir \u00e0 fl\u00e2ner, \u00e0 poser son regard sur plein de pi\u00e8ces color\u00e9es, \u00e0 \u00e9changer avec [les] \u00e9quipes.\u00a0\u00bb L\u2019arriv\u00e9e de la marque aux <b>pi\u00e8ces joyeuses, color\u00e9es et audacieuses<\/b> a de quoi r\u00e9jouir, alors que l\u2019automne gris pointe bient\u00f4t le bout de son nez.<\/p>\n<p class=\" wall-content\">Personnalisez votre actualit\u00e9 en ajoutant vos villes et m\u00e9dias en favori avec <a href=\"https:\/\/moncompte.actu.fr\" title=\"D\u00e9couvez Mon Actu\" rel=\"nofollow noopener\" data-trk=\"{&quot;cta&quot;:{&quot;action&quot;:&quot;https:\\\/\\\/moncompte.actu.fr&quot;,&quot;category&quot;:&quot;mon compte&quot;,&quot;from&quot;:&quot;article footer&quot;,&quot;name&quot;:&quot;Mon actu&quot;,&quot;type&quot;:&quot;cta&quot;}}\" target=\"_blank\">Mon Actu<\/a>.<\/p>\n<p>                    <script async src=\"\/\/www.instagram.com\/embed.js\"><\/script><\/p>\n","protected":false},"excerpt":{"rendered":"Par Hervine Mahaud Publi\u00e9 le 5 sept. 2025 \u00e0 7h46 Les clientes nordistes, accros de l\u2019enseigne, n\u2019en pouvaient&hellip;\n","protected":false},"author":2,"featured_media":367525,"comment_status":"","ping_status":"","sticky":false,"template":"","format":"standard","meta":{"footnotes":""},"categories":[2815],"tags":[1111,11,215,33,1777,674,1011,27,811,1307,12,3147,25,2422],"class_list":{"0":"post-367524","1":"post","2":"type-post","3":"status-publish","4":"format-standard","5":"has-post-thumbnail","7":"category-lille","8":"tag-actu","9":"tag-actualites","10":"tag-commerce","11":"tag-economie","12":"tag-eu","13":"tag-europe","14":"tag-fr","15":"tag-france","16":"tag-hauts-de-france","17":"tag-lille","18":"tag-news","19":"tag-nouveaux-commerces","20":"tag-republique-francaise","21":"tag-textile"},"share_on_mastodon":{"url":"https:\/\/pubeurope.com\/@fr\/115150298255321468","error":""},"_links":{"self":[{"href":"https:\/\/www.europesays.com\/fr\/wp-json\/wp\/v2\/posts\/367524","targetHints":{"allow":["GET"]}}],"collection":[{"href":"https:\/\/www.europesays.com\/fr\/wp-json\/wp\/v2\/posts"}],"about":[{"href":"https:\/\/www.europesays.com\/fr\/wp-json\/wp\/v2\/types\/post"}],"author":[{"embeddable":true,"href":"https:\/\/www.europesays.com\/fr\/wp-json\/wp\/v2\/users\/2"}],"replies":[{"embeddable":true,"href":"https:\/\/www.europesays.com\/fr\/wp-json\/wp\/v2\/comments?post=367524"}],"version-history":[{"count":0,"href":"https:\/\/www.europesays.com\/fr\/wp-json\/wp\/v2\/posts\/367524\/revisions"}],"wp:featuredmedia":[{"embeddable":true,"href":"https:\/\/www.europesays.com\/fr\/wp-json\/wp\/v2\/media\/367525"}],"wp:attachment":[{"href":"https:\/\/www.europesays.com\/fr\/wp-json\/wp\/v2\/media?parent=367524"}],"wp:term":[{"taxonomy":"category","embeddable":true,"href":"https:\/\/www.europesays.com\/fr\/wp-json\/wp\/v2\/categories?post=367524"},{"taxonomy":"post_tag","embeddable":true,"href":"https:\/\/www.europesays.com\/fr\/wp-json\/wp\/v2\/tags?post=367524"}],"curies":[{"name":"wp","href":"https:\/\/api.w.org\/{rel}","templated":true}]}}