{"id":367528,"date":"2025-09-05T06:35:11","date_gmt":"2025-09-05T06:35:11","guid":{"rendered":"https:\/\/www.europesays.com\/fr\/367528\/"},"modified":"2025-09-05T06:35:11","modified_gmt":"2025-09-05T06:35:11","slug":"lex-policier-condamne-a-15-ans-de-reclusion-criminelle-pour-le-viol-de-deux-enfants-philippins","status":"publish","type":"post","link":"https:\/\/www.europesays.com\/fr\/367528\/","title":{"rendered":"L\u2019ex-policier condamn\u00e9 \u00e0 15\u00a0ans de r\u00e9clusion criminelle pour le viol de deux enfants philippins"},"content":{"rendered":"<p>Il ne rev\u00eatira plus l\u2019uniforme de fonctionnaire de police. Ce jeudi, apr\u00e8s deux heures de d\u00e9lib\u00e9ration, la cour criminelle des Bouches-du-Rh\u00f4ne a d\u00e9clar\u00e9 Julien Palisca coupable du viol de deux enfants philippins, en septembre 2018, mais aussi de d\u00e9tention, captation et diffusion de milliers d\u2019images p\u00e9dopornographiques. Cet ancien policier de la brigade des mineurs de Marseille a ainsi \u00e9t\u00e9 condamn\u00e9 \u00e0 quinze ans de r\u00e9clusion criminelle, assortis d\u2019une peine de s\u00fbret\u00e9 de dix ans.<a href=\"https:\/\/www.laprovence.com\/article\/faits-divers-justice\/27646777333499\/policier-pedophile-a-marseille-15-ans-de-reclusion-criminelle-requis-contre-julien-palisca-juge-pour-viols-sur-mineurs\" target=\"_blank\" rel=\"noopener\"><\/p>\n<p><a href=\"https:\/\/www.laprovence.com\/article\/faits-divers-justice\/27646777333499\/policier-pedophile-a-marseille-15-ans-de-reclusion-criminelle-requis-contre-julien-palisca-juge-pour-viols-sur-mineurs\" target=\"_blank\" rel=\"noopener\">Conform\u00e9ment aux r\u00e9quisitions de l\u2019avocate g\u00e9n\u00e9rale Sylvaine Schumacher<\/a>, les magistrats l\u2019ont \u00e9galement condamn\u00e9 \u00e0 un suivi sociojudiciaire de dix ans avec obligation de soins, une interdiction d\u00e9finitive d\u2019exercer le m\u00e9tier de policier et une activit\u00e9 professionnelle ou b\u00e9n\u00e9vole en contact avec les mineurs. Julien Palisca devra aussi rester sur le territoire fran\u00e7ais durant cinq ans.<\/p>\n<p>\u00ab\u00a0Qui est Julien Palisca\u00a0?\u00a0\u00bb<\/p>\n<p>\u00ab\u00a0En quittant ce proc\u00e8s, nous serons plusieurs \u00e0 nous demander qui est Julien Palisca\u00a0\u00bb, a confi\u00e9 la repr\u00e9sentante du minist\u00e8re public, pointant la capacit\u00e9 de l\u2019accus\u00e9 \u00e0 \u00ab\u00a0s\u2019adapter, d\u00e9tecter et dire \u00e0 ses interlocuteurs ce qu\u2019ils veulent entendre\u00a0\u00bb. D\u00e9plorant, comme les avocats de la partie civile, des av&#8230;<\/p>\n","protected":false},"excerpt":{"rendered":"Il ne rev\u00eatira plus l\u2019uniforme de fonctionnaire de police. Ce jeudi, apr\u00e8s deux heures de d\u00e9lib\u00e9ration, la cour&hellip;\n","protected":false},"author":2,"featured_media":367529,"comment_status":"","ping_status":"","sticky":false,"template":"","format":"standard","meta":{"footnotes":""},"categories":[2814],"tags":[17,1111,11,1764,8652,1777,674,274,1011,27,50188,884,12,49767,10910,882,15128,25],"class_list":{"0":"post-367528","1":"post","2":"type-post","3":"status-publish","4":"format-standard","5":"has-post-thumbnail","7":"category-marseille","8":"tag-17","9":"tag-actu","10":"tag-actualites","11":"tag-ans","12":"tag-condamne","13":"tag-eu","14":"tag-europe","15":"tag-faits-divers-justice","16":"tag-fr","17":"tag-france","18":"tag-lagent","19":"tag-marseille","20":"tag-news","21":"tag-pedophile","22":"tag-policier","23":"tag-provence-alpes-cote-dazur","24":"tag-reclusion","25":"tag-republique-francaise"},"share_on_mastodon":{"url":"https:\/\/pubeurope.com\/@fr\/115150305630619499","error":""},"_links":{"self":[{"href":"https:\/\/www.europesays.com\/fr\/wp-json\/wp\/v2\/posts\/367528","targetHints":{"allow":["GET"]}}],"collection":[{"href":"https:\/\/www.europesays.com\/fr\/wp-json\/wp\/v2\/posts"}],"about":[{"href":"https:\/\/www.europesays.com\/fr\/wp-json\/wp\/v2\/types\/post"}],"author":[{"embeddable":true,"href":"https:\/\/www.europesays.com\/fr\/wp-json\/wp\/v2\/users\/2"}],"replies":[{"embeddable":true,"href":"https:\/\/www.europesays.com\/fr\/wp-json\/wp\/v2\/comments?post=367528"}],"version-history":[{"count":0,"href":"https:\/\/www.europesays.com\/fr\/wp-json\/wp\/v2\/posts\/367528\/revisions"}],"wp:featuredmedia":[{"embeddable":true,"href":"https:\/\/www.europesays.com\/fr\/wp-json\/wp\/v2\/media\/367529"}],"wp:attachment":[{"href":"https:\/\/www.europesays.com\/fr\/wp-json\/wp\/v2\/media?parent=367528"}],"wp:term":[{"taxonomy":"category","embeddable":true,"href":"https:\/\/www.europesays.com\/fr\/wp-json\/wp\/v2\/categories?post=367528"},{"taxonomy":"post_tag","embeddable":true,"href":"https:\/\/www.europesays.com\/fr\/wp-json\/wp\/v2\/tags?post=367528"}],"curies":[{"name":"wp","href":"https:\/\/api.w.org\/{rel}","templated":true}]}}