{"id":367530,"date":"2025-09-05T06:36:14","date_gmt":"2025-09-05T06:36:14","guid":{"rendered":"https:\/\/www.europesays.com\/fr\/367530\/"},"modified":"2025-09-05T06:36:14","modified_gmt":"2025-09-05T06:36:14","slug":"le-journal-de-8h-du-vendredi-5-septembre-2025-2","status":"publish","type":"post","link":"https:\/\/www.europesays.com\/fr\/367530\/","title":{"rendered":"Le journal de 8h du vendredi 5 septembre 2025"},"content":{"rendered":"<p><img loading=\"lazy\" decoding=\"async\" src=\"https:\/\/www.europesays.com\/fr\/wp-content\/uploads\/2025\/09\/Le-journal-de-8h-du-vendredi-5-septembre-2025-2132662.webp.webp\" width=\"1200\" height=\"675\" alt=\"placeholder video\"\/><\/p>\n<p>Bonjour Marseille pr\u00e9sent\u00e9e par Fabio Marletta, c\u2019est le rendez-vous info en direct pour d\u00e9marrer la journ\u00e9e avec un tour de l\u2019actualit\u00e9 locale, la m\u00e9t\u00e9o, les conditions de circulation et un journal d\u00e9di\u00e9 \u00e0 la m\u00e9tropole. Au sommaire : Viols sur des enfants, 15 ans pour l\u2019ex-policier. Boualem Sansal, la droite locale s\u2019immobilise. Une joggeuse agress\u00e9e par un homme \u00e0 G\u00e9menos.<\/p>\n<p>Aujourd&rsquo;hui \u00e0 08h21 | Dur\u00e9e : 11:12<\/p>\n","protected":false},"excerpt":{"rendered":"Bonjour Marseille pr\u00e9sent\u00e9e par Fabio Marletta, c\u2019est le rendez-vous info en direct pour d\u00e9marrer la journ\u00e9e avec un&hellip;\n","protected":false},"author":2,"featured_media":367531,"comment_status":"","ping_status":"","sticky":false,"template":"","format":"standard","meta":{"footnotes":""},"categories":[2814],"tags":[1111,11,1777,674,1011,27,884,12,882,25],"class_list":{"0":"post-367530","1":"post","2":"type-post","3":"status-publish","4":"format-standard","5":"has-post-thumbnail","7":"category-marseille","8":"tag-actu","9":"tag-actualites","10":"tag-eu","11":"tag-europe","12":"tag-fr","13":"tag-france","14":"tag-marseille","15":"tag-news","16":"tag-provence-alpes-cote-dazur","17":"tag-republique-francaise"},"share_on_mastodon":{"url":"https:\/\/pubeurope.com\/@fr\/115150309596861325","error":""},"_links":{"self":[{"href":"https:\/\/www.europesays.com\/fr\/wp-json\/wp\/v2\/posts\/367530","targetHints":{"allow":["GET"]}}],"collection":[{"href":"https:\/\/www.europesays.com\/fr\/wp-json\/wp\/v2\/posts"}],"about":[{"href":"https:\/\/www.europesays.com\/fr\/wp-json\/wp\/v2\/types\/post"}],"author":[{"embeddable":true,"href":"https:\/\/www.europesays.com\/fr\/wp-json\/wp\/v2\/users\/2"}],"replies":[{"embeddable":true,"href":"https:\/\/www.europesays.com\/fr\/wp-json\/wp\/v2\/comments?post=367530"}],"version-history":[{"count":0,"href":"https:\/\/www.europesays.com\/fr\/wp-json\/wp\/v2\/posts\/367530\/revisions"}],"wp:featuredmedia":[{"embeddable":true,"href":"https:\/\/www.europesays.com\/fr\/wp-json\/wp\/v2\/media\/367531"}],"wp:attachment":[{"href":"https:\/\/www.europesays.com\/fr\/wp-json\/wp\/v2\/media?parent=367530"}],"wp:term":[{"taxonomy":"category","embeddable":true,"href":"https:\/\/www.europesays.com\/fr\/wp-json\/wp\/v2\/categories?post=367530"},{"taxonomy":"post_tag","embeddable":true,"href":"https:\/\/www.europesays.com\/fr\/wp-json\/wp\/v2\/tags?post=367530"}],"curies":[{"name":"wp","href":"https:\/\/api.w.org\/{rel}","templated":true}]}}