{"id":367532,"date":"2025-09-05T06:37:08","date_gmt":"2025-09-05T06:37:08","guid":{"rendered":"https:\/\/www.europesays.com\/fr\/367532\/"},"modified":"2025-09-05T06:37:08","modified_gmt":"2025-09-05T06:37:08","slug":"la-qualite-de-lair-toujours-bonne-ce-vendredi","status":"publish","type":"post","link":"https:\/\/www.europesays.com\/fr\/367532\/","title":{"rendered":"la qualit\u00e9 de l&rsquo;air toujours bonne ce vendredi"},"content":{"rendered":"<p class=\"content\" style=\"font-size:1.2em;font-weight:700\">La qualit\u00e9 de l&rsquo;air sera toujours bonne ce vendredi 5 septembre 2025, gr\u00e2ce notamment \u00e0 des conditions m\u00e9t\u00e9o favorables.<\/p>\n<p>On respire toujours relativement bien \u00e0 Lyon et dans toute l&rsquo;agglom\u00e9ration lyonnaise ce vendredi 5 septembre. \u00ab\u00a0La douceur des temp\u00e9ratures et le vent de nord assureront une bonne dispersion des polluants et limiteront la production d\u2019ozone photochimique\u00a0\u00bb explique ainsi Atmo, l&rsquo;observatoire de la qualit\u00e9 de l&rsquo;air en Auvergne-Rh\u00f4ne-Alpes.<\/p>\n<p>Les concentrations de particules fines et de dioxyde de soufre sont ainsi bonnes tandis qu&rsquo;elles seront moyennes pour le dioxyde d&rsquo;azote et l&rsquo;ozone.<\/p>\n","protected":false},"excerpt":{"rendered":"La qualit\u00e9 de l&rsquo;air sera toujours bonne ce vendredi 5 septembre 2025, gr\u00e2ce notamment \u00e0 des conditions m\u00e9t\u00e9o&hellip;\n","protected":false},"author":2,"featured_media":10164,"comment_status":"","ping_status":"","sticky":false,"template":"","format":"standard","meta":{"footnotes":""},"categories":[1889],"tags":[1111,11,2430,1777,674,1011,27,2428,12,25],"class_list":{"0":"post-367532","1":"post","2":"type-post","3":"status-publish","4":"format-standard","5":"has-post-thumbnail","7":"category-lyon","8":"tag-actu","9":"tag-actualites","10":"tag-auvergne-rhone-alpes","11":"tag-eu","12":"tag-europe","13":"tag-fr","14":"tag-france","15":"tag-lyon","16":"tag-news","17":"tag-republique-francaise"},"share_on_mastodon":{"url":"https:\/\/pubeurope.com\/@fr\/115150313533345084","error":""},"_links":{"self":[{"href":"https:\/\/www.europesays.com\/fr\/wp-json\/wp\/v2\/posts\/367532","targetHints":{"allow":["GET"]}}],"collection":[{"href":"https:\/\/www.europesays.com\/fr\/wp-json\/wp\/v2\/posts"}],"about":[{"href":"https:\/\/www.europesays.com\/fr\/wp-json\/wp\/v2\/types\/post"}],"author":[{"embeddable":true,"href":"https:\/\/www.europesays.com\/fr\/wp-json\/wp\/v2\/users\/2"}],"replies":[{"embeddable":true,"href":"https:\/\/www.europesays.com\/fr\/wp-json\/wp\/v2\/comments?post=367532"}],"version-history":[{"count":0,"href":"https:\/\/www.europesays.com\/fr\/wp-json\/wp\/v2\/posts\/367532\/revisions"}],"wp:featuredmedia":[{"embeddable":true,"href":"https:\/\/www.europesays.com\/fr\/wp-json\/wp\/v2\/media\/10164"}],"wp:attachment":[{"href":"https:\/\/www.europesays.com\/fr\/wp-json\/wp\/v2\/media?parent=367532"}],"wp:term":[{"taxonomy":"category","embeddable":true,"href":"https:\/\/www.europesays.com\/fr\/wp-json\/wp\/v2\/categories?post=367532"},{"taxonomy":"post_tag","embeddable":true,"href":"https:\/\/www.europesays.com\/fr\/wp-json\/wp\/v2\/tags?post=367532"}],"curies":[{"name":"wp","href":"https:\/\/api.w.org\/{rel}","templated":true}]}}