{"id":367533,"date":"2025-09-05T06:38:12","date_gmt":"2025-09-05T06:38:12","guid":{"rendered":"https:\/\/www.europesays.com\/fr\/367533\/"},"modified":"2025-09-05T06:38:12","modified_gmt":"2025-09-05T06:38:12","slug":"le-journal-de-8h-du-vendredi-5-septembre-2025-3","status":"publish","type":"post","link":"https:\/\/www.europesays.com\/fr\/367533\/","title":{"rendered":"Le journal de 8h du vendredi 5 septembre 2025"},"content":{"rendered":"<p><img loading=\"lazy\" decoding=\"async\" src=\"https:\/\/www.europesays.com\/fr\/wp-content\/uploads\/2025\/09\/Le-journal-de-8h-du-vendredi-5-septembre-2025-2132664.webp.webp\" width=\"1200\" height=\"675\" alt=\"placeholder video\"\/><\/p>\n<p>Bonjour Lyon pr\u00e9sent\u00e9e par Victoria Solano, c\u2019est le rendez-vous info en direct pour d\u00e9marrer la journ\u00e9e avec un tour de l\u2019actualit\u00e9 locale, la m\u00e9t\u00e9o, les conditions de circulation et un journal d\u00e9di\u00e9 \u00e0 la m\u00e9tropole lyonnaise. Au sommaire : Les LR se rallient \u00e0 Jean-Michel Aulas. Croix-Rousse, mineures isol\u00e9es sans logement. Biennale de la danse, les derniers rodages.<\/p>\n<p>Aujourd&rsquo;hui \u00e0 08h24 | Dur\u00e9e : 13:32<\/p>\n","protected":false},"excerpt":{"rendered":"Bonjour Lyon pr\u00e9sent\u00e9e par Victoria Solano, c\u2019est le rendez-vous info en direct pour d\u00e9marrer la journ\u00e9e avec un&hellip;\n","protected":false},"author":2,"featured_media":367534,"comment_status":"","ping_status":"","sticky":false,"template":"","format":"standard","meta":{"footnotes":""},"categories":[1889],"tags":[1111,11,2430,1777,674,1011,27,2428,12,25],"class_list":{"0":"post-367533","1":"post","2":"type-post","3":"status-publish","4":"format-standard","5":"has-post-thumbnail","7":"category-lyon","8":"tag-actu","9":"tag-actualites","10":"tag-auvergne-rhone-alpes","11":"tag-eu","12":"tag-europe","13":"tag-fr","14":"tag-france","15":"tag-lyon","16":"tag-news","17":"tag-republique-francaise"},"share_on_mastodon":{"url":"https:\/\/pubeurope.com\/@fr\/115150317511883673","error":""},"_links":{"self":[{"href":"https:\/\/www.europesays.com\/fr\/wp-json\/wp\/v2\/posts\/367533","targetHints":{"allow":["GET"]}}],"collection":[{"href":"https:\/\/www.europesays.com\/fr\/wp-json\/wp\/v2\/posts"}],"about":[{"href":"https:\/\/www.europesays.com\/fr\/wp-json\/wp\/v2\/types\/post"}],"author":[{"embeddable":true,"href":"https:\/\/www.europesays.com\/fr\/wp-json\/wp\/v2\/users\/2"}],"replies":[{"embeddable":true,"href":"https:\/\/www.europesays.com\/fr\/wp-json\/wp\/v2\/comments?post=367533"}],"version-history":[{"count":0,"href":"https:\/\/www.europesays.com\/fr\/wp-json\/wp\/v2\/posts\/367533\/revisions"}],"wp:featuredmedia":[{"embeddable":true,"href":"https:\/\/www.europesays.com\/fr\/wp-json\/wp\/v2\/media\/367534"}],"wp:attachment":[{"href":"https:\/\/www.europesays.com\/fr\/wp-json\/wp\/v2\/media?parent=367533"}],"wp:term":[{"taxonomy":"category","embeddable":true,"href":"https:\/\/www.europesays.com\/fr\/wp-json\/wp\/v2\/categories?post=367533"},{"taxonomy":"post_tag","embeddable":true,"href":"https:\/\/www.europesays.com\/fr\/wp-json\/wp\/v2\/tags?post=367533"}],"curies":[{"name":"wp","href":"https:\/\/api.w.org\/{rel}","templated":true}]}}