{"id":367535,"date":"2025-09-05T06:39:10","date_gmt":"2025-09-05T06:39:10","guid":{"rendered":"https:\/\/www.europesays.com\/fr\/367535\/"},"modified":"2025-09-05T06:39:10","modified_gmt":"2025-09-05T06:39:10","slug":"panorama-regional-de-laccessibilite-aux-etablissements-denseignement-superieur","status":"publish","type":"post","link":"https:\/\/www.europesays.com\/fr\/367535\/","title":{"rendered":"Panorama r\u00e9gional de l&rsquo;accessibilit\u00e9 aux \u00e9tablissements d&rsquo;enseignement sup\u00e9rieur"},"content":{"rendered":"<p><a id=\"c54866\"\/>Base de donn\u00e9es sur les \u00e9tablissements d\u2019enseignement sup\u00e9rieur 2023\/2024 de L\u2019Institut Paris Region<\/p>\n<p>\u00c0 l\u2019origine, la base de donn\u00e9es sur les \u00e9tablissements d\u2019enseignement sup\u00e9rieur de L\u2019Institut Paris Region s\u2019est fond\u00e9e sur une extraction de la \u00ab base centrale des \u00e9tablissements \u00bb (BCE) administr\u00e9e par le minist\u00e8re de l\u2019\u00c9ducation nationale, qui a permis de g\u00e9olocaliser l\u2019ensemble des \u00e9tablissements d\u2019enseignement primaire, secondaire et sup\u00e9rieur selon leur nature. Ces bases ont, par la suite, \u00e9t\u00e9 compl\u00e9t\u00e9es par d\u2019autres sources.<\/p>\n<p>Concernant l\u2019enseignement sup\u00e9rieur, un travail de regroupement \u00e0 l\u2019adresse des \u00e9tablissements de m\u00eame cat\u00e9gorie a \u00e9t\u00e9 effectu\u00e9, car la BCE recense les \u00e9tablissements par \u00ab unit\u00e9 administrative \u00bb (par exemple par UFR quand il s\u2019agit d\u2019une universit\u00e9). Dans la base de l\u2019Institut, lorsqu\u2019\u00e0 une m\u00eame adresse se trouvent deux universit\u00e9s, ou deux \u00e9coles d\u2019art, il n\u2019y aura qu\u2019un point pr\u00e9sent dans le fichier mais dans le champ \u00ab Nom \u00bb figurera le nom des deux \u00e9tablissements.<\/p>\n<p>Les donn\u00e9es relatives aux \u00e9tudiants inscrits dans les \u00e9tablissements sous tutelle du minist\u00e8re de l\u2019Enseignement sup\u00e9rieur et de la Recherche, accessibles en open data depuis plusieurs ann\u00e9es, y ont ensuite \u00e9t\u00e9 int\u00e9gr\u00e9es. La mise \u00e0 jour effectu\u00e9e en 2018 avait \u00e9galement permis l\u2019int\u00e9gration des effectifs des \u00e9tablissements publics (2017-2018) sur la base d\u2019\u00e9l\u00e9ments transmis par les services statistiques du minist\u00e8re de l\u2019Enseignement sup\u00e9rieur et de la Recherche \u00e0 la demande de l\u2019Institut.<\/p>\n<p>La mise \u00e0 jour r\u00e9alis\u00e9e en 2023-2024 s\u2019est enrichie de plusieurs nouvelles sources d\u2019informations mises \u00e0 disposition en open data par les services statistiques du minist\u00e8re :<\/p>\n<ul>\n<li>le fichier des \u00e9tablissements pr\u00e9sents sur Parcoursup : tous sont d\u00e9sormais pr\u00e9sents dans la base. En revanche, les \u00e9tablissements recrutant au niveau du bac non pr\u00e9sents sur la plateforme ont \u00e9t\u00e9 retir\u00e9s de la base ;<\/li>\n<li>le fichier des \u00ab Effectifs d&rsquo;\u00e9tudiants inscrits dans les \u00e9tablissements et les formations de l&rsquo;enseignement sup\u00e9rieur &#8211; d\u00e9tail par \u00e9tablissement\u00a0\u00bb et par commune en 2021-2022 diffus\u00e9 en open data pour la premi\u00e8re fois fin juillet 2023, a permis de renseigner et compl\u00e9ter la quasi-totalit\u00e9 des sites r\u00e9pertori\u00e9s.<\/li>\n<\/ul>\n<p>Pour certains \u00e9tablissements priv\u00e9s, l\u2019information concernant l\u2019effectif a \u00e9t\u00e9 trouv\u00e9 sur son site internet officiel. Enfin, quand l\u2019effectif n\u2019est pas connu, c\u2019est la valeur \u00ab 99999 \u00bb qui figure dans le champ \u00ab Effectif \u00bb.<\/p>\n<p>M\u00e9thodes de calcul des temps d\u2019acc\u00e8s<\/p>\n<p><strong>Mod\u00e9lisation des d\u00e9placements en voiture<\/strong><\/p>\n<p>Le mod\u00e8le voiture particuli\u00e8re (VP) de L&rsquo;Institut Paris Region utilise le r\u00e9seau routier de la BD Topo 2017 de l\u2019IGN.<\/p>\n<p>Le calcul de la vitesse tient compte de la nature du tron\u00e7on (autoroute, nationale, bretelle, route \u00e0 une chauss\u00e9e, etc.) et de la densit\u00e9 urbaine dans laquelle il se trouve. La densit\u00e9 urbaine est d\u00e9termin\u00e9e par le d\u00e9coupage morphologique du territoire, \u00e9tabli en 2008 \u00e0 L&rsquo;Institut Paris Region. En fonction de leur typologie, une vitesse moyenne th\u00e9orique a \u00e9t\u00e9 \u00e9tablie. Sur le r\u00e9seau structurant, les vitesses correspondent aux d\u00e9placements des mardi et jeudi, de 8 h \u00e0 10 h (donn\u00e9es Mappy et Google maps).<\/p>\n<p>Toutes les voies carrossables sont int\u00e9gr\u00e9es au mod\u00e8le : sont exclues les escaliers, les pistes cyclables, les sentiers et les chemins.<\/p>\n<p><strong>Mod\u00e9lisation des d\u00e9placements en transports en commun<\/strong><\/p>\n<p>Pour les transports en commun, gr\u00e2ce \u00e0 l\u2019API (Application Programming Interface) Navitia (API calculateur d\u2019\u00cele-de-France Mobilit\u00e9s &#8211; Acc\u00e8s g\u00e9n\u00e9rique) qui regroupe les donn\u00e9es d\u2019IDFM (SNCF, RATP, OPTILE\u2026) : il s\u2019agit d\u2019une API multimodale dont le rabattement vers le r\u00e9seau de transports se fait principalement \u00e0 pied. Les temps de trajet les plus courts et avec le moins de ruptures sur le trajet ont \u00e9t\u00e9 retenus.<\/p>\n<p><strong>Calcul de la proportion de jeunes ayant acc\u00e8s aux diff\u00e9rents segments de l\u2019offre d\u2019enseignement sup\u00e9rieur<\/strong><\/p>\n<p>Ce calcul se fonde sur les donn\u00e9es carroy\u00e9es de l\u2019Insee (carroyage \u00e0 200 m\u00e8tres) qui indiquent pour chaque carreau habit\u00e9 le nombre d\u2019individus \u00e2g\u00e9s de 18 \u00e0 24 ans en 2019 (donn\u00e9es publi\u00e9es en 2023).<\/p>\n<p>Deux limites \u00e0 cet exercice m\u00e9ritent d\u2019\u00eatre soulign\u00e9es. En premier lieu, la proximit\u00e9 n\u2019intervient qu\u2019\u00e0 la marge dans le choix de l\u2019orientation si l\u2019on en croit certains travaux r\u00e9cents. L\u2019int\u00e9r\u00eat pour la formation et les d\u00e9bouch\u00e9s sont davantage mis en avant par les jeunes. Une analyse des v\u0153ux formul\u00e9s sur Parcoursup et des propositions accept\u00e9es en fonction du territoire d\u2019origine permettrait de mieux appr\u00e9hender ce point. En second lieu, seuls sont pris en compte les \u00e9tablissements d\u2019enseignement sup\u00e9rieur situ\u00e9s en \u00cele-de-France. Certaines formations peuvent \u00eatre pr\u00e9sentes aux marges de la r\u00e9gion et accessibles aux jeunes r\u00e9sidant en zone rurale.<\/p>\n","protected":false},"excerpt":{"rendered":"Base de donn\u00e9es sur les \u00e9tablissements d\u2019enseignement sup\u00e9rieur 2023\/2024 de L\u2019Institut Paris Region \u00c0 l\u2019origine, la base de&hellip;\n","protected":false},"author":2,"featured_media":367536,"comment_status":"","ping_status":"","sticky":false,"template":"","format":"standard","meta":{"footnotes":""},"categories":[1592],"tags":[1111,11,1777,674,1011,27,662,1577,12,626,25],"class_list":{"0":"post-367535","1":"post","2":"type-post","3":"status-publish","4":"format-standard","5":"has-post-thumbnail","7":"category-ile-de-france","8":"tag-actu","9":"tag-actualites","10":"tag-eu","11":"tag-europe","12":"tag-fr","13":"tag-france","14":"tag-ile-de-france","15":"tag-l","16":"tag-news","17":"tag-paris","18":"tag-republique-francaise"},"share_on_mastodon":{"url":"https:\/\/pubeurope.com\/@fr\/115150321437799805","error":""},"_links":{"self":[{"href":"https:\/\/www.europesays.com\/fr\/wp-json\/wp\/v2\/posts\/367535","targetHints":{"allow":["GET"]}}],"collection":[{"href":"https:\/\/www.europesays.com\/fr\/wp-json\/wp\/v2\/posts"}],"about":[{"href":"https:\/\/www.europesays.com\/fr\/wp-json\/wp\/v2\/types\/post"}],"author":[{"embeddable":true,"href":"https:\/\/www.europesays.com\/fr\/wp-json\/wp\/v2\/users\/2"}],"replies":[{"embeddable":true,"href":"https:\/\/www.europesays.com\/fr\/wp-json\/wp\/v2\/comments?post=367535"}],"version-history":[{"count":0,"href":"https:\/\/www.europesays.com\/fr\/wp-json\/wp\/v2\/posts\/367535\/revisions"}],"wp:featuredmedia":[{"embeddable":true,"href":"https:\/\/www.europesays.com\/fr\/wp-json\/wp\/v2\/media\/367536"}],"wp:attachment":[{"href":"https:\/\/www.europesays.com\/fr\/wp-json\/wp\/v2\/media?parent=367535"}],"wp:term":[{"taxonomy":"category","embeddable":true,"href":"https:\/\/www.europesays.com\/fr\/wp-json\/wp\/v2\/categories?post=367535"},{"taxonomy":"post_tag","embeddable":true,"href":"https:\/\/www.europesays.com\/fr\/wp-json\/wp\/v2\/tags?post=367535"}],"curies":[{"name":"wp","href":"https:\/\/api.w.org\/{rel}","templated":true}]}}