{"id":367537,"date":"2025-09-05T06:40:14","date_gmt":"2025-09-05T06:40:14","guid":{"rendered":"https:\/\/www.europesays.com\/fr\/367537\/"},"modified":"2025-09-05T06:40:14","modified_gmt":"2025-09-05T06:40:14","slug":"en-seine-et-marne-un-nouvel-espace-protege-a-ete-cree-la-ou-des-mammouths-ont-ete-retrouves","status":"publish","type":"post","link":"https:\/\/www.europesays.com\/fr\/367537\/","title":{"rendered":"En Seine-et-Marne, un nouvel espace prot\u00e9g\u00e9 a \u00e9t\u00e9 cr\u00e9\u00e9 l\u00e0 o\u00f9 des mammouths ont \u00e9t\u00e9 retrouv\u00e9s"},"content":{"rendered":"<p>            Par<br \/>\n        <strong><br \/>\n            <a href=\"https:\/\/actu.fr\/auteur\/clara-grouzis\" title=\"Consulter tous les articles de Clara Grouzis\" target=\"_blank\" rel=\"noopener\">Clara Grouzis<\/a><br \/>\n        <\/strong><\/p>\n<p>        Publi\u00e9 le<\/p>\n<p>            5 sept. 2025 \u00e0 7h30        <\/p>\n<p>C\u2019\u00e9tait juste l\u00e0. L\u2019histoire commence en 2012 quand le squelette d\u2019Helmut est retrouv\u00e9. Dans une carri\u00e8re de granulats du groupe industriel Cemex, sur la commune de <a href=\"https:\/\/actu.fr\/ile-de-france\/changis-sur-marne_77084\" target=\"_blank\" rel=\"noopener\">Changis-sur-Marne<\/a>, des<a href=\"https:\/\/actu.fr\/ile-de-france\/changis-sur-marne_77084\/treize-ans-apres-quest-devenu-helmut-le-mammouth-briard_62976958.html\" target=\"_blank\" rel=\"noopener\"> ossements de mammouth<\/a> apparaissent au grand jour. Ce mammif\u00e8re laineux serait vieux de pr\u00e8s de 100 000\u00a0ans. Peu apr\u00e8s, les restes d\u2019un second sp\u00e9cimen, une femelle, sont retrouv\u00e9s. A ce moment-l\u00e0, germe l\u2019id\u00e9e de faire de cet endroit o\u00f9 les os ont \u00e9t\u00e9 retrouv\u00e9s, un <b>espace prot\u00e9g\u00e9<\/b>. Il faudra des ann\u00e9es pour convaincre tous les acteurs et trouver les financements pour faire de ce lieu d\u2019exploitation mini\u00e8re, un lieu de protection de la nature.<\/p>\n<p class=\" wall-content\">Mais c\u2019est d\u00e9sormais chose faite avec l\u2019espace naturel r\u00e9gional de la boucle des mammouths : environ <b>350 hectares de terres<\/b> o\u00f9 il sera possible de se promener, pique-niquer et profiter de la faune et la flore foisonnante.<\/p>\n<p>Pr\u00e8s de 350 hectares de nature<\/p>\n<p class=\" wall-content\">Comme le rappelle Achille Hourd\u00e9, maire de <a href=\"https:\/\/actu.fr\/ile-de-france\/jaignes_77235\" target=\"_blank\" rel=\"noopener\">Jaignes<\/a>, qui porte ce projet depuis des ann\u00e9es, le site a \u00e9t\u00e9 convoit\u00e9 par divers acteurs. Il aurait pu devenir une d\u00e9chetterie par exemple. Mais les acteurs locaux se sont mobilis\u00e9s et ont su convaincre la R\u00e9gion et le D\u00e9partement. L\u2019entreprise Cemex a quitt\u00e9 les lieux et remis en \u00e9tat le plan d\u2019eau. Le 29 ao\u00fbt 2025, tous les acteurs politiques visitaient ce lieu, en pr\u00e9sence du d\u00e9put\u00e9 Franck Riester.<\/p>\n<p>    <img   decoding=\"async\" loading=\"lazy\" class=\"size-large\" src=\"https:\/\/www.europesays.com\/fr\/wp-content\/uploads\/2025\/09\/ab3e38ae75b86bf3e38ae75b8b34e3v-960x640.jpg\" alt=\"Le d\u00e9put\u00e9 Franck Riester, le pr\u00e9sident de l'agglom\u00e9ration Ugo Pezzetta et le pr\u00e9sident du d\u00e9partement Jean-Fran\u00e7ois Parigi \u00e9taient pr\u00e9sents pour une visite des lieux.\" width=\"960\" height=\"640\"\/><br \/>\n    Le d\u00e9put\u00e9 Franck Riester, le pr\u00e9sident de l\u2019agglom\u00e9ration Ugo Pezzetta et le pr\u00e9sident du d\u00e9partement Jean-Fran\u00e7ois Parigi \u00e9taient pr\u00e9sents pour une visite des lieux. \u00a9CG\/LPBAm\u00e9nager les lieux pour accueillir le public<\/p>\n<p class=\" wall-content\">Le parc est d\u00e9sormais g\u00e9r\u00e9 par l\u2019agence r\u00e9gionale Ile-de-France Nature. Elle va mener une \u00e9tude sur l\u2019espace dans les ann\u00e9es \u00e0 venir afin de <b>dresser l\u2019inventaire des esp\u00e8ces<\/b> pr\u00e9sentes.<\/p>\n<p class=\" wall-content\">Il s\u2019agira aussi de r\u00e9fl\u00e9chir aux am\u00e9nagements n\u00e9cessaires \u00e0 l\u2019accueil du public, pour rendre le lieu plus accessible et faire respecter les r\u00e8gles n\u00e9cessaires \u00e0 la pr\u00e9servation de l\u2019environnement. \u00ab Il y a ici, une dizaine de couples de pie-grieches \u00e9corcheurs, des oiseaux rares, qui font l\u2019objet d\u2019un plan d\u2019action national, explique-t-on \u00e0 Ile-de-France Nature. C\u2019est int\u00e9ressant de voir que l\u2019esp\u00e8ce se reproduit ici. \u00bb Il faudra donc comprendre ce qui permet \u00e0 cette faune de se d\u00e9velopper et prot\u00e9ger les animaux qui doivent l\u2019\u00eatre. Certaines parcelles du parc appartiennent ou sont lou\u00e9es \u00e0 des agriculteurs qui ont un cahier des charges \u00e0 respecter.<\/p>\n<p>Votre r\u00e9gion, votre actu !<\/p>\n<p>Recevez chaque jour les infos qui comptent pour vous.<\/p>\n<p>\t<a href=\"https:\/\/actu.fr\/newsletter\" class=\"ac-btn ac-btn--corner ac-btn--medium ac-btn--blue800\" target=\"_blank\" rel=\"noopener\">S&rsquo;incrire<\/a><br \/>\nUne gare \u00e0 proximit\u00e9<\/p>\n<p class=\" wall-content\">\u00ab L\u2019objectif est de donner aux Franciliens un endroit o\u00f9 ils peuvent venir se promener, faire de la rando, pique-niquer, et avec une gare \u00e0 proximit\u00e9 \u00bb, assure Huguette Fouch\u00e9, conseill\u00e8re r\u00e9gionale d\u2019Ile-de-France. Le parc est en effet accessible \u00e0 pieds depuis la gare de Changis-sur-Marne, qui relie la capitale. Le pr\u00e9sident du D\u00e9partement Jean-Fran\u00e7ois Parigi temp\u00e8re : \u00ab Il ne faut pas que \u00e7a se transforme en site touristique o\u00f9 on ne contr\u00f4le plus rien. Il faut sauvegarder cet espace. \u00bb Et tous en louent la beaut\u00e9 et le calme.<\/p>\n<p class=\" wall-content\">Achille Hourd\u00e9, lui, aimerait que cet espace puisse devenir une liaison inter-gare : arriver depuis la gare de Changis-sur-Marne, faire sa randonn\u00e9e ou se balader \u00e0 v\u00e9lo, et repartir depuis celle d\u2019Isles-les-Meldeuses qui toutes les deux sont connect\u00e9es \u00e0 Paris. Pour le moment, il faut se frayer un chemin parmi les herbes bien hautes pour admirer la vue sur le lac artificiel et suivre la trace des mammouths.<\/p>\n<p class=\" wall-content\">Personnalisez votre actualit\u00e9 en ajoutant vos villes et m\u00e9dias en favori avec <a href=\"https:\/\/moncompte.actu.fr\" title=\"D\u00e9couvez Mon Actu\" rel=\"nofollow noopener\" data-trk=\"{&quot;cta&quot;:{&quot;action&quot;:&quot;https:\\\/\\\/moncompte.actu.fr&quot;,&quot;category&quot;:&quot;mon compte&quot;,&quot;from&quot;:&quot;article footer&quot;,&quot;name&quot;:&quot;Mon actu&quot;,&quot;type&quot;:&quot;cta&quot;}}\" target=\"_blank\">Mon Actu<\/a>.<\/p>\n","protected":false},"excerpt":{"rendered":"Par Clara Grouzis Publi\u00e9 le 5 sept. 2025 \u00e0 7h30 C\u2019\u00e9tait juste l\u00e0. L\u2019histoire commence en 2012 quand&hellip;\n","protected":false},"author":2,"featured_media":367538,"comment_status":"","ping_status":"","sticky":false,"template":"","format":"standard","meta":{"footnotes":""},"categories":[1592],"tags":[1111,11,730,436,1777,674,1011,27,937,662,12,626,25,2631],"class_list":{"0":"post-367537","1":"post","2":"type-post","3":"status-publish","4":"format-standard","5":"has-post-thumbnail","7":"category-ile-de-france","8":"tag-actu","9":"tag-actualites","10":"tag-archeologie","11":"tag-environnement","12":"tag-eu","13":"tag-europe","14":"tag-fr","15":"tag-france","16":"tag-histoire","17":"tag-ile-de-france","18":"tag-news","19":"tag-paris","20":"tag-republique-francaise","21":"tag-sciences-technologie"},"share_on_mastodon":{"url":"https:\/\/pubeurope.com\/@fr\/115150325321644970","error":""},"_links":{"self":[{"href":"https:\/\/www.europesays.com\/fr\/wp-json\/wp\/v2\/posts\/367537","targetHints":{"allow":["GET"]}}],"collection":[{"href":"https:\/\/www.europesays.com\/fr\/wp-json\/wp\/v2\/posts"}],"about":[{"href":"https:\/\/www.europesays.com\/fr\/wp-json\/wp\/v2\/types\/post"}],"author":[{"embeddable":true,"href":"https:\/\/www.europesays.com\/fr\/wp-json\/wp\/v2\/users\/2"}],"replies":[{"embeddable":true,"href":"https:\/\/www.europesays.com\/fr\/wp-json\/wp\/v2\/comments?post=367537"}],"version-history":[{"count":0,"href":"https:\/\/www.europesays.com\/fr\/wp-json\/wp\/v2\/posts\/367537\/revisions"}],"wp:featuredmedia":[{"embeddable":true,"href":"https:\/\/www.europesays.com\/fr\/wp-json\/wp\/v2\/media\/367538"}],"wp:attachment":[{"href":"https:\/\/www.europesays.com\/fr\/wp-json\/wp\/v2\/media?parent=367537"}],"wp:term":[{"taxonomy":"category","embeddable":true,"href":"https:\/\/www.europesays.com\/fr\/wp-json\/wp\/v2\/categories?post=367537"},{"taxonomy":"post_tag","embeddable":true,"href":"https:\/\/www.europesays.com\/fr\/wp-json\/wp\/v2\/tags?post=367537"}],"curies":[{"name":"wp","href":"https:\/\/api.w.org\/{rel}","templated":true}]}}