{"id":367548,"date":"2025-09-05T06:46:11","date_gmt":"2025-09-05T06:46:11","guid":{"rendered":"https:\/\/www.europesays.com\/fr\/367548\/"},"modified":"2025-09-05T06:46:11","modified_gmt":"2025-09-05T06:46:11","slug":"nimporte-quelle-force-occidentale-sera-une-cible-legitime-pour-larmee-russe-previent-poutine","status":"publish","type":"post","link":"https:\/\/www.europesays.com\/fr\/367548\/","title":{"rendered":"n\u2019importe quelle force occidentale sera une \u00abcible l\u00e9gitime\u00bb pour l\u2019arm\u00e9e russe, pr\u00e9vient Poutine"},"content":{"rendered":"<p>Vladimir Poutine a averti que toute intervention \u00e9trang\u00e8re en Ukraine entra\u00eenerait une riposte militaire russe, tout en r\u00e9it\u00e9rant son appel \u00e0 une discussion directe avec Kiev.<\/p>\n<p class=\"fig-paragraph\">\u00ab Si des forces quelles qu\u2019elles soient y mettent les pieds, surtout maintenant au moment o\u00f9 des combats sont en cours, nous partirons du principe qu\u2019elles seront des cibles l\u00e9gitimes\u00a0\u00bb pour l\u2019arm\u00e9e russe, a d\u00e9clar\u00e9 le pr\u00e9sident russe\u00a0<a href=\"https:\/\/www.lefigaro.fr\/international\/guerre-ukraine-russie-direct-president-donald-trump-vladimir-poutine-france-kiev-20250904\" data-fig-type=\"Live\" data-gtm-custom-categorie=\"navigation\" data-gtm-custom-action=\"crossclick\" data-gtm-custom-label=\"Contextuel\" data-gtm-event=\"customEventSPE\" data-fig-domain=\"LEFIGARO\" rel=\"nofollow noopener\" target=\"_blank\">Vladimir Poutine<\/a>\u00a0lors d\u2019un Forum \u00e9conomique de l\u2019Est \u00e0 Vladivostok (Extr\u00eame-Orient). Selon lui, l\u2019adh\u00e9sion \u00e9ventuelle de\u00a0<a href=\"http:\/\/www.lefigaro.fr\/international\/la-coalition-des-volontaires-cherche-toujours-a-confirmer-le-soutien-de-donald-trump-20250904\" data-fig-type=\"Article\" data-gtm-custom-categorie=\"navigation\" data-gtm-custom-action=\"crossclick\" data-gtm-custom-label=\"Contextuel\" data-gtm-event=\"customEventSPE\" data-fig-domain=\"LEFIGARO\" rel=\"nofollow noopener\" target=\"_blank\">l\u2019Ukraine<\/a>\u00a0\u00e0 l\u2019Otan reste \u00abtotalement inacceptable\u00bb pour Moscou.<\/p>\n<p class=\"fig-paragraph\">Le Kremlin, par la voix de son porte-parole Dmitri Peskov, a \u00e9galement r\u00e9affirm\u00e9 son opposition \u00ababsolue\u00bb aux garanties militaire am\u00e9ricaines et europ\u00e9ennes offertes \u00e0 Kiev. \u00abLes \u00e9trangers, en particulier les contingents militaires europ\u00e9ens et am\u00e9ricains, peuvent-ils fournir et\u00a0<a href=\"http:\/\/www.lefigaro.fr\/international\/la-russie-poursuit-sa-pression-militaire-sur-plusieurs-points-du-front-en-ukraine-20250904\" data-fig-type=\"Article\" data-gtm-custom-categorie=\"navigation\" data-gtm-custom-action=\"crossclick\" data-gtm-custom-label=\"Contextuel\" data-gtm-event=\"customEventSPE\" data-fig-domain=\"LEFIGARO\" rel=\"nofollow noopener\" target=\"_blank\">garantir la s\u00e9curit\u00e9<\/a> \u00a0de l\u2019Ukraine? Absolument pas, ils ne le peuvent pas\u00bb, a-t-il insist\u00e9 aupr\u00e8s de l\u2019agence d\u2019\u00c9tat Ria Novosti, ajoutant que cela ne pourrait constituer une garantie de s\u00e9curit\u00e9 \u00abconvenant \u00e0 notre pays\u00bb.<\/p>\n<p>                                    <a class=\"fig-a11y-skip a11y-hidden\" href=\"#fig-a11y-skip-main-inarticle\"><br \/>\n        Passer la publicit\u00e9<br \/>\n    <\/a><\/p>\n<p>\u00abDes obstacles juridiques en Ukraine\u00bb<\/p>\n<p class=\"fig-paragraph\">Dmitri Peskov a \u00e9galement accus\u00e9 les Europ\u00e9ens d\u2019\u00abentraver\u00bb le r\u00e8glement du conflit, estimant que l\u2019Europe poursuit ses tentatives de faire de l\u2019Ukraine \u00able centre de tout ce qui est antirusse\u00bb. Ces critiques interviennent dans un contexte o\u00f9 Vladimir Poutine se dit pr\u00eat \u00e0 reprendre des contacts directs avec Kiev, en proposant Moscou comme lieu de sommet et en assurant que la Russie \u00abfournirait la s\u00e9curit\u00e9\u00bb d\u2019une telle rencontre.<\/p>\n<p class=\"fig-paragraph\">Sur le plan d\u2019un \u00e9ventuel r\u00e8glement de paix, le pr\u00e9sident russe a soulign\u00e9 l\u2019existence \u00abd\u2019obstacles juridiques en Ukraine\u00bb pour un accord sur les territoires et a assur\u00e9 que la Russie respecterait tout engagement conclu. Il a par ailleurs estim\u00e9 \u00abinutile\u00bb le d\u00e9ploiement de forces \u00e9trang\u00e8res en Ukraine si un accord de paix \u00e9tait trouv\u00e9.<\/p>\n<p class=\"fig-paragraph\">Ces d\u00e9clarations interviennent alors que l\u2019arm\u00e9e ukrainienne a revendiqu\u00e9 vendredi une attaque de drones contre la raffinerie p\u00e9troli\u00e8re de Riazan, en Russie, ainsi que contre un d\u00e9p\u00f4t p\u00e9trolier dans la r\u00e9gion de Louhansk occup\u00e9e, selon un communiqu\u00e9 publi\u00e9 sur Telegram par le commandant des forces de drones ukrainiennes.<\/p>\n","protected":false},"excerpt":{"rendered":"Vladimir Poutine a averti que toute intervention \u00e9trang\u00e8re en Ukraine entra\u00eenerait une riposte militaire russe, tout en r\u00e9it\u00e9rant&hellip;\n","protected":false},"author":2,"featured_media":367549,"comment_status":"","ping_status":"","sticky":false,"template":"","format":"standard","meta":{"footnotes":""},"categories":[1590],"tags":[11,1777,674,131,12,132,220],"class_list":{"0":"post-367548","1":"post","2":"type-post","3":"status-publish","4":"format-standard","5":"has-post-thumbnail","7":"category-ukraine","8":"tag-actualites","9":"tag-eu","10":"tag-europe","11":"tag-guerre-en-ukraine","12":"tag-news","13":"tag-russie","14":"tag-ukraine"},"share_on_mastodon":{"url":"https:\/\/pubeurope.com\/@fr\/115150348830432957","error":""},"_links":{"self":[{"href":"https:\/\/www.europesays.com\/fr\/wp-json\/wp\/v2\/posts\/367548","targetHints":{"allow":["GET"]}}],"collection":[{"href":"https:\/\/www.europesays.com\/fr\/wp-json\/wp\/v2\/posts"}],"about":[{"href":"https:\/\/www.europesays.com\/fr\/wp-json\/wp\/v2\/types\/post"}],"author":[{"embeddable":true,"href":"https:\/\/www.europesays.com\/fr\/wp-json\/wp\/v2\/users\/2"}],"replies":[{"embeddable":true,"href":"https:\/\/www.europesays.com\/fr\/wp-json\/wp\/v2\/comments?post=367548"}],"version-history":[{"count":0,"href":"https:\/\/www.europesays.com\/fr\/wp-json\/wp\/v2\/posts\/367548\/revisions"}],"wp:featuredmedia":[{"embeddable":true,"href":"https:\/\/www.europesays.com\/fr\/wp-json\/wp\/v2\/media\/367549"}],"wp:attachment":[{"href":"https:\/\/www.europesays.com\/fr\/wp-json\/wp\/v2\/media?parent=367548"}],"wp:term":[{"taxonomy":"category","embeddable":true,"href":"https:\/\/www.europesays.com\/fr\/wp-json\/wp\/v2\/categories?post=367548"},{"taxonomy":"post_tag","embeddable":true,"href":"https:\/\/www.europesays.com\/fr\/wp-json\/wp\/v2\/tags?post=367548"}],"curies":[{"name":"wp","href":"https:\/\/api.w.org\/{rel}","templated":true}]}}