{"id":367550,"date":"2025-09-05T06:47:10","date_gmt":"2025-09-05T06:47:10","guid":{"rendered":"https:\/\/www.europesays.com\/fr\/367550\/"},"modified":"2025-09-05T06:47:10","modified_gmt":"2025-09-05T06:47:10","slug":"marche-le-rapport-sur-lemploi-aux-usa-attendu-avec-serenite","status":"publish","type":"post","link":"https:\/\/www.europesays.com\/fr\/367550\/","title":{"rendered":"March\u00e9 : le rapport sur l&#8217;emploi aux USA attendu avec s\u00e9r\u00e9nit\u00e9"},"content":{"rendered":"<p>                    La Bourse de Paris devrait ouvrir en l\u00e9g\u00e8re hausse vendredi dans un march\u00e9 occup\u00e9 \u00e0 attendre le rapport sur l&#8217;emploi aux Etats-Unis, qui appara\u00eet comme une ultime case \u00e0 cocher en vue d&rsquo;une baisse des taux de la R\u00e9serve f\u00e9d\u00e9rale dans une dizaine de jours.<\/p>\n<p>Vers 8h10, le contrat &lsquo;future&rsquo; sur l&rsquo;indice CAC 40 &#8211; livraison septembre &#8211; s&rsquo;adjuge 29 points \u00e0 7735 points, signalant une modeste progression en d\u00e9but de s\u00e9ance.<\/p>\n<p>Sauf \u00e9norme surprise, rien ne semble \u00eatre en mesure de faire d\u00e9vier les anticipations d&rsquo;un assouplissement mon\u00e9taire \u00e0 l&rsquo;issue de la prochaine r\u00e9union du FOMC, le comit\u00e9 strat\u00e9gique de la banque centrale am\u00e9ricaine, pr\u00e9vue les 16 et 17 septembre.<\/p>\n<p>Les traders tablent d\u00e9sormais avec une probabilit\u00e9 de plus de 99% sur une baisse de 25 points de base, selon le barom\u00e8tre FedWatch du CME.<\/p>\n<p>Les investisseurs esp\u00e8rent cependant que la tendance au ralentissement du march\u00e9 du travail, illustr\u00e9e dans les enqu\u00eates ADP et &lsquo;JOLTS&rsquo; parues ces derniers jours, sera bien confirm\u00e9e dans les chiffres officiels que livrera le D\u00e9partement du Travail \u00e0 14h30.<\/p>\n<p>Les \u00e9conomistes pr\u00e9voient autour de 75.000 cr\u00e9ations de postes au mois d&rsquo;ao\u00fbt, contre 73.000 en juillet, pour un taux de ch\u00f4mage attendu en hausse \u00e0 4,3%, apr\u00e8s 4,2% le mois pr\u00e9c\u00e9dent.<\/p>\n<p>&lsquo;Un mauvais rapport sur l&#8217;emploi pour le mois d&rsquo;ao\u00fbt et\/ou des r\u00e9visions annuelles du niveau d&#8217;emploi tr\u00e8s n\u00e9gatives (&#8230;.) pourraient m\u00eame ouvrir la voie \u00e0 une baisse de 50 points de base&rsquo;, estime Bastien Drut, responsable de la strat\u00e9gie et des \u00e9tudes \u00e9conomiques chez CPRAM.<\/p>\n<p>Au-del\u00e0 de la situation de l&#8217;emploi, la Fed surveille toujours avec une grande attention l&rsquo;\u00e9volution de l&rsquo;inflation et l&rsquo;impact sur les prix des nouveaux droits de douane impos\u00e9s par l&rsquo;administration Trump, des pressions qui pourraient appara\u00eetre dans les indices CPI et PPI qui seront d\u00e9voil\u00e9s la semaine prochaine.<\/p>\n<p>Tous les yeux n&rsquo;en seront pas moins riv\u00e9s cet apr\u00e8s-midi sur les chiffres de l&#8217;emploi am\u00e9ricain, qui pourraient \u00e9galement avoir des r\u00e9percussions sur le march\u00e9 obligataire suite au brusque regain de tensions du d\u00e9but de semaine, qui avait mis les intervenants sur le qui-vive.<\/p>\n<p>Aux Etats-Unis, l&#8217;embellie sur l&rsquo;obligataire qui s&rsquo;\u00e9tait dessin\u00e9e mercredi a n\u00e9anmoins pris de l&rsquo;ampleur hier suite \u00e0 une d\u00e9ferlante de statistiques ayant contribu\u00e9 \u00e0 renforcer l&rsquo;optimisme des acheteurs.<\/p>\n<p>Autour de 4,17%, le rendement des Treasuries \u00e0 dix ans revient \u00e0 des plus bas de quatre mois, traduisant la perspective de plusieurs baisses de taux de la Fed d&rsquo;ici \u00e0 la fin de l&rsquo;ann\u00e9e.<\/p>\n<p>En Europe, la confiance revient de fa\u00e7on encore plus marqu\u00e9e qu&rsquo;Outre-Atlantique: le rendement du Bund \u00e0 10 ans allemand se d\u00e9tend vers 2,71% apr\u00e8s avoir flirt\u00e9 hier avec des plus hauts pluriannuels autour de 2,80%, tandis que celui des OAT retombe \u00e0 3,49%.<\/p>\n<p>Sur le march\u00e9 des changes, l&rsquo;euro se stabilise autour de 1,1675 dollar en attendant les chiffres de l&#8217;emploi.<\/p>\n<p>Sur le front du p\u00e9trole, les cours p\u00e9troliers poursuivent leur consolidation alors que l&rsquo;Opep et ses alli\u00e9s pourraient annoncer dimanche une nouvelle augmentation de la production en d\u00e9pit des incertitudes entourant la demande, un repli renforc\u00e9 par l&rsquo;annonce hier d&rsquo;une hausse des stocks de brut am\u00e9ricains.<\/p>\n<p>Le Brent recule de 0,1% \u00e0 66,9 dollars et le WTI texan c\u00e8de 0,2% sous 63,4 dollars, ce dernier se dirigeant vers des pertes de plus de 1,1% sur l&rsquo;ensemble de la semaine apr\u00e8s avoir r\u00e9ussi \u00e0 aligner deux semaines cons\u00e9cutives de hausse.<\/p>\n","protected":false},"excerpt":{"rendered":"La Bourse de Paris devrait ouvrir en l\u00e9g\u00e8re hausse vendredi dans un march\u00e9 occup\u00e9 \u00e0 attendre le rapport&hellip;\n","protected":false},"author":2,"featured_media":48534,"comment_status":"","ping_status":"","sticky":false,"template":"","format":"standard","meta":{"footnotes":""},"categories":[1589],"tags":[11,340,73,1866,12,1864,1865,1863,308],"class_list":{"0":"post-367550","1":"post","2":"type-post","3":"status-publish","4":"format-standard","5":"has-post-thumbnail","7":"category-etats-unis","8":"tag-actualites","9":"tag-bourse","10":"tag-etats-unis","11":"tag-etats-unis-damerique","12":"tag-news","13":"tag-united-states","14":"tag-united-states-of-america","15":"tag-us","16":"tag-usa"},"share_on_mastodon":{"url":"https:\/\/pubeurope.com\/@fr\/115150352919523570","error":""},"_links":{"self":[{"href":"https:\/\/www.europesays.com\/fr\/wp-json\/wp\/v2\/posts\/367550","targetHints":{"allow":["GET"]}}],"collection":[{"href":"https:\/\/www.europesays.com\/fr\/wp-json\/wp\/v2\/posts"}],"about":[{"href":"https:\/\/www.europesays.com\/fr\/wp-json\/wp\/v2\/types\/post"}],"author":[{"embeddable":true,"href":"https:\/\/www.europesays.com\/fr\/wp-json\/wp\/v2\/users\/2"}],"replies":[{"embeddable":true,"href":"https:\/\/www.europesays.com\/fr\/wp-json\/wp\/v2\/comments?post=367550"}],"version-history":[{"count":0,"href":"https:\/\/www.europesays.com\/fr\/wp-json\/wp\/v2\/posts\/367550\/revisions"}],"wp:featuredmedia":[{"embeddable":true,"href":"https:\/\/www.europesays.com\/fr\/wp-json\/wp\/v2\/media\/48534"}],"wp:attachment":[{"href":"https:\/\/www.europesays.com\/fr\/wp-json\/wp\/v2\/media?parent=367550"}],"wp:term":[{"taxonomy":"category","embeddable":true,"href":"https:\/\/www.europesays.com\/fr\/wp-json\/wp\/v2\/categories?post=367550"},{"taxonomy":"post_tag","embeddable":true,"href":"https:\/\/www.europesays.com\/fr\/wp-json\/wp\/v2\/tags?post=367550"}],"curies":[{"name":"wp","href":"https:\/\/api.w.org\/{rel}","templated":true}]}}