{"id":367555,"date":"2025-09-05T06:50:14","date_gmt":"2025-09-05T06:50:14","guid":{"rendered":"https:\/\/www.europesays.com\/fr\/367555\/"},"modified":"2025-09-05T06:50:14","modified_gmt":"2025-09-05T06:50:14","slug":"14-dutilisateurs-en-europe-mais-des-derives-inquietantes-en-parallele","status":"publish","type":"post","link":"https:\/\/www.europesays.com\/fr\/367555\/","title":{"rendered":"+14 % d\u2019utilisateurs en Europe, mais des d\u00e9rives inqui\u00e9tantes en parall\u00e8le"},"content":{"rendered":"<p>Si de plus en plus de professionnels s\u2019int\u00e9ressent de tr\u00e8s pr\u00e8s \u00e0 LinkedIn, si bien que des \u00e9tudes cherchent \u00e0 analyser les meilleures <strong>fr\u00e9quences de publication<\/strong> <a href=\"https:\/\/siecledigital.fr\/2025\/09\/02\/etude-linkedin-et-si-la-frequence-de-publication-etait-la-cle-du-succes\/\" rel=\"nofollow noopener\" target=\"_blank\">sur le r\u00e9seau social<\/a>, cela se confirme \u00e9galement dans les chiffres.<\/p>\n<p>Publicit\u00e9<\/p>\n<p><a data-bid=\"1\" data-no-instant=\"1\" href=\"https:\/\/siecledigital.fr\/linkout\/411269\" rel=\"noopener nofollow\" class=\"notrack\" target=\"_blank\" aria-label=\"\"><img loading=\"lazy\" decoding=\"async\" src=\"https:\/\/www.europesays.com\/fr\/wp-content\/uploads\/2025\/07\/hubspot250.png\" alt=\"\"   width=\"250\" height=\"250\" style=\"display: inline-block;\"\/><\/a><\/p>\n<p>En effet, selon le dernier rapport de transparence publi\u00e9 dans le cadre du <strong>Digital Services Act<\/strong> (DSA) <a href=\"https:\/\/content.linkedin.com\/content\/dam\/help\/tns\/en\/August-2025-Digital-Services-Act-Transparency-Report.pdf\" target=\"_blank\" rel=\"noopener nofollow\">publi\u00e9 ces derni\u00e8res heures<\/a>, LinkedIn communique sur une progression de <strong>14% de ses utilisateurs actifs en Europe<\/strong> sur le premier semestre 2025. Malheureusement, cette dynamique s\u2019accompagne d\u2019une hausse significative des signalements li\u00e9s \u00e0 la d\u00e9sinformation, aux discours de haine et au harc\u00e8lement\u2026<\/p>\n<p>Une croissance rapide, mais un usage contrast\u00e9<br \/>\n<img loading=\"lazy\" decoding=\"async\" aria-describedby=\"caption-attachment-413689\" class=\"size-full wp-image-413689\" src=\"https:\/\/www.europesays.com\/fr\/wp-content\/uploads\/2025\/09\/linkedin-europe.jpeg\" alt=\"La croissance est bien plus marqu\u00e9e dans certains pays - Source&amp;nbsp: LinkedIn\" width=\"475\" height=\"511\"  \/><\/p>\n<p id=\"caption-attachment-413689\" class=\"wp-caption-text\">La croissance est bien plus marqu\u00e9e dans certains pays \u2013 Source&amp;nbsp: LinkedIn<\/p>\n<p>Selon le rapport publi\u00e9, au premier semestre 2025, LinkedIn revendique <strong>54,7 millions d\u2019utilisateurs actifs mensuels connect\u00e9s en Europe<\/strong>, ainsi que 213 millions de visites effectu\u00e9es par des internautes non-connect\u00e9s.<\/p>\n<p>Depuis mars 2024, la plateforme observe de fortes progressions dans des march\u00e9s \u00e9mergents comme la <strong>Slov\u00e9nie<\/strong> (+100 %), la <strong>Lituanie<\/strong> (+50 %) et la <strong>Tch\u00e9quie<\/strong> (+33 %). Du c\u00f4t\u00e9 des pays europ\u00e9ens les plus matures, la croissance est \u00e9galement au rendez-vous, avec une moyenne qui se situe autour de 10%.<\/p>\n<p>Des r\u00e9sultats nuanc\u00e9s au niveau mondial&amp;nbsp?<br \/>\n<img loading=\"lazy\" decoding=\"async\" aria-describedby=\"caption-attachment-413688\" class=\"size-full wp-image-413688\" src=\"https:\/\/www.europesays.com\/fr\/wp-content\/uploads\/2025\/09\/linkedin-monde.jpg\" alt=\"Aper\u00e7u des utilisateurs dans le monde - Source&amp;nbsp: LinkedIn\" width=\"1374\" height=\"758\"  \/><\/p>\n<p id=\"caption-attachment-413688\" class=\"wp-caption-text\">Aper\u00e7u des utilisateurs dans le monde \u2013 Source&amp;nbsp: LinkedIn<\/p>\n<p>Derri\u00e8re ces bons r\u00e9sultats, la r\u00e9alit\u00e9 de l\u2019engagement m\u00e9rite toutefois d\u2019\u00eatre nuanc\u00e9e. En effet, LinkedIn affirme avoir plus de 160 millions de membres en Europe, <strong>mais seule une partie se connecte chaque mois<\/strong>, soit environ 36%.<\/p>\n<p>A l\u2019\u00e9chelle mondiale, cette donn\u00e9e sugg\u00e8re que l\u2019audience active de la plateforme tourne autour de 432 millions d\u2019utilisateurs, ce qui est bien <strong>en dessous des 1,2 milliard de membres annonc\u00e9s<\/strong>.<\/p>\n<p>Cette diff\u00e9rence illustre \u00e9galement l\u2019\u00e9cart fr\u00e9quent entre le nombre total d\u2019inscriptions et le v\u00e9ritable usage actif d\u2019un r\u00e9seau social, m\u00eame si LinkedIn reste en croissance, avec une fr\u00e9quentation en hausse \u00e0 deux chiffres dans la majorit\u00e9 des march\u00e9s europ\u00e9ens.<\/p>\n<p>D\u00e9sinformation, haine et harc\u00e8lement en hausse<br \/>\n<img loading=\"lazy\" decoding=\"async\" aria-describedby=\"caption-attachment-413687\" class=\"size-full wp-image-413687\" src=\"https:\/\/www.europesays.com\/fr\/wp-content\/uploads\/2025\/09\/linkedin-problemes.jpg\" alt=\"Un aper\u00e7u des signalements sur LinkedIn - Source&amp;nbsp: LinkedIn\" width=\"1370\" height=\"798\"  \/><\/p>\n<p id=\"caption-attachment-413687\" class=\"wp-caption-text\">Un aper\u00e7u des signalements sur LinkedIn \u2013 Source&amp;nbsp: LinkedIn<\/p>\n<p>L\u2019augmentation du nombre d\u2019utilisateurs s\u2019accompagne d\u2019une <strong>recrudescence des comportements probl\u00e9matiques<\/strong>. Selon le rapport DSA, <strong>les signalements de d\u00e9sinformation ont progress\u00e9 de 25%<\/strong> sur le premier semestre 2025, tandis que ceux li\u00e9s aux discours de haine ont augment\u00e9 de 12 %. Plus pr\u00e9occupant encore, les cas de harc\u00e8lement signal\u00e9s par les membres europ\u00e9ens ont bondi de 33% en un an.<\/p>\n<p>\u00c0 l\u2019inverse, les signalements concernant les faux comptes n\u2019ont augment\u00e9 que de 11% sur la p\u00e9riode, malgr\u00e9 des inqui\u00e9tudes persistantes de la part de certains utilisateurs sur la prolif\u00e9ration de profils douteux ou de contenus g\u00e9n\u00e9r\u00e9s par IA.<\/p>\n<p>Face \u00e0 cette tendance, LinkedIn a annonc\u00e9 renforcer ses \u00e9quipes de mod\u00e9ration, et l\u2019entreprise compte d\u00e9sormais <strong>1 757 mod\u00e9rateurs dans le monde<\/strong>, soit une hausse de 52% depuis mars 2024.<\/p>\n","protected":false},"excerpt":{"rendered":"Si de plus en plus de professionnels s\u2019int\u00e9ressent de tr\u00e8s pr\u00e8s \u00e0 LinkedIn, si bien que des \u00e9tudes&hellip;\n","protected":false},"author":2,"featured_media":367556,"comment_status":"","ping_status":"","sticky":false,"template":"","format":"standard","meta":{"footnotes":""},"categories":[1586],"tags":[11,1777,674,1011,27,18391,12,25],"class_list":{"0":"post-367555","1":"post","2":"type-post","3":"status-publish","4":"format-standard","5":"has-post-thumbnail","7":"category-europe","8":"tag-actualites","9":"tag-eu","10":"tag-europe","11":"tag-fr","12":"tag-france","13":"tag-linkedin","14":"tag-news","15":"tag-republique-francaise"},"share_on_mastodon":{"url":"https:\/\/pubeurope.com\/@fr\/115150364882888322","error":""},"_links":{"self":[{"href":"https:\/\/www.europesays.com\/fr\/wp-json\/wp\/v2\/posts\/367555","targetHints":{"allow":["GET"]}}],"collection":[{"href":"https:\/\/www.europesays.com\/fr\/wp-json\/wp\/v2\/posts"}],"about":[{"href":"https:\/\/www.europesays.com\/fr\/wp-json\/wp\/v2\/types\/post"}],"author":[{"embeddable":true,"href":"https:\/\/www.europesays.com\/fr\/wp-json\/wp\/v2\/users\/2"}],"replies":[{"embeddable":true,"href":"https:\/\/www.europesays.com\/fr\/wp-json\/wp\/v2\/comments?post=367555"}],"version-history":[{"count":0,"href":"https:\/\/www.europesays.com\/fr\/wp-json\/wp\/v2\/posts\/367555\/revisions"}],"wp:featuredmedia":[{"embeddable":true,"href":"https:\/\/www.europesays.com\/fr\/wp-json\/wp\/v2\/media\/367556"}],"wp:attachment":[{"href":"https:\/\/www.europesays.com\/fr\/wp-json\/wp\/v2\/media?parent=367555"}],"wp:term":[{"taxonomy":"category","embeddable":true,"href":"https:\/\/www.europesays.com\/fr\/wp-json\/wp\/v2\/categories?post=367555"},{"taxonomy":"post_tag","embeddable":true,"href":"https:\/\/www.europesays.com\/fr\/wp-json\/wp\/v2\/tags?post=367555"}],"curies":[{"name":"wp","href":"https:\/\/api.w.org\/{rel}","templated":true}]}}