{"id":367557,"date":"2025-09-05T06:51:18","date_gmt":"2025-09-05T06:51:18","guid":{"rendered":"https:\/\/www.europesays.com\/fr\/367557\/"},"modified":"2025-09-05T06:51:18","modified_gmt":"2025-09-05T06:51:18","slug":"le-genocide-a-gaza-met-en-lumiere-lechec-de-leurope-a-agir-et-a-parler-dune-seule-voix","status":"publish","type":"post","link":"https:\/\/www.europesays.com\/fr\/367557\/","title":{"rendered":"\u00ab Le g\u00e9nocide \u00e0 Gaza met en lumi\u00e8re l\u2019\u00e9chec de l\u2019Europe \u00e0 agir et \u00e0 parler d\u2019une seule voix \u00bb"},"content":{"rendered":"<p>AA \/ Bruxelles \/ Melike Pala <\/p>\n<p>La vice-pr\u00e9sidente ex\u00e9cutive de la Commission europ\u00e9enne, Teresa Ribera, a qualifi\u00e9 jeudi la guerre d\u2019Isra\u00ebl \u00e0 Gaza de \u00ab g\u00e9nocide \u00bb, tout en fustigeant l\u2019incapacit\u00e9 de l\u2019Europe \u00e0 agir de mani\u00e8re unie face \u00e0 ce sujet.<\/p>\n<p>\u00ab Le g\u00e9nocide \u00e0 Gaza met en lumi\u00e8re l\u2019\u00e9chec de l\u2019Europe \u00e0 agir et \u00e0 parler d\u2019une seule voix, alors que les manifestations se multiplient dans les villes europ\u00e9ennes et que 14 membres du Conseil de s\u00e9curit\u00e9 de l\u2019ONU r\u00e9clament un cessez-le-feu imm\u00e9diat \u00bb, a d\u00e9clar\u00e9 Ribera dans un discours prononc\u00e9 devant des \u00e9tudiants de Sciences Po \u00e0 Paris.<\/p>\n<p>Ribera a estim\u00e9 que la guerre \u00e0 Gaza repr\u00e9sente \u00ab une v\u00e9ritable \u00e9preuve, non seulement pour les Europ\u00e9ens mais pour le monde entier \u00bb.<\/p>\n<p>Tout en d\u00e9plorant \u00ab la frustration \u00bb suscit\u00e9e par l\u2019incapacit\u00e9 de l\u2019UE \u00e0 r\u00e9agir de mani\u00e8re d\u00e9cisive, elle a appel\u00e9 \u00e0 poursuivre les efforts pour la paix.<\/p>\n<p>\u00ab Il est tr\u00e8s frustrant de voir que nous rencontrons encore des difficult\u00e9s \u00e0 nous exprimer de fa\u00e7on unie, et je fais partie de ceux qui ressentent cette frustration \u00bb, a-t-elle confi\u00e9.<\/p>\n<p>Malgr\u00e9 des progr\u00e8s jug\u00e9s lents, Ribera a soulign\u00e9 l\u2019importance de \u00ab poursuivre le travail, ne pas c\u00e9der \u00e0 la frustration, mais pers\u00e9v\u00e9rer dans la lutte pour obtenir un cessez-le-feu, la lib\u00e9ration des otages, la protection des civils et des journalistes, ainsi que le retour \u00e0 une vie normale pour la population \u00bb.<\/p>\n<p>Il s\u2019agit de la condamnation la plus ferme formul\u00e9e \u00e0 ce jour par une responsable europ\u00e9enne, m\u00eame si la Commission europ\u00e9enne n\u2019a pas officiellement qualifi\u00e9 la guerre \u00e0 Gaza de \u00ab g\u00e9nocide \u00bb.<\/p>\n<p>Depuis octobre 2023, les attaques isra\u00e9liennes ont fait plus de 64 000 morts dans l\u2019enclave, d\u00e9truit ou endommag\u00e9 la majorit\u00e9 des b\u00e2timents et provoqu\u00e9 plusieurs vagues de d\u00e9placements forc\u00e9s. <\/p>\n<p>* traduit de l&rsquo;anglais par Ayse Betul Akcesme<\/p>\n<p>                            &#13;<br \/>\n                                <a href=\"https:\/\/www.aa.com.tr\/fr\/p\/abonnement\/1001\" target=\"_blank\" style=\"font-size:12px; color:#444; text-decoration:none;\" rel=\"nofollow noopener\">&#13;<br \/>\n                                    Seulement une partie des d\u00e9p\u00eaches, que l&rsquo;Agence Anadolu diffuse \u00e0 ses abonn\u00e9s via le Syst\u00e8me de Diffusion interne (HAS), est diffus\u00e9e sur le site de l&rsquo;AA, de mani\u00e8re r\u00e9sum\u00e9e. <b style=\"color:#1897F7\">Contactez-nous s&rsquo;il vous pla\u00eet pour vous abonner.<\/b>&#13;<br \/>\n                                <\/a>&#13;<\/p>\n","protected":false},"excerpt":{"rendered":"AA \/ Bruxelles \/ Melike Pala La vice-pr\u00e9sidente ex\u00e9cutive de la Commission europ\u00e9enne, Teresa Ribera, a qualifi\u00e9 jeudi&hellip;\n","protected":false},"author":2,"featured_media":367558,"comment_status":"","ping_status":"","sticky":false,"template":"","format":"standard","meta":{"footnotes":""},"categories":[1586],"tags":[11,1785,1777,674,1779,1011,27,50189,12,25,1778,364],"class_list":{"0":"post-367557","1":"post","2":"type-post","3":"status-publish","4":"format-standard","5":"has-post-thumbnail","7":"category-europe","8":"tag-actualites","9":"tag-anadolu-ajansi","10":"tag-eu","11":"tag-europe","12":"tag-european-union","13":"tag-fr","14":"tag-france","15":"tag-gnocide-gaza","16":"tag-news","17":"tag-republique-francaise","18":"tag-ue","19":"tag-union-europeenne"},"share_on_mastodon":{"url":"https:\/\/pubeurope.com\/@fr\/115150368554378450","error":""},"_links":{"self":[{"href":"https:\/\/www.europesays.com\/fr\/wp-json\/wp\/v2\/posts\/367557","targetHints":{"allow":["GET"]}}],"collection":[{"href":"https:\/\/www.europesays.com\/fr\/wp-json\/wp\/v2\/posts"}],"about":[{"href":"https:\/\/www.europesays.com\/fr\/wp-json\/wp\/v2\/types\/post"}],"author":[{"embeddable":true,"href":"https:\/\/www.europesays.com\/fr\/wp-json\/wp\/v2\/users\/2"}],"replies":[{"embeddable":true,"href":"https:\/\/www.europesays.com\/fr\/wp-json\/wp\/v2\/comments?post=367557"}],"version-history":[{"count":0,"href":"https:\/\/www.europesays.com\/fr\/wp-json\/wp\/v2\/posts\/367557\/revisions"}],"wp:featuredmedia":[{"embeddable":true,"href":"https:\/\/www.europesays.com\/fr\/wp-json\/wp\/v2\/media\/367558"}],"wp:attachment":[{"href":"https:\/\/www.europesays.com\/fr\/wp-json\/wp\/v2\/media?parent=367557"}],"wp:term":[{"taxonomy":"category","embeddable":true,"href":"https:\/\/www.europesays.com\/fr\/wp-json\/wp\/v2\/categories?post=367557"},{"taxonomy":"post_tag","embeddable":true,"href":"https:\/\/www.europesays.com\/fr\/wp-json\/wp\/v2\/tags?post=367557"}],"curies":[{"name":"wp","href":"https:\/\/api.w.org\/{rel}","templated":true}]}}