{"id":367563,"date":"2025-09-05T06:54:12","date_gmt":"2025-09-05T06:54:12","guid":{"rendered":"https:\/\/www.europesays.com\/fr\/367563\/"},"modified":"2025-09-05T06:54:12","modified_gmt":"2025-09-05T06:54:12","slug":"dette-publique-les-investisseurs-continuent-de-faire-confiance-a-la-france","status":"publish","type":"post","link":"https:\/\/www.europesays.com\/fr\/367563\/","title":{"rendered":"Dette publique\u00a0: les investisseurs continuent de faire confiance \u00e0 la France"},"content":{"rendered":"<p class=\"PopSlotParagraph qg-tx2 qg-xtra-lh svelte-1r0pyek\">Jeudi 4 septembre, comme chaque semaine au minist\u00e8re de l\u2019\u00c9conomie et des Finances, il se passe des choses dans les salles du \u2018\u00a0\u00bbTr\u00e9sor\u00a0\u00bb\u2019. Il ne s&rsquo;agit pas de salles remplies d\u2019or ou d\u2019autres objets pr\u00e9cieux. L\u2019agence France Tr\u00e9sor est l\u2019administration publique charg\u00e9e d\u2019assurer la tr\u00e9sorerie de l\u2019\u00c9tat et d\u2019emprunter sur les march\u00e9s financiers pour g\u00e9rer <a href=\"https:\/\/www.franceinfo.fr\/economie\/deficit-public-dette-interets-alors-que-francois-bayrou-alerte-sur-la-situation-economique-de-la-france-que-disent-les-chiffres_7457734.html\" target=\"_blank\" rel=\"noopener nofollow\" class=\"\" data-testid=\"link\">la dette de la France<\/a>.<\/p>\n<p class=\"PopSlotParagraph qg-tx2 qg-xtra-lh svelte-1r0pyek\">**&gt;&gt;<a href=\"https:\/\/www.franceinfo.fr\/replay-radio\/8h30-fauvelle-dely\/dette-francaise-la-france-est-en-crise-politique-pas-economique-analyse-un-economiste_7442695.html\" target=\"_blank\" rel=\"noopener nofollow\" class=\"\" data-testid=\"link\"><strong><strong>Dette fran\u00e7aise : \u00ab\u00a0la France est en crise politique, pas \u00e9conomique\u00a0\u00bb, analyse un \u00e9conomiste<\/strong><\/strong><\/a><\/p>\n<p class=\"PopSlotParagraph qg-tx2 qg-xtra-lh svelte-1r0pyek\">**G\u00e9ographiquement, c\u2019est une immense salle install\u00e9e au neuvi\u00e8me \u00e9tage du minist\u00e8re \u00e0 Bercy, un bunker s\u00e9curis\u00e9, rempli d\u2019ordinateurs et d\u2019agents affair\u00e9s devant leurs \u00e9crans pour convaincre les investisseurs du monde entier (fonds de pension, assurances-vie) d\u2019acheter nos titres de dette, des obligations de long terme, un peu comme des actions \u00e0 la bourse.<\/p>\n<p> Des investisseurs demandeurs<\/p>\n<p class=\"PopSlotParagraph qg-tx2 qg-xtra-lh svelte-1r0pyek\">Dans cette ruche bourdonnante, en quelques heures, ce sont 11 milliards d\u2019euros qui ont \u00e9t\u00e9 emprunt\u00e9s sur des p\u00e9riodes de remboursement de sur 10, 15 et 30 ans. Sur l\u2019emprunt \u00e0 dix ans, nous avons lev\u00e9 sept milliards d\u2019euros, mais la demande des investisseurs \u00e9tait de 15 milliards. La demande \u00e9tait sup\u00e9rieure \u00e0 l\u2019offre, c\u2019est-\u00e0-dire que les investisseurs voulaient nous pr\u00eater deux fois plus d\u2019argent que nous n\u2019en n\u2019avons finalement r\u00e9clam\u00e9.<\/p>\n<p class=\"PopSlotParagraph qg-tx2 qg-xtra-lh svelte-1r0pyek\">La France est donc toujours solvable aux yeux de ceux qui nous pr\u00eatent l\u2019argent. Et jeudi \u00e9tait un test tr\u00e8s important, car c&rsquo;\u00e9tait la premi\u00e8re fois que le pays sollicitait les investisseurs depuis l\u2019annonce du Premier ministre Fran\u00e7ois Bayrou de demander un vote de confiance aux d\u00e9put\u00e9s. Ce vote aura lieu dans trois jours, lundi 8 septembre.<\/p>\n<p> De l\u2019emprunt, mais au prix fort<\/p>\n<p class=\"PopSlotParagraph qg-tx2 qg-xtra-lh svelte-1r0pyek\">Malgr\u00e9 la crise politique en France, les investisseurs nous pr\u00eatent de l\u2019argent, mais de plus en plus cher. C\u2019est le revers de la m\u00e9daille de ce qui s&rsquo;est pass\u00e9 jeudi. Nous avons facilement lev\u00e9 de l\u2019emprunt, mais y avons mis le prix\u00a0: 3,6% d\u2019int\u00e9r\u00eat pour les emprunts \u00e0 10 ans, 4,4% pour ceux \u00e0 30 ans, soit les taux les plus \u00e9lev\u00e9s depuis la grande crise financi\u00e8re de 2009.<\/p>\n<p class=\"PopSlotParagraph qg-tx2 qg-xtra-lh svelte-1r0pyek\">**&gt;&gt;<a href=\"https:\/\/www.franceinfo.fr\/monde\/italie\/deficit-comment-l-italie-a-redresse-ses-finances-publiques-depuis-l-arrivee-de-giorgia-meloni_7455883.html\" target=\"_blank\" rel=\"noopener nofollow\" class=\"\" data-testid=\"link\"><strong><strong>D\u00e9ficit : comment l&rsquo;Italie a redress\u00e9 ses finances publiques depuis l&rsquo;arriv\u00e9e de Giorgia Meloni<\/strong><\/strong><\/a><\/p>\n<p class=\"PopSlotParagraph qg-tx2 qg-xtra-lh svelte-1r0pyek\">**Les investisseurs ne sont pas dupes. En nous pr\u00eatant, ils prennent des risques, mais ils se r\u00e9mun\u00e8rent sur ces risques. C\u2019est du donnant-donnant. La question est de savoir jusqu\u2019\u00e0 quand ce petit jeu va durer sans que la note n\u2019explose litt\u00e9ralement et devienne insoutenable pour notre bien nomm\u00e9e agence France Tr\u00e9sor.<\/p>\n","protected":false},"excerpt":{"rendered":"Jeudi 4 septembre, comme chaque semaine au minist\u00e8re de l\u2019\u00c9conomie et des Finances, il se passe des choses&hellip;\n","protected":false},"author":2,"featured_media":367564,"comment_status":"","ping_status":"","sticky":false,"template":"","format":"standard","meta":{"footnotes":""},"categories":[4],"tags":[11,1011,27,12,25],"class_list":{"0":"post-367563","1":"post","2":"type-post","3":"status-publish","4":"format-standard","5":"has-post-thumbnail","7":"category-france","8":"tag-actualites","9":"tag-fr","10":"tag-france","11":"tag-news","12":"tag-republique-francaise"},"share_on_mastodon":{"url":"https:\/\/pubeurope.com\/@fr\/115150380238207582","error":""},"_links":{"self":[{"href":"https:\/\/www.europesays.com\/fr\/wp-json\/wp\/v2\/posts\/367563","targetHints":{"allow":["GET"]}}],"collection":[{"href":"https:\/\/www.europesays.com\/fr\/wp-json\/wp\/v2\/posts"}],"about":[{"href":"https:\/\/www.europesays.com\/fr\/wp-json\/wp\/v2\/types\/post"}],"author":[{"embeddable":true,"href":"https:\/\/www.europesays.com\/fr\/wp-json\/wp\/v2\/users\/2"}],"replies":[{"embeddable":true,"href":"https:\/\/www.europesays.com\/fr\/wp-json\/wp\/v2\/comments?post=367563"}],"version-history":[{"count":0,"href":"https:\/\/www.europesays.com\/fr\/wp-json\/wp\/v2\/posts\/367563\/revisions"}],"wp:featuredmedia":[{"embeddable":true,"href":"https:\/\/www.europesays.com\/fr\/wp-json\/wp\/v2\/media\/367564"}],"wp:attachment":[{"href":"https:\/\/www.europesays.com\/fr\/wp-json\/wp\/v2\/media?parent=367563"}],"wp:term":[{"taxonomy":"category","embeddable":true,"href":"https:\/\/www.europesays.com\/fr\/wp-json\/wp\/v2\/categories?post=367563"},{"taxonomy":"post_tag","embeddable":true,"href":"https:\/\/www.europesays.com\/fr\/wp-json\/wp\/v2\/tags?post=367563"}],"curies":[{"name":"wp","href":"https:\/\/api.w.org\/{rel}","templated":true}]}}