{"id":367565,"date":"2025-09-05T06:57:12","date_gmt":"2025-09-05T06:57:12","guid":{"rendered":"https:\/\/www.europesays.com\/fr\/367565\/"},"modified":"2025-09-05T06:57:12","modified_gmt":"2025-09-05T06:57:12","slug":"les-rugbymen-du-lombez-samatan-club-retrouvent-leur-stade-pour-deux-tests-face-a-lavaur","status":"publish","type":"post","link":"https:\/\/www.europesays.com\/fr\/367565\/","title":{"rendered":"Les rugbymen du Lombez-Samatan-Club retrouvent leur stade pour deux tests face \u00e0 Lavaur"},"content":{"rendered":"<p>Demain, sur la pelouse de Samatan, les choses deviendront un peu plus s\u00e9rieuses pour les rugbymen du Lombez-Samatan-Club (LSC). Les \u00ab\u00a0rouges\u00a0\u00bb sont rentr\u00e9s ravis de leur stage d\u2019int\u00e9gration en pays de Laruns, o\u00f9 ils ont \u00e9t\u00e9 re\u00e7us par le club b\u00e9arnais, les anciens s\u2019occupant du bizutage des nouveaux dans la tradition.<\/p>\n<p>La rentr\u00e9e des classes, c\u2019est donc maintenant et Bruno Cot, le manager du LSC, est impatient de voir \u00ab\u00a0ce que l\u2019on est capable de faire avec deux matches pleins esp\u00e9r\u00e9s en trouvant au plus vite des rep\u00e8res collectifs\u00a0\u00bb. Les matches amicaux de d\u00e9but de saison sont \u00ab\u00a0toujours le r\u00e9v\u00e9lateur de la pr\u00e9paration, pour nous comme pour cette \u00e9quipe de Lavaur qui descend de f\u00e9d\u00e9rale 1 et qui a produit une bonne impression \u00e0 L\u00e9guevin apr\u00e8s s\u2019\u00eatre \u00e9quip\u00e9e pour bien figurer \u00e0 cet \u00e9tage\u00a0\u00bb.<\/p>\n<p>Le LSC s\u2019est souvent rendu dans l\u2019ancien pays de Cocagne pour des joutes qui se sont toujours sold\u00e9es par de bonnes oppositions entre deux clubs historiques du Sud-Ouest. Les anciens pass\u00e9s par les deux clubs sont nombreux et les relations entre les dirigeants excellentes.<\/p>\n<p>Le LSC sera priv\u00e9 de Victor Tourrou (bless\u00e9), Juan Del Matto et Baptiste Moreau devant et Johan Bensalla derri\u00e8re. Le local Thomas Berhamel reprendra le capitanat et l\u2019on devrait voir deux charni\u00e8res \u00e0 l\u2019\u0153uvre, Monlaur-Peyret puis Pommies-SainteLivrade dans des styles diff\u00e9rents. Les cadres et nouveaux venus ou revenus devront prendre le manche sur un stade Pierre-Brocas que Bruno Cot et ses joueurs \u00ab\u00a0auront plaisir \u00e0 retrouver apr\u00e8s quasiment deux ans d\u2019absence, y ayant d\u00e9j\u00e0 fait toute leur pr\u00e9paration, et voudront emmagasiner de la confiance en produisant un bon match et en engrangeant une victoire\u00a0\u00bb. Puis, ils regarderont vers la r\u00e9ception de Balma pour le d\u00e9but du championnat.<\/p>\n<p>Les matches auront lieu \u00e0 17 heures et 18 h 30. Les cartes d\u2019abonn\u00e9s seront vendues \u00e0 l\u2019entr\u00e9e (individuel, 150 \u20ac; couple, 250 \u20ac).<\/p>\n","protected":false},"excerpt":{"rendered":"Demain, sur la pelouse de Samatan, les choses deviendront un peu plus s\u00e9rieuses pour les rugbymen du Lombez-Samatan-Club&hellip;\n","protected":false},"author":2,"featured_media":367566,"comment_status":"","ping_status":"","sticky":false,"template":"","format":"standard","meta":{"footnotes":""},"categories":[1416],"tags":[1011,27,479,1468,60],"class_list":{"0":"post-367565","1":"post","2":"type-post","3":"status-publish","4":"format-standard","5":"has-post-thumbnail","7":"category-rugby","8":"tag-fr","9":"tag-france","10":"tag-rugby","11":"tag-rugby-football","12":"tag-sports"},"share_on_mastodon":{"url":"https:\/\/pubeurope.com\/@fr\/115150392168067393","error":""},"_links":{"self":[{"href":"https:\/\/www.europesays.com\/fr\/wp-json\/wp\/v2\/posts\/367565","targetHints":{"allow":["GET"]}}],"collection":[{"href":"https:\/\/www.europesays.com\/fr\/wp-json\/wp\/v2\/posts"}],"about":[{"href":"https:\/\/www.europesays.com\/fr\/wp-json\/wp\/v2\/types\/post"}],"author":[{"embeddable":true,"href":"https:\/\/www.europesays.com\/fr\/wp-json\/wp\/v2\/users\/2"}],"replies":[{"embeddable":true,"href":"https:\/\/www.europesays.com\/fr\/wp-json\/wp\/v2\/comments?post=367565"}],"version-history":[{"count":0,"href":"https:\/\/www.europesays.com\/fr\/wp-json\/wp\/v2\/posts\/367565\/revisions"}],"wp:featuredmedia":[{"embeddable":true,"href":"https:\/\/www.europesays.com\/fr\/wp-json\/wp\/v2\/media\/367566"}],"wp:attachment":[{"href":"https:\/\/www.europesays.com\/fr\/wp-json\/wp\/v2\/media?parent=367565"}],"wp:term":[{"taxonomy":"category","embeddable":true,"href":"https:\/\/www.europesays.com\/fr\/wp-json\/wp\/v2\/categories?post=367565"},{"taxonomy":"post_tag","embeddable":true,"href":"https:\/\/www.europesays.com\/fr\/wp-json\/wp\/v2\/tags?post=367565"}],"curies":[{"name":"wp","href":"https:\/\/api.w.org\/{rel}","templated":true}]}}