{"id":367572,"date":"2025-09-05T07:02:10","date_gmt":"2025-09-05T07:02:10","guid":{"rendered":"https:\/\/www.europesays.com\/fr\/367572\/"},"modified":"2025-09-05T07:02:10","modified_gmt":"2025-09-05T07:02:10","slug":"direct-vuelta-2025-13eme-etape-cabezon-de-la-sal-langliru-lequipe","status":"publish","type":"post","link":"https:\/\/www.europesays.com\/fr\/367572\/","title":{"rendered":"DIRECT. Vuelta 2025, 13\u00e8me \u00e9tape (Cabezon de la Sal &#8211; L&#039;Angliru) &#8211; L&#039;\u00c9quipe"},"content":{"rendered":"<ol>\n<li><a href=\"https:\/\/news.google.com\/rss\/articles\/CBMilAFBVV95cUxQWjhON0RzemgwdURqamd0T2JrNmo5dEgzcjZkMVlJVkFwdHFCNHNidnVJVWZUQjhIVHRlNjE1NmtyeS1HeU9mOWhmcDAzQ19WNmtXMF9UZDUzYWxhQUxYN2hXTFVOMmt3d29SOG5OSW12YUxCNmI1RDJkelgtT1NEa19wM0ludjlYby1YTmhXRWIxRWxF?oc=5\" target=\"_blank\" rel=\"nofollow noopener\">DIRECT. Vuelta 2025, 13\u00e8me \u00e9tape (Cabezon de la Sal &#8211; L&rsquo;Angliru)<\/a>&nbsp;&nbsp;L&rsquo;\u00c9quipe<\/li>\n<li><a href=\"https:\/\/news.google.com\/rss\/articles\/CBMi6AFBVV95cUxNQ0pQMmZwTVZ4Qm9qM0pDN1RSdW9GcE1rOGNoVjBUT2tUVVlwMFhZWk9IaWEwNERoTEptaTlqLTNGUlM0RnUtLXJrc21VdHI2bm5ZWFY2Mm1sZ0toVDFPWmxDaExaX2RWRUVRTGx5dzU4RmFkQmFObUlMdlRIWGUyYmFIZU9EU3RRbG5IeDB3c3J5eGRjZGt4WjFacG9yMTVnWXhrbmZLOWNtbU81SnBKV3owQUNVZFZ0ZXZDalVRR1JUUEZCdGFKVzA0MkVERkJydkZ3cF9zNVBCZXU1MzZwY0ZyUExuYXd0?oc=5\" target=\"_blank\" rel=\"nofollow noopener\">Vuelta 2025 : parcours, profil et horaires de la 13e \u00e9tape, entre Cabezon de la Sal et L&rsquo;Angliru<\/a>&nbsp;&nbsp;L&rsquo;\u00c9quipe<\/li>\n<li><a href=\"https:\/\/news.google.com\/rss\/articles\/CBMizAFBVV95cUxOZWthdXFkNmcxcjdCaWRYS3F1R2t6ZG4xMGdsN0dhUjZpZWgzcEg1TUNNRlFvaV95R1h3UHBmOEtkdHRCcHJKZWZpaE1GUlRkMzh3Sl9wdHVPWVVMT0tJcHhnSWFWYmpCYUNuLVdQYUI0VmZmMDFyb21leFcyakRHVHNSancxWDBQWW9mdFE3V0dUOHhvbHdycUJJVWo4VlV4UmI5cU83bmNFX0R1X1B5T3MtLUF2Z0JHS2JEWHdoTjVHWGlLN2o2UnU5eEg?oc=5\" target=\"_blank\" rel=\"nofollow noopener\">Vuelta. Tour d&rsquo;Espagne &#8211; Jonas Vingegaard : \u00abJ&rsquo;ai une relation particuli\u00e8re avec L&rsquo;Angliru\u00bb<\/a>&nbsp;&nbsp;Cyclism&rsquo;Actu<\/li>\n<li><a href=\"https:\/\/news.google.com\/rss\/articles\/CBMiywFBVV95cUxOM2cwYnF6VFdMb0lNSnM0NVFwSG9La0JMaUFGcnc1bVhwWU1GMW1PMkJ5NTVqYXRPSldhOThnYUxPdkExZzR2U29id2dTMjZLQnhXdU5mTVVfZ2dfb0FBY3ppcmlqa3VlcmFCdW5qcTZqUVI2dVBGUS13WnRRLVJLTE1CWkNNdi02dkxQRlAzcjhoeDFLaDJ2LWFLMnVxR3QyaXBUTnBMVVhDd2l1V1ZiOTE0YTlITWV1WmFWRUQ4TW9qYmpvcGRNLUZGbw?oc=5\" target=\"_blank\" rel=\"nofollow noopener\">Vuelta 2025 : une 13e \u00e9tape d\u00e9cisive pour Vingegaard et les favoris, le classement<\/a>&nbsp;&nbsp;Linternaute.com<\/li>\n<li><a href=\"https:\/\/news.google.com\/rss\/articles\/CBMixwFBVV95cUxOSGZkdncwaEhaWkRvRkNuQ1RaRUlKSXJBXzdLQVJ3ZHV6MXdiSTRiQ0pnTEktVUdPd3BTcXc5WUFEUExNTEZjR2owZ2l2SVYtVDVPeXZMakNPRFUxcGZwaGZRcjBydkxzM3FTejhCTS00TVhOdDJNNC1hMDMwSW9KZHhqQ0tocTFfa0dMTzliX21NMU9IeXkyaFdlMjhFZmRsUVZOVkMzWmE2andwNHUzSkI5dV9RMkxoVVBIdkppZDRUR2s4QXZJ?oc=5\" target=\"_blank\" rel=\"nofollow noopener\">Le parcours et le profil de la 13e \u00e9tape de la Vuelta 2025<\/a>&nbsp;&nbsp;20 Minutes<\/li>\n<\/ol>\n","protected":false},"excerpt":{"rendered":"DIRECT. Vuelta 2025, 13\u00e8me \u00e9tape (Cabezon de la Sal &#8211; L&rsquo;Angliru)&nbsp;&nbsp;L&rsquo;\u00c9quipe Vuelta 2025 : parcours, profil et horaires&hellip;\n","protected":false},"author":2,"featured_media":344900,"comment_status":"","ping_status":"","sticky":false,"template":"","format":"standard","meta":{"footnotes":""},"categories":[1411],"tags":[1154,207,1011,27,60],"class_list":{"0":"post-367572","1":"post","2":"type-post","3":"status-publish","4":"format-standard","5":"has-post-thumbnail","7":"category-cyclisme","8":"tag-cycling","9":"tag-cyclisme","10":"tag-fr","11":"tag-france","12":"tag-sports"},"share_on_mastodon":{"url":"https:\/\/pubeurope.com\/@fr\/115150411786447312","error":""},"_links":{"self":[{"href":"https:\/\/www.europesays.com\/fr\/wp-json\/wp\/v2\/posts\/367572","targetHints":{"allow":["GET"]}}],"collection":[{"href":"https:\/\/www.europesays.com\/fr\/wp-json\/wp\/v2\/posts"}],"about":[{"href":"https:\/\/www.europesays.com\/fr\/wp-json\/wp\/v2\/types\/post"}],"author":[{"embeddable":true,"href":"https:\/\/www.europesays.com\/fr\/wp-json\/wp\/v2\/users\/2"}],"replies":[{"embeddable":true,"href":"https:\/\/www.europesays.com\/fr\/wp-json\/wp\/v2\/comments?post=367572"}],"version-history":[{"count":0,"href":"https:\/\/www.europesays.com\/fr\/wp-json\/wp\/v2\/posts\/367572\/revisions"}],"wp:featuredmedia":[{"embeddable":true,"href":"https:\/\/www.europesays.com\/fr\/wp-json\/wp\/v2\/media\/344900"}],"wp:attachment":[{"href":"https:\/\/www.europesays.com\/fr\/wp-json\/wp\/v2\/media?parent=367572"}],"wp:term":[{"taxonomy":"category","embeddable":true,"href":"https:\/\/www.europesays.com\/fr\/wp-json\/wp\/v2\/categories?post=367572"},{"taxonomy":"post_tag","embeddable":true,"href":"https:\/\/www.europesays.com\/fr\/wp-json\/wp\/v2\/tags?post=367572"}],"curies":[{"name":"wp","href":"https:\/\/api.w.org\/{rel}","templated":true}]}}