{"id":367573,"date":"2025-09-05T07:03:09","date_gmt":"2025-09-05T07:03:09","guid":{"rendered":"https:\/\/www.europesays.com\/fr\/367573\/"},"modified":"2025-09-05T07:03:09","modified_gmt":"2025-09-05T07:03:09","slug":"apres-le-psg-un-grand-nom-debarque-a-lom-lannonce-inattendue","status":"publish","type":"post","link":"https:\/\/www.europesays.com\/fr\/367573\/","title":{"rendered":"Apr\u00e8s le PSG, un grand nom d\u00e9barque \u00e0 l\u2019OM : L\u2019annonce inattendue"},"content":{"rendered":"<p>                    Dan Marciano<br \/>\n                        &#8211;<\/p>\n<p>R\u00e9dacteur<\/p>\n<p>Titulaire d&rsquo;un Master de droit international, je me suis rendu compte au bout de mon parcours universitaire qu&rsquo;il \u00e9tait important d&rsquo;\u00e9voluer dans un domaine que l&rsquo;on appr\u00e9cie. Du jour au lendemain, j&rsquo;ai d\u00e9cid\u00e9 de mettre fin au r\u00eave de mes parents, qui voyaient en moi un futur avocat, pour vivre de ma passion : le sport. Depuis, je couvre les mercatos et l&rsquo;actualit\u00e9 sportive en essayant d&rsquo;informer au mieux les lecteurs.<\/p>\n<p class=\"heading\">Parti au Milan AC apr\u00e8s avoir \u00e9t\u00e9 pouss\u00e9 vers la sortie \u00e0 l&rsquo;OM, Adrien Rabiot a re\u00e7u le soutien d&rsquo;un champion du monde. D\u00e9sormais chroniqueur sur RMC, Christophe Dugarry a salu\u00e9 le courage du milieu de terrain, mais aussi de sa m\u00e8re, tr\u00e8s critiqu\u00e9e sur les r\u00e9seaux sociaux, notamment en raison de son franc-parler.<\/p>\n<p>Arriv\u00e9 \u00e0 l\u2019<a href=\"https:\/\/le10sport.com\/football\/mercato\/affaire-rabiot-lom-a-tente-de-se-racheter-756624\" rel=\"nofollow noopener\" target=\"_blank\">OM<\/a> \u00e0 l\u2019\u00e9t\u00e9 2024 apr\u00e8s un passage remarqu\u00e9 \u00e0 la <strong>Juventus, Adrien Rabiot <\/strong>avait surpris tout le monde en signant dans le club rival de son \u00e9quipe formatrice, le <strong>PSG.<\/strong> Malgr\u00e9 des d\u00e9buts prometteurs sous le maillot marseillais, son aventure sur la <strong>Canebi\u00e8r<\/strong>e a tourn\u00e9 court, brusquement interrompue apr\u00e8s une altercation avec <strong>Jonathan Rowe<\/strong>. Initialement en discussions pour prolonger son contrat, <a href=\"https:\/\/le10sport.com\/football\/mercato\/rabiot-clash-avec-lom-la-terrible-malediction-756628\" rel=\"nofollow noopener\" target=\"_blank\">Rabiot<\/a> a finalement \u00e9t\u00e9 vendu \u00e0 l\u2019<strong>AC Milan, l<\/strong>aissant un go\u00fbt amer chez certains supporters, mais aussi un respect intact chez d&rsquo;autres observateurs.<\/p>\n<p>                                            Le soutien inattendu \u00e0 Rabiot<\/p>\n<p>Champion du monde en 1998, <strong>Christophe Dugarry <\/strong>a salu\u00e9 le courage de <strong>Rabiot, <\/strong>qui a toujours assum\u00e9 ses choix. \u00ab\u00a0J\u2019ai ador\u00e9 qu\u2019il signe \u00e0 l\u2019OM. Je trouvais que c\u2019\u00e9tait un pied de nez incroyable de libert\u00e9. Le mec, malgr\u00e9 tout ce qu\u2019on a pu lui dire et lui mettre dessus, je trouvais qu\u2019il \u00e9tait courageux. Il avait envie de le faire, il l\u2019a fait sans se soucier de ce qui pouvait se dire sur lui. Je le trouve ultra courageux ce gar\u00e7on. Il a \u00e9t\u00e9 \u00e0 la hauteur, ce n\u2019est pas facile de r\u00e9pondre aux attentes, attention il avait une pression exceptionnelle sur lui et les supporters n\u2019attendaient qu\u2019une chose c\u2019\u00e9tait de le descendre. Il a r\u00e9pondu pr\u00e9sent, il a montr\u00e9 une nouvelle fois une grosse force de caract\u00e8re. Quoi qu\u2019on en dise et quoi qu\u2019il se passe, sa carri\u00e8re est loin d\u2019\u00eatre finie\u00a0\u00bb a confi\u00e9 l\u2019ancien international fran\u00e7ais sur RMC.<\/p>\n<p>                                            \u00ab\u00a0J\u2019ai un petit coup de c\u0153ur pour eux\u00a0\u00bb<\/p>\n<p><strong>Dug<\/strong>a a ensuite rendu hommage \u00e0<strong> V\u00e9ronique Rabiot,<\/strong> sa m\u00e8re et agente. \u00ab\u00a0C\u2019est quand m\u00eame un sacr\u00e9 personnage dans le football et en dehors. M\u00eame sa maman, tu peux y rajouter sa maman, c\u2019est un duo \u00e9tonnant, d\u00e9tonnant. Je les aime bien m\u00eame si des fois \u00e7a part dans tous les sens. C\u2019est vrai que sa maman a \u00e9t\u00e9 tr\u00e8s, tr\u00e8s dure avec les dirigeants de l\u2019OM, elle ne se laisse pas faire. J\u2019ai un petit coup de c\u0153ur pour eux, je les aime bien\u00a0\u00bb a-t-il l\u00e2ch\u00e9.<\/p>\n","protected":false},"excerpt":{"rendered":"Dan Marciano &#8211; R\u00e9dacteur Titulaire d&rsquo;un Master de droit international, je me suis rendu compte au bout de&hellip;\n","protected":false},"author":2,"featured_media":367574,"comment_status":"","ping_status":"","sticky":false,"template":"","format":"standard","meta":{"footnotes":""},"categories":[1410],"tags":[63,1011,27,60],"class_list":{"0":"post-367573","1":"post","2":"type-post","3":"status-publish","4":"format-standard","5":"has-post-thumbnail","7":"category-football","8":"tag-football","9":"tag-fr","10":"tag-france","11":"tag-sports"},"share_on_mastodon":{"url":"https:\/\/pubeurope.com\/@fr\/115150415815056860","error":""},"_links":{"self":[{"href":"https:\/\/www.europesays.com\/fr\/wp-json\/wp\/v2\/posts\/367573","targetHints":{"allow":["GET"]}}],"collection":[{"href":"https:\/\/www.europesays.com\/fr\/wp-json\/wp\/v2\/posts"}],"about":[{"href":"https:\/\/www.europesays.com\/fr\/wp-json\/wp\/v2\/types\/post"}],"author":[{"embeddable":true,"href":"https:\/\/www.europesays.com\/fr\/wp-json\/wp\/v2\/users\/2"}],"replies":[{"embeddable":true,"href":"https:\/\/www.europesays.com\/fr\/wp-json\/wp\/v2\/comments?post=367573"}],"version-history":[{"count":0,"href":"https:\/\/www.europesays.com\/fr\/wp-json\/wp\/v2\/posts\/367573\/revisions"}],"wp:featuredmedia":[{"embeddable":true,"href":"https:\/\/www.europesays.com\/fr\/wp-json\/wp\/v2\/media\/367574"}],"wp:attachment":[{"href":"https:\/\/www.europesays.com\/fr\/wp-json\/wp\/v2\/media?parent=367573"}],"wp:term":[{"taxonomy":"category","embeddable":true,"href":"https:\/\/www.europesays.com\/fr\/wp-json\/wp\/v2\/categories?post=367573"},{"taxonomy":"post_tag","embeddable":true,"href":"https:\/\/www.europesays.com\/fr\/wp-json\/wp\/v2\/tags?post=367573"}],"curies":[{"name":"wp","href":"https:\/\/api.w.org\/{rel}","templated":true}]}}