{"id":367575,"date":"2025-09-05T07:04:15","date_gmt":"2025-09-05T07:04:15","guid":{"rendered":"https:\/\/www.europesays.com\/fr\/367575\/"},"modified":"2025-09-05T07:04:15","modified_gmt":"2025-09-05T07:04:15","slug":"la-pura-eleganza-sur-tapis-rouge","status":"publish","type":"post","link":"https:\/\/www.europesays.com\/fr\/367575\/","title":{"rendered":"la pura eleganza sur tapis rouge"},"content":{"rendered":"<p>Tout au long de sa carri\u00e8re, le styliste italien &#8211; d\u00e9c\u00e9d\u00e9 ce 4 septembre \u00e0 91 ans &#8211; a habill\u00e9 les plus grandes stars. De Julia Roberts \u00e0 la princesse Charlene de Monaco, sans oublier Leonardo DiCaprio et Tom Cruise, retour en images sur ces visages qui ont fait honneur aux cr\u00e9ations du couturier.<\/p>\n<p class=\"fig-paragraph\">Difficile de ne pas garder en m\u00e9moire cette date du 12 f\u00e9vrier 2012 o\u00f9 la chanteuse Adele, \u00e0 peine connue, se pr\u00e9sente \u00e0 la 54e c\u00e9r\u00e9monie des\u00a0<a href=\"http:\/\/madame.lefigaro.fr\/celebrites\/actu-people\/pourquoi-l-arrivee-de-bianca-censori-aux-grammy-awards-pourrait-couter-20-millions-de-dollars-a-kanye-west-20250204\" target=\"_blank\" data-fig-type=\"Article\" rel=\"noopener nofollow\" data-gtm-custom-categorie=\"navigation\" data-gtm-custom-action=\"crossclick\" data-gtm-custom-label=\"Contextuel\" data-gtm-event=\"customEventSPE\" data-fig-domain=\"MADAME\">Grammy Awards<\/a>\u00a0\u00e0 Los Angeles. Ce soir-l\u00e0, la chanteuse britannique remporte pas moins de six r\u00e9compenses et est propuls\u00e9e au rang de superstar, offrant au m\u00eame instant un coup de projecteur sans pr\u00e9c\u00e9dent \u00e0 la robe noire qui sculpte sa silhouette\u00a0: une cr\u00e9ation \u00e0 sequins \u00e0 col rond, coupe moulante et manches trois-quarts, sign\u00e9e\u00a0<a href=\"http:\/\/madame.lefigaro.fr\/style\/le-sac-11-de-giorgio-armani-lhistoire-dun-sac-iconique-210416-113947\" target=\"_blank\" data-fig-type=\"Topic\" rel=\"sponsored noopener nofollow\" data-gtm-custom-categorie=\"navigation\" data-gtm-custom-action=\"crossclick\" data-gtm-custom-label=\"Contextuel\" data-gtm-event=\"customEventSPE\" data-fig-domain=\"MADAME\">Giorgio Armani<\/a>.<\/p>\n<p class=\"fig-body-link&#10;    \">\n            \u00c0 lire aussi<br \/>\n        <a class=\"fig-body-link__link\" href=\"http:\/\/madame.lefigaro.fr\/style\/news\/giorgio-armani-le-maestro-de-la-mode-qui-habilla-les-femmes-puissantes-20250904\" target=\"_blank\" data-fig-type=\"Article\" rel=\"noopener nofollow\" data-gtm-custom-categorie=\"navigation\" data-gtm-custom-action=\"crossclick\" data-gtm-custom-label=\"Contextuel\" data-gtm-event=\"customEventSPE\" data-fig-domain=\"MADAME\">Giorgio Armani, le maestro de la mode qui habilla les femmes puissantes<\/a>\n<\/p>\n<p class=\"fig-paragraph\">Tout au long de sa carri\u00e8re, le couturier italien &#8211; d\u00e9c\u00e9d\u00e9 ce 4 septembre \u00e0 l\u2019\u00e2ge de 91 ans -, a habill\u00e9 les plus grandes c\u00e9l\u00e9brit\u00e9s&#8230; ou celles qui \u00e9taient en passe de le devenir. Preuve, s\u2019il en fallait, de sa fibre visionnaire, lui qui est parvenu \u00e0 b\u00e2tir un v\u00e9ritable empire, \u00e0 son nom, dans le domaine de la mode et du luxe. Gr\u00e2ce \u00e0 son style glamour reconnaissable entre mille et ses costumes impeccables, il a fait r\u00e9gner ses cr\u00e9ations au c\u00f4t\u00e9 des stars pendant des d\u00e9cennies. La l\u00e9gende du 7e art\u00a0<a href=\"http:\/\/madame.lefigaro.fr\/celebrites\/actu-people\/pourquoi-tom-cruise-refuse-t-il-de-recevoir-un-prix-des-mains-de-donald-trump-20250816\" target=\"_blank\" data-fig-type=\"Article\" rel=\"noopener nofollow\" data-gtm-custom-categorie=\"navigation\" data-gtm-custom-action=\"crossclick\" data-gtm-custom-label=\"Contextuel\" data-gtm-event=\"customEventSPE\" data-fig-domain=\"MADAME\">Tom Cruise<\/a>\u00a0a ainsi r\u00e9guli\u00e8rement fait le pari de smokings Armani &#8211; comme lors de la c\u00e9r\u00e9monie des Oscars 2012, ou plus r\u00e9cemment \u00e0 la 78e \u00e9dition du Festival de Cannes.<\/p>\n<p>    Tom Cruise \u00e0 la 84e c\u00e9r\u00e9monie des Oscars. (Hollywood, le 26 f\u00e9vrier 2012.)<a href=\"https:\/\/www.gettyimages.fr\/license\/140029557?adppopup=true\" target=\"_blank\" rel=\"sponsored nofollow noopener\"> <\/a><a href=\"https:\/\/www.gettyimages.fr\/license\/140043014?adppopup=true\" target=\"_blank\" rel=\"sponsored nofollow noopener\"> <\/a><br \/>\n                Mark Davis \/ WireImage<\/p>\n<p>                                    <a class=\"fig-a11y-skip a11y-hidden\" href=\"#fig-a11y-skip-main-inarticle\"><br \/>\n        Passer la publicit\u00e9<br \/>\n    <\/a><\/p>\n<p>Couturier des c\u00e9l\u00e9brit\u00e9s<\/p>\n<p class=\"fig-paragraph\">M\u00eame chose pour\u00a0<a href=\"https:\/\/madame.lefigaro.fr\/tag\/leonardo-dicaprio\" target=\"_blank\" data-fig-type=\"Keyword\" rel=\"sponsored noopener nofollow\" data-gtm-custom-categorie=\"navigation\" data-gtm-custom-action=\"crossclick\" data-gtm-custom-label=\"Contextuel\" data-gtm-event=\"customEventSPE\" data-fig-domain=\"MADAME\">Leonardo DiCaprio<\/a>\u00a0qui a aussi entretenu une relation solide avec le couturier italien, ne jurant presque que par ses costumes lors des grandes c\u00e9r\u00e9monies auxquelles il \u00e9tait convi\u00e9. \u00abJ\u2019ai vu Leonardo grandir, en tant qu\u2019homme et en tant qu\u2019acteur. Je le connais et j\u2019appr\u00e9cie depuis longtemps ses grandes qualit\u00e9s et, au fil des ans, nous avons b\u00e2ti une relation de grande estime\u00bb, d\u00e9clarait d\u2019ailleurs\u00a0<a href=\"https:\/\/www.gq-magazine.co.uk\/fashion\/article\/giorgio-armani-leonardo-dicaprio\" target=\"_blank\" rel=\"sponsored noopener nofollow\" data-gtm-custom-categorie=\"navigation\" data-gtm-custom-action=\"crossclick\" data-gtm-custom-label=\"Contextuel\" data-gtm-event=\"customEventSPE\">Giorgio Armani \u00e0 GQ en 2020<\/a>.<\/p>\n<p class=\"fig-paragraph\">Sans omettre les femmes, toujours nombreuses \u00e0 arborer les cr\u00e9ations sensuelles et puissantes de celui que beaucoup aimaient appeler \u00able maestro de la mode\u00bb. \u00c0 croire qu\u2019un red carpet sans Armani n\u2019a jamais vraiment exist\u00e9. De\u00a0<a href=\"http:\/\/madame.lefigaro.fr\/beaute\/make-up-soins\/il-fut-un-temps-ou-je-ne-pouvais-pas-mettre-une-epingle-entre-les-boutons-sur-mon-visage-victoria-beckham-se-confie-sur-son-acne-20250828\" target=\"_blank\" data-fig-type=\"Article\" rel=\"noopener nofollow\" data-gtm-custom-categorie=\"navigation\" data-gtm-custom-action=\"crossclick\" data-gtm-custom-label=\"Contextuel\" data-gtm-event=\"customEventSPE\" data-fig-domain=\"MADAME\">Victoria Beckham<\/a>\u00a0au Met Gala 2008 \u00e0 l\u2019impressionnante cr\u00e9ation scintillante de Lady Gaga aux Grammy Awards 2010, en passant par Julia Roberts, Pen\u00e9lope Cruz et sa tr\u00e8s proche amie Cate Blanchett. Son id\u00e9e de la f\u00e9minit\u00e9 et sa vision dynamique de la mode n\u2019ont cess\u00e9 de marquer les \u00e9poques, pour sublimer les tapis rouges les plus prestigieux.<\/p>\n","protected":false},"excerpt":{"rendered":"Tout au long de sa carri\u00e8re, le styliste italien &#8211; d\u00e9c\u00e9d\u00e9 ce 4 septembre \u00e0 91 ans &#8211;&hellip;\n","protected":false},"author":2,"featured_media":367576,"comment_status":"","ping_status":"","sticky":false,"template":"","format":"standard","meta":{"footnotes":""},"categories":[1359],"tags":[58,59,1011,27,7483,2132,2425,985,973,20995,18830],"class_list":{"0":"post-367575","1":"post","2":"type-post","3":"status-publish","4":"format-standard","5":"has-post-thumbnail","7":"category-people","8":"tag-divertissement","9":"tag-entertainment","10":"tag-fr","11":"tag-france","12":"tag-giorgio-armani","13":"tag-leonardo-dicaprio","14":"tag-luxe","15":"tag-mode","16":"tag-people","17":"tag-tapis-rouge","18":"tag-tendances"},"share_on_mastodon":{"url":"https:\/\/pubeurope.com\/@fr\/115150419631039431","error":""},"_links":{"self":[{"href":"https:\/\/www.europesays.com\/fr\/wp-json\/wp\/v2\/posts\/367575","targetHints":{"allow":["GET"]}}],"collection":[{"href":"https:\/\/www.europesays.com\/fr\/wp-json\/wp\/v2\/posts"}],"about":[{"href":"https:\/\/www.europesays.com\/fr\/wp-json\/wp\/v2\/types\/post"}],"author":[{"embeddable":true,"href":"https:\/\/www.europesays.com\/fr\/wp-json\/wp\/v2\/users\/2"}],"replies":[{"embeddable":true,"href":"https:\/\/www.europesays.com\/fr\/wp-json\/wp\/v2\/comments?post=367575"}],"version-history":[{"count":0,"href":"https:\/\/www.europesays.com\/fr\/wp-json\/wp\/v2\/posts\/367575\/revisions"}],"wp:featuredmedia":[{"embeddable":true,"href":"https:\/\/www.europesays.com\/fr\/wp-json\/wp\/v2\/media\/367576"}],"wp:attachment":[{"href":"https:\/\/www.europesays.com\/fr\/wp-json\/wp\/v2\/media?parent=367575"}],"wp:term":[{"taxonomy":"category","embeddable":true,"href":"https:\/\/www.europesays.com\/fr\/wp-json\/wp\/v2\/categories?post=367575"},{"taxonomy":"post_tag","embeddable":true,"href":"https:\/\/www.europesays.com\/fr\/wp-json\/wp\/v2\/tags?post=367575"}],"curies":[{"name":"wp","href":"https:\/\/api.w.org\/{rel}","templated":true}]}}