{"id":367577,"date":"2025-09-05T07:05:23","date_gmt":"2025-09-05T07:05:23","guid":{"rendered":"https:\/\/www.europesays.com\/fr\/367577\/"},"modified":"2025-09-05T07:05:23","modified_gmt":"2025-09-05T07:05:23","slug":"nina-petit-restauratrice-de-tableaux-passionnee","status":"publish","type":"post","link":"https:\/\/www.europesays.com\/fr\/367577\/","title":{"rendered":"Nina Petit, restauratrice de tableaux passionn\u00e9e"},"content":{"rendered":"<p>C&rsquo;est en regardant un reportage consacr\u00e9 \u00e0 la restauration du tableau La Sainte Anne de L\u00e9onard de Vinci que Nina Petit a eu une r\u00e9v\u00e9lation\u00a0: \u00a0\u00bb\u00a0J&rsquo;ai eu devant la t\u00e9l\u00e9vision un v\u00e9ritable d\u00e9clic, se souvient-elle. J&rsquo;ai trouv\u00e9 ce m\u00e9tier si beau que je me suis mis en t\u00eate de devenir moi aussi restauratrice de tableaux.\u00a0\u00a0\u00bb \u00c0 vingt ans \u00e0 peine, Nina quitte donc son P\u00e9rigord natal pour \u00e9tudier dans une \u00e9cole lyonnaise. Elle y apprend, d&rsquo;une part, la restauration picturale, qui implique de redonner de la visibilit\u00e9 \u00e0 une \u0153uvre en corrigeant des alt\u00e9rations et, d&rsquo;autre part, puisqu&rsquo;il vaut toujours mieux pr\u00e9venir que gu\u00e9rir, la conservation, qui consiste \u00e0 cr\u00e9er de bonnes conditions d&#8217;emballage, de stockage et d&rsquo;exposition pour ralentir le vieillissement de l&rsquo;objet.<\/p>\n<p>\u00a0\u00bb\u00a0Je n&rsquo;aimais pas beaucoup l&rsquo;\u00e9cole quand j&rsquo;\u00e9tais enfant, nous confie Nina, mais d\u00e8s que j&rsquo;ai commenc\u00e9 mes \u00e9tudes de restauratrice, je me suis r\u00e9v\u00e9l\u00e9e.\u00a0\u00a0\u00bb Contrainte de s&rsquo;arr\u00eater apr\u00e8s sa licence, faute de financements, Nina continue de se former aupr\u00e8s de restauratrices chevronn\u00e9es, comme Emmanuelle David et Sabine de Parisot, qui deviennent pour elle de v\u00e9ritables mentors. \u00a0\u00bb\u00a0Le manque d&rsquo;argent m&rsquo;a beaucoup limit\u00e9e dans mes \u00e9tudes,&#8230;<\/p>\n","protected":false},"excerpt":{"rendered":"C&rsquo;est en regardant un reportage consacr\u00e9 \u00e0 la restauration du tableau La Sainte Anne de L\u00e9onard de Vinci&hellip;\n","protected":false},"author":2,"featured_media":367578,"comment_status":"","ping_status":"","sticky":false,"template":"","format":"standard","meta":{"footnotes":""},"categories":[1358],"tags":[17,1348,1384,1385,1687,1386,58,59,1011,27,45770,39720,15864,50190,11542],"class_list":{"0":"post-367577","1":"post","2":"type-post","3":"status-publish","4":"format-standard","5":"has-post-thumbnail","7":"category-arts-et-design","8":"tag-17","9":"tag-arts","10":"tag-arts-and-design","11":"tag-arts-et-design","12":"tag-culture-loisirs","13":"tag-design","14":"tag-divertissement","15":"tag-entertainment","16":"tag-fr","17":"tag-france","18":"tag-nina","19":"tag-passionnee","20":"tag-petit","21":"tag-restauratrice","22":"tag-tableaux"},"share_on_mastodon":{"url":"https:\/\/pubeurope.com\/@fr\/115150423596653855","error":""},"_links":{"self":[{"href":"https:\/\/www.europesays.com\/fr\/wp-json\/wp\/v2\/posts\/367577","targetHints":{"allow":["GET"]}}],"collection":[{"href":"https:\/\/www.europesays.com\/fr\/wp-json\/wp\/v2\/posts"}],"about":[{"href":"https:\/\/www.europesays.com\/fr\/wp-json\/wp\/v2\/types\/post"}],"author":[{"embeddable":true,"href":"https:\/\/www.europesays.com\/fr\/wp-json\/wp\/v2\/users\/2"}],"replies":[{"embeddable":true,"href":"https:\/\/www.europesays.com\/fr\/wp-json\/wp\/v2\/comments?post=367577"}],"version-history":[{"count":0,"href":"https:\/\/www.europesays.com\/fr\/wp-json\/wp\/v2\/posts\/367577\/revisions"}],"wp:featuredmedia":[{"embeddable":true,"href":"https:\/\/www.europesays.com\/fr\/wp-json\/wp\/v2\/media\/367578"}],"wp:attachment":[{"href":"https:\/\/www.europesays.com\/fr\/wp-json\/wp\/v2\/media?parent=367577"}],"wp:term":[{"taxonomy":"category","embeddable":true,"href":"https:\/\/www.europesays.com\/fr\/wp-json\/wp\/v2\/categories?post=367577"},{"taxonomy":"post_tag","embeddable":true,"href":"https:\/\/www.europesays.com\/fr\/wp-json\/wp\/v2\/tags?post=367577"}],"curies":[{"name":"wp","href":"https:\/\/api.w.org\/{rel}","templated":true}]}}