{"id":367579,"date":"2025-09-05T07:06:16","date_gmt":"2025-09-05T07:06:16","guid":{"rendered":"https:\/\/www.europesays.com\/fr\/367579\/"},"modified":"2025-09-05T07:06:16","modified_gmt":"2025-09-05T07:06:16","slug":"rentree-litteraire-2025-agnes-desarthe-loreille-absolue-tout-pour-la-musique","status":"publish","type":"post","link":"https:\/\/www.europesays.com\/fr\/367579\/","title":{"rendered":"Rentr\u00e9e litt\u00e9raire 2025- Agn\u00e8s Desarthe, l&rsquo;oreille absolue : tout pour la musique"},"content":{"rendered":"<blockquote class=\"ob-quote\" cite=\"\">\n<p>Dans un village, tout le monde nous conna\u00eet et on conna\u00eet tout le monde. Mais certains s&rsquo;\u00e9vitent, se brouillent, se s\u00e9parent, font semblant de s&rsquo;ignorer et finissent par ne plus se voir, m\u00eame si un soir, \u00e0 la faveur d&rsquo;une brise charg\u00e9e d&rsquo;effluves de ch\u00e8vrefeuille, d&rsquo;un verre d&rsquo;alcool, du souvenir d&rsquo;un \u00e9moi ancien ou de l&rsquo;espoir d&rsquo;un amour nouveau, les peaux se sont touch\u00e9es, les corps se sont \u00e9treints.<\/p>\n<\/blockquote>\n<p><img decoding=\"async\" alt=\"\" data-amp-height=\"586\" data-amp-width=\"400\" data-data-cke-saved-src=\"https:\/\/www.europesays.com\/fr\/wp-content\/uploads\/2025\/09\/image\/1371318\/20250903\/ob_e3562f_9782823621662-couv.jpg\" src=\"https:\/\/www.europesays.com\/fr\/wp-content\/uploads\/2025\/09\/image\/1371318\/20250903\/ob_e3562f_9782823621662-couv.jpg\"\/><\/p>\n<p style=\"text-align: justify;\">On suit son travail depuis de longues ann\u00e9es : Agn\u00e8s Desarthe est une excellente romanci\u00e8re \u00a0fran\u00e7aise qui \u00e9crit \u00e0 la fois pour les adultes, les adolescents et les enfants. Il existe en fait assez peu de liens entre toute sa production litt\u00e9raire, \u00e0 part sans doute une m\u00eame tonalit\u00e9, un registre tragi-comique qui m\u00eale tr\u00e8s habilement humour et gravit\u00e9 et une \u00a0m\u00eame bienveillance pour ses personnages<\/p>\n<p style=\"text-align: justify;\">Dans son nouveau roman, sorti pour la rentr\u00e9e litt\u00e9raire, Agn\u00e8s Desarthe s\u2019amuse \u00e0 nouer et d\u00e9nouer les destins par le seul jeu de l\u2019\u00e9criture.<\/p>\n<p style=\"text-align: justify;\">Un petit gar\u00e7on intenable rencontre un homme au bout du rouleau. Une femme retrouve son amant disparu. Un musicien pr\u00e9pare un concours avec un jeune prodige qui ne sait pas lire une note. Deux adolescents filent \u00e0 moto sans casque.<\/p>\n<p style=\"text-align: justify;\">Ces personnages\u00a0 semblent n\u2019avoir aucun lien entre eux, si ce n\u2019est que tous appartiennent \u00e0 la m\u00eame harmonie municipale.<\/p>\n<p style=\"text-align: justify;\">En effet l&rsquo;oreille absolue est un \u00a0admirable roman polyphonique,\u00a0 qui d\u00e9crit dans un foisonnement de d\u00e9tails touchants, les destins crois\u00e9s de personnages que f\u00e9d\u00e8re l\u2019amour de la musique.<\/p>\n<p style=\"text-align: justify;\">\u00a0L\u2019\u00e9criture \u00e0 la fois simple et cisel\u00e9e de l\u2019autrice nous guide, nous perd et nous retrouve, dans ce ballet de belles \u00e2mes rassembl\u00e9es autour de ce qui les r\u00e9unit le mieux : la musique.<\/p>\n<p style=\"text-align: justify;\">\u00a0Agnes Desarthe, qui compose davantage qu\u2019elle n\u2019\u00e9crit\u00a0\u00a0donne la pleine mesure de ton talent\u00a0tant chaque personnage existe pleinement avec ses tics, ses pudeurs et ses petites l\u00e2chet\u00e9s.<\/p>\n<p>\u00a0<\/p>\n<p><img decoding=\"async\" alt=\"\" data-amp-height=\"720\" data-amp-width=\"1280\" data-data-cke-saved-src=\"https:\/\/www.europesays.com\/fr\/wp-content\/uploads\/2025\/09\/image\/1371318\/20250903\/ob_a2b5f2_3bbm3w-28986100.jpg\" src=\"https:\/\/www.europesays.com\/fr\/wp-content\/uploads\/2025\/09\/image\/1371318\/20250903\/ob_a2b5f2_3bbm3w-28986100.jpg\"\/><\/p>\n<p>Agn\u00e8s Desarthe nous offre\u00a0 avec l&rsquo;oreille absolue une \u0153uvre profond\u00e9ment \u00e9mouvante qui c\u00e9l\u00e8bre la beaut\u00e9 des liens humains et la persistance de l\u2019espoir face aux \u00e9preuves de l\u2019existence. Elle livre un\u00a0roman polyphonique , sur des questions essentielles tels que le deuil , la solitude, l\u2019amour , l\u2019amiti\u00e9 , la bienveillance : un roman court bourr\u00e9 d\u2019humanit\u00e9.<\/p>\n<p>\u00a0L\u2019oreille absolue constitue une m\u00e9ditation sur l\u2019art de percevoir la musique du monde, cette symphonie discr\u00e8te mais essentielle qui unit tous les \u00eatres dans leur qu\u00eate de sens.<\/p>\n<p>L&rsquo;Oreille absolue<\/p>\n<p><a class=\"text-underline\" href=\"https:\/\/www.pagedeslibraires.fr\/e\/lolivier-5\" style=\"box-sizing: border-box; background-color: transparent; color: rgb(170, 127, 184); text-decoration: underline !important; font-family: &quot;GT Alpina&quot;, Georgia; font-size: 18px; font-style: normal; font-variant-ligatures: normal; font-variant-caps: normal; font-weight: 700; letter-spacing: 0.36px; orphans: 2; text-align: left; text-indent: 0px; text-transform: none; widows: 2; word-spacing: 0px; -webkit-text-stroke-width: 0px; white-space: normal;\" rel=\"nofollow noopener\" target=\"_blank\">L&rsquo;Olivier<\/a><br style=\"box-sizing: border-box; color: rgb(0, 0, 0); font-family: &quot;GT Alpina&quot;, Georgia; font-size: 18px; font-style: normal; font-variant-ligatures: normal; font-variant-caps: normal; font-weight: 700; letter-spacing: 0.36px; orphans: 2; text-align: left; text-indent: 0px; text-transform: none; widows: 2; word-spacing: 0px; -webkit-text-stroke-width: 0px; white-space: normal; text-decoration-thickness: initial; text-decoration-style: initial; text-decoration-color: initial;\"\/><br \/>\n22\/08\/2025<br style=\"box-sizing: border-box; color: rgb(0, 0, 0); font-family: &quot;GT Alpina&quot;, Georgia; font-size: 18px; font-style: normal; font-variant-ligatures: normal; font-variant-caps: normal; font-weight: 700; letter-spacing: 0.36px; orphans: 2; text-align: left; text-indent: 0px; text-transform: none; widows: 2; word-spacing: 0px; -webkit-text-stroke-width: 0px; white-space: normal; text-decoration-thickness: initial; text-decoration-style: initial; text-decoration-color: initial;\"\/><br \/>\n144 pages, 19,50 \u20ac<\/p>\n","protected":false},"excerpt":{"rendered":"Dans un village, tout le monde nous conna\u00eet et on conna\u00eet tout le monde. Mais certains s&rsquo;\u00e9vitent, se&hellip;\n","protected":false},"author":2,"featured_media":367580,"comment_status":"","ping_status":"","sticky":false,"template":"","format":"standard","meta":{"footnotes":""},"categories":[1357],"tags":[1379,58,59,1011,27,1380],"class_list":{"0":"post-367579","1":"post","2":"type-post","3":"status-publish","4":"format-standard","5":"has-post-thumbnail","7":"category-livres","8":"tag-books","9":"tag-divertissement","10":"tag-entertainment","11":"tag-fr","12":"tag-france","13":"tag-livres"},"share_on_mastodon":{"url":"https:\/\/pubeurope.com\/@fr\/115150427992494311","error":""},"_links":{"self":[{"href":"https:\/\/www.europesays.com\/fr\/wp-json\/wp\/v2\/posts\/367579","targetHints":{"allow":["GET"]}}],"collection":[{"href":"https:\/\/www.europesays.com\/fr\/wp-json\/wp\/v2\/posts"}],"about":[{"href":"https:\/\/www.europesays.com\/fr\/wp-json\/wp\/v2\/types\/post"}],"author":[{"embeddable":true,"href":"https:\/\/www.europesays.com\/fr\/wp-json\/wp\/v2\/users\/2"}],"replies":[{"embeddable":true,"href":"https:\/\/www.europesays.com\/fr\/wp-json\/wp\/v2\/comments?post=367579"}],"version-history":[{"count":0,"href":"https:\/\/www.europesays.com\/fr\/wp-json\/wp\/v2\/posts\/367579\/revisions"}],"wp:featuredmedia":[{"embeddable":true,"href":"https:\/\/www.europesays.com\/fr\/wp-json\/wp\/v2\/media\/367580"}],"wp:attachment":[{"href":"https:\/\/www.europesays.com\/fr\/wp-json\/wp\/v2\/media?parent=367579"}],"wp:term":[{"taxonomy":"category","embeddable":true,"href":"https:\/\/www.europesays.com\/fr\/wp-json\/wp\/v2\/categories?post=367579"},{"taxonomy":"post_tag","embeddable":true,"href":"https:\/\/www.europesays.com\/fr\/wp-json\/wp\/v2\/tags?post=367579"}],"curies":[{"name":"wp","href":"https:\/\/api.w.org\/{rel}","templated":true}]}}