{"id":367581,"date":"2025-09-05T07:07:12","date_gmt":"2025-09-05T07:07:12","guid":{"rendered":"https:\/\/www.europesays.com\/fr\/367581\/"},"modified":"2025-09-05T07:07:12","modified_gmt":"2025-09-05T07:07:12","slug":"laurent-ruquier-explique-en-toute-honnetete-son-absence-de-lultime-voyage-de-thierry-ardisson-en-leglise-saint-roch","status":"publish","type":"post","link":"https:\/\/www.europesays.com\/fr\/367581\/","title":{"rendered":"Laurent Ruquier explique en toute honn\u00eatet\u00e9 son absence de l&rsquo;ultime voyage de Thierry Ardisson en l&rsquo;\u00e9glise Saint-Roch"},"content":{"rendered":"<p>            <img loading=\"lazy\" decoding=\"async\" src=\"https:\/\/www.europesays.com\/fr\/wp-content\/uploads\/2025\/04\/144-64f8c016610ee-35x35-1.jpg\" class=\"author-article-picture\" width=\"35\" height=\"35\"\/><\/p>\n<p>                Par<br \/>\n                                    <a class=\"author-article-bio-link\" href=\"https:\/\/www.purepeople.com\/auteur\/louise-martin_a144\" rel=\"nofollow noopener\" target=\"_blank\">Louise Martin<\/a><br \/>\n                                                    | R\u00e9dactrice<\/p>\n<p>\n                Koh Lanta, Les Marseillais mais aussi Mari\u00e9s au Premier regards\u2026 Louise Martin est une t\u00e9l\u00e9vore qui essaye, \u00e0 ses heures perdues, de refaire les g\u00e2teaux qu\u2019elle admire devant le Meilleur P\u00e2tissier\u2026 mais elle ne risque pas de gagner le tablier bleu ! Les r\u00e9seaux sociaux n\u2019ont pas de secret pour elle, les derniers scoops, les derni\u00e8res \u00e9missions, elle les conna\u00eet tous.\n            <\/p>\n<p>\n    Le 14 juillet dernier, Thierry Ardisson s\u2019en est all\u00e9 apr\u00e8s s\u2019\u00eatre battu contre la maladie durant de longues ann\u00e9es. Quelques semaines plus tard, les obs\u00e8ques de l\u2019animateur ont eu lieu. Mais \u00e0 la surprise, l\u2019un de ses anciens acolytes \u00e9tait absent lors de la c\u00e9r\u00e9monie. Aujourd\u2019hui, Laurent Ruquier s\u2019explique sur le plateau de l\u2019\u00e9mission \u201cC \u00e0 Vous\u201d sur France 5.\n<\/p>\n<p>                            <img loading=\"lazy\" decoding=\"async\" class=\"player-thumbnail\" src=\"https:\/\/www.europesays.com\/fr\/wp-content\/uploads\/2025\/09\/1ea6c32f3424d86f-580x326-1.jpg\" width=\"580\" height=\"326\"\/><\/p>\n<p>                    Laurent Ruquier s&rsquo;exprime sur son absence aux obs\u00e8ques de Thierry Ardisson.&#13;<br \/>\n&#13;<br \/>\nCapture de Laurent Ruquier dans \u00ab\u00a0C \u00e0 Vous\u00a0\u00bb \u00a9 France 5, C \u00e0 Vous<\/p>\n<p>La suite apr\u00e8s la publicit\u00e9<\/p>\n<p>C\u2019est une nouvelle qui a attrist\u00e9 des millions de t\u00e9l\u00e9spectateurs. En juillet dernier, <a href=\"https:\/\/www.purepeople.com\/people\/thierry-ardisson_p176\" rel=\"nofollow noopener\" target=\"_blank\">Thierry Ardisson<\/a> <strong>rendait son dernier souffle<\/strong> \u00e0 l\u2019h\u00f4pital de la Piti\u00e9-Salp\u00eatri\u00e8re \u00e0 Paris, \u00e0 l\u2019\u00e2ge de 76 ans. Depuis 2012, <a href=\"https:\/\/www.purepeople.com\/article\/thierry-ardisson-nous-a-quittes-a-76-ans-de-quoi-etait-atteint-lanimateur-dans-le-plus-grand-secret_a540367\/1\" rel=\"nofollow noopener\" target=\"_blank\">l\u2019animateur phare de t\u00e9l\u00e9vision se battait contre un cancer du foie<\/a>. Une annonce qui n\u2019a \u00e9t\u00e9 \u00e9bruit\u00e9e qu\u2019au moment de son d\u00e9c\u00e8s, il y a quelques semaines. Jusqu\u2019au bout et entour\u00e9 de ses proches dont sa femme <a href=\"https:\/\/www.purepeople.com\/people\/audrey-crespo-mara_p2550\" rel=\"nofollow noopener\" target=\"_blank\">Audrey Crespo-Mara<\/a>, Thierry Ardisson s\u2019est montr\u00e9 combatif. Malheureusement, <strong>une rechute de la maladie et l\u2019inefficacit\u00e9 des traitements<\/strong> ont eu raison de son \u00e9nergie et de sa r\u00e9sistance.<\/p>\n<p>Le 29 ao\u00fbt 2025, les <a href=\"https:\/\/www.purepeople.com\/article\/ultimes-adieux-a-thierry-ardisson-la-ceremonie-religieuse-capturee-en-images-un-moment-de-recueillement-intense-ou-lemotion-etait-au-rendez-vous_a540524\/1\" rel=\"nofollow noopener\" target=\"_blank\">obs\u00e8ques de l\u2019homme en noir<\/a> se sont d\u00e9roul\u00e9es <strong>\u00e0 l\u2019\u00e9glise Saint-Roch <\/strong>dans le 1er arrondissement de la capitale. Une c\u00e9r\u00e9monie qui a \u00e9t\u00e9 <a href=\"https:\/\/www.purepeople.com\/article\/le-cercueil-est-entierement-pour-le-dernier-bonsoir-de-thierry-ardisson-rien-na-ete-laisse-au-hasard-et-un-detail-fait-parler_a540421\/1\" rel=\"nofollow noopener\" target=\"_blank\">scrupuleusement pens\u00e9e par le pr\u00e9sentateur<\/a> lui-m\u00eame quelque temps avant sa mort. \u00c0 un d\u00e9tail pr\u00e8s\u2026 En effet, si Thierry Ardisson a pens\u00e9 \u00e0 tout dans les moindres d\u00e9tails, la figure de la t\u00e9l\u00e9vision fran\u00e7aise n\u2019a pas eu la main sur les invit\u00e9s pr\u00e9sents \u00e0 l\u2019\u00e9v\u00e9nement. Et parmi ceux attendus,<a href=\"https:\/\/www.purepeople.com\/people\/laurent-ruquier_p200\" rel=\"nofollow noopener\" target=\"_blank\"> Laurent Ruquier<\/a> a finalement d\u00e9clin\u00e9 l\u2019invitation. Interrog\u00e9 quelques jours plus tard dans C \u00e0 Vous sur France 5, <a href=\"https:\/\/www.purepeople.com\/article\/laurent-ruquier-separe-depuis-plusieurs-semaines-dhugo-manos-apres-un-long-silence-lanimateur-evoque-enfin-son-ex-compagnon_a537334\/1\" rel=\"nofollow noopener\" target=\"_blank\">l\u2019ex d\u2019Hugo Manos<\/a> a tenu \u00e0 clarifier les raisons de son absence et \u00e0 rendre un hommage personnel \u00e0 celui qui fut longtemps son complice de t\u00e9l\u00e9vision. <strong>\u201cJ&rsquo;aurais bien \u00e9videmment \u00e9t\u00e9 pr\u00e9sent aux obs\u00e8ques si je n&rsquo;avais pas \u00e9t\u00e9 en tournage, ce jour-l\u00e0, pour <\/strong><strong>Mask Singer<\/strong><strong>\u00ab\u00a0<\/strong>, a-t-il expliqu\u00e9 avec beaucoup d\u2019\u00e9motion.<\/p>\n<p>Laurent Ruquier \u00e9tait-il toujours en brouille avec Thierry Ardisson ?<\/p>\n<p>Toutefois, Laurent Ruquier ne renie pas l\u2019\u00e9tat de sa relation avec Thierry Ardisson avant son d\u00e9c\u00e8s. En effet, les deux stars de la t\u00e9l\u00e9vision fran\u00e7aise \u00e9taient bel et bien en froid depuis leur clash autour de l&rsquo;\u00e9mission Hier, aujourd&rsquo;hui, demain en 2022. Mais les beaux souvenirs entre les deux animateurs ne manquent pas. Face \u00e0 Anne-Elisabeth Lemoine, Laurent Ruquier n\u2019a pas manqu\u00e9 de partager <strong>plusieurs anecdotes marquantes<\/strong> entre les deux hommes. \u00ab\u00a0Celui qui est venu me chercher, alors qu&rsquo;on disait que la t\u00e9l\u00e9vision n&rsquo;\u00e9tait pas faite pour moi, c&rsquo;est Thierry.\u201d, a-t-il notamment rappel\u00e9. Ce dernier a \u00e9t\u00e9 le <strong>premier sniper de Thierry Ardisson<\/strong> dans Tout le monde en parle, avant <a href=\"https:\/\/www.purepeople.com\/people\/laurent-baffie_p174\" rel=\"nofollow noopener\" target=\"_blank\">Laurent Baffie<\/a>. \u201cApr\u00e8s la premi\u00e8re ann\u00e9e de Tout le monde en parle, je suis all\u00e9 sur Canal avec Marc-Olivier Fogiel (&#8230;) Et Thierry voulant absolument me garder, pourtant sachant que j&rsquo;\u00e9tais pertinemment p*d\u00e9, je ne sais pas ce qu&rsquo;il lui a pris dans la t\u00eate, m&rsquo;a emmen\u00e9 dans une bo\u00eete. D&rsquo;un seul coup, je me suis retrouv\u00e9 avec une femme charmante sur les genoux, qui essayait absolument de me draguer. J&rsquo;ai compris apr\u00e8s que c&rsquo;\u00e9tait une professionnelle\u2026\u201d, a conclu Laurent Ruquier.<\/p>\n","protected":false},"excerpt":{"rendered":"Par Louise Martin | R\u00e9dactrice Koh Lanta, Les Marseillais mais aussi Mari\u00e9s au Premier regards\u2026 Louise Martin est&hellip;\n","protected":false},"author":2,"featured_media":367582,"comment_status":"","ping_status":"","sticky":false,"template":"","format":"standard","meta":{"footnotes":""},"categories":[1356],"tags":[58,59,1011,27,252,1364],"class_list":{"0":"post-367581","1":"post","2":"type-post","3":"status-publish","4":"format-standard","5":"has-post-thumbnail","7":"category-television","8":"tag-divertissement","9":"tag-entertainment","10":"tag-fr","11":"tag-france","12":"tag-television","13":"tag-tv"},"share_on_mastodon":{"url":"https:\/\/pubeurope.com\/@fr\/115150431543073384","error":""},"_links":{"self":[{"href":"https:\/\/www.europesays.com\/fr\/wp-json\/wp\/v2\/posts\/367581","targetHints":{"allow":["GET"]}}],"collection":[{"href":"https:\/\/www.europesays.com\/fr\/wp-json\/wp\/v2\/posts"}],"about":[{"href":"https:\/\/www.europesays.com\/fr\/wp-json\/wp\/v2\/types\/post"}],"author":[{"embeddable":true,"href":"https:\/\/www.europesays.com\/fr\/wp-json\/wp\/v2\/users\/2"}],"replies":[{"embeddable":true,"href":"https:\/\/www.europesays.com\/fr\/wp-json\/wp\/v2\/comments?post=367581"}],"version-history":[{"count":0,"href":"https:\/\/www.europesays.com\/fr\/wp-json\/wp\/v2\/posts\/367581\/revisions"}],"wp:featuredmedia":[{"embeddable":true,"href":"https:\/\/www.europesays.com\/fr\/wp-json\/wp\/v2\/media\/367582"}],"wp:attachment":[{"href":"https:\/\/www.europesays.com\/fr\/wp-json\/wp\/v2\/media?parent=367581"}],"wp:term":[{"taxonomy":"category","embeddable":true,"href":"https:\/\/www.europesays.com\/fr\/wp-json\/wp\/v2\/categories?post=367581"},{"taxonomy":"post_tag","embeddable":true,"href":"https:\/\/www.europesays.com\/fr\/wp-json\/wp\/v2\/tags?post=367581"}],"curies":[{"name":"wp","href":"https:\/\/api.w.org\/{rel}","templated":true}]}}