{"id":367583,"date":"2025-09-05T07:08:11","date_gmt":"2025-09-05T07:08:11","guid":{"rendered":"https:\/\/www.europesays.com\/fr\/367583\/"},"modified":"2025-09-05T07:08:11","modified_gmt":"2025-09-05T07:08:11","slug":"le-nouveau-geant-du-rap-francais-en-chiffres-qui-donnent-le-vertige","status":"publish","type":"post","link":"https:\/\/www.europesays.com\/fr\/367583\/","title":{"rendered":"le nouveau g\u00e9ant du rap fran\u00e7ais en chiffres qui donnent le vertige"},"content":{"rendered":"<p class=\"article__intro\">Avec pour ambition de s\u2019installer comme le plus gros festival de rap de France, le Golden Coast revient pour sa deuxi\u00e8me \u00e9dition les 5, 6 et 7 septembre prochain \u00e0 Dijon en C\u00f4te-d&rsquo;Or. Voici quelques chiffres du festival qui peuvent donner le tournis.<\/p>\n<p>\n      L\u2019actu des r\u00e9gions\n    <\/p>\n<p>\n      Chaque jour, un tour d\u2019horizon des principales infos de toutes les r\u00e9gions.\n    <\/p>\n<p>    France T\u00e9l\u00e9visions utilise votre adresse e-mail afin de vous envoyer la newsletter \u00ab\u00a0L\u2019actu des r\u00e9gions\u00a0\u00bb. Vous pouvez vous d\u00e9sinscrire \u00e0 tout moment via le lien en bas de cette newsletter. <a target=\"_blank\" href=\"https:\/\/www.francetelevisions.fr\/groupe\/confidentialite\/politique-de-confidentialite\/politique-de-confidentialite-de-france-televisions-6503\" rel=\"nofollow noopener\">Notre politique de confidentialit\u00e9<\/a><\/p>\n<p>Pour sa deuxi\u00e8me \u00e9dition, le Golden Coast, qui se d\u00e9roulera du 5 au 7 septembre, voit plus grand : une fosse \u00e9largie devant la grande sc\u00e8ne, un campus pour favoriser les \u00e9changes avec les artistes, un nouvel emplacement pour le camping.<\/p>\n<p>Avec une programmation r\u00e9unissant Booba, SCH, Ninho, La Fonky Family, SDM, Zola &amp; Koba LaD ou encore Josman, le festival affiche clairement ses ambitions : faire vibrer la France au rythme du hip-hop et s\u2019imposer comme LE rendez-vous incontournable des fans de rap.<\/p>\n<p>Dans le parc de la Combe \u00e0 la Serpent, la premi\u00e8re \u00e9dition de l\u2019\u00e9v\u00e9nement dijonnais avait fait r\u00e9sonner les tubes de certains des plus gros artistes de la sc\u00e8ne rap francophone devant plus de 50 000 festivaliers de tous horizons.<\/p>\n<p>Cette ann\u00e9e, les organisateurs voient plus grand, avec plus de 70 000 spectateurs sur trois jours. \u00ab\u00a0La grande sc\u00e8ne a \u00e9t\u00e9 recul\u00e9e de 40 m\u00e8tres pour avoir une visibilit\u00e9 bien plus grande\u00a0\u00bb, indique Vivien Becle, cofondateur et directeur artistique. \u00a0<\/p>\n<p><a data-article-figure=\"\" href=\"https:\/\/france3-regions.franceinfo.fr\/image\/lT11ItmVMzxvmGiXr9QcnxdnT4E\/1920x1080\/regions\/2025\/09\/04\/12-festival-golden-coast-samedi-00-00-13-07-68b985983d782214938132.jpg\" data-pswp-width=\"1920\" data-pswp-height=\"1080\" target=\"_blank\" rel=\"nofollow noopener\"><\/p>\n<p>          <img width=\"600\" height=\"400\" class=\"article-image lazy\" data-src=\"https:\/\/www.europesays.com\/fr\/wp-content\/uploads\/2025\/09\/12-festival-golden-coast-samedi-00-00-13-07-68b985983d782214938132.jpg\" alt=\"Pour sa premi\u00e8re \u00e9dition en 2024, le Golden Coast a accueilli 50 000 festivaliers.\" fetchpriority=\"high\" as=\"image\"\/><\/p>\n<p>\n            Pour sa premi\u00e8re \u00e9dition en 2024, le Golden Coast a accueilli 50 000 festivaliers.<br \/>\n                           \u2022<br \/>\n                                      \u00a9 David S\u00e9gal \/ France T\u00e9l\u00e9visions\n                      <\/p>\n<p><\/a><\/p>\n<p>\u00c9toff\u00e9e d\u2019une journ\u00e9e suppl\u00e9mentaire, la deuxi\u00e8me \u00e9dition du Golden Coast promet une affiche de haut vol. Le vendredi 5 septembre, SCH, IAM, Werenoi et Alonzo ouvriront le bal. Le samedi, place \u00e0 GIMS, Gazo, Hamza et Rim\u2019K. Enfin, la cl\u00f4ture du dimanche r\u00e9unira Ninho &amp; Niska, Bigflo &amp; Oli, Vald et MC Solaar. Au total, plus de 70 artistes se relaieront sur les quatre sc\u00e8nes pour trois jours de f\u00eate XXL.<\/p>\n<blockquote class=\"ftvi_content_quote\">\n<p class=\"ftvi_citation_quote\">Aujourd&rsquo;hui, Golden Coast est le festival de rap num\u00e9ro 1 en France dans les chiffres et dans la marque qu&rsquo;elle repr\u00e9sente.<\/p>\n<p>Vivien Becle<\/p>\n<p class=\"ftvi_citation_source\">Cofondateur et directeur artistique<\/p>\n<\/blockquote>\n<p>Cette nouvelle \u00e9dition b\u00e9n\u00e9ficie d\u2019un budget d&rsquo;environ 9 millions d\u2019euros, appuy\u00e9 par un soutien accru des sponsors. La billetterie, qui constitue 75 % des recettes du festival, devrait conna\u00eetre une hausse importante gr\u00e2ce \u00e0 l\u2019ajout d\u2019une journ\u00e9e suppl\u00e9mentaire.<\/p>\n<p>Vivien Becle confie que le festival n\u00e9cessite \u00ab\u00a0une grosse installation, avec trois semaines de montage, une dizaine de jours de d\u00e9montage. Tout \u00e7a c&rsquo;est beaucoup de travail et \u00e7a demande un gros budget. Pour les festivals en France, de nos jours ce n\u2019est pas facile. Tout co\u00fbte cher, la s\u00e9curit\u00e9, la technique et les artistes. Les objectifs sont tr\u00e8s hauts et le risque que l&rsquo;on prend et assez \u00e9lev\u00e9\u00a0\u00bb.<\/p>\n<p>Avec 70 % des festivaliers venus de plus de 200 km en 2024, le Golden Coast confirme son rayonnement bien au-del\u00e0 des fronti\u00e8res r\u00e9gionales. Pour accompagner cette attractivit\u00e9 croissante, la capacit\u00e9 du camping sera plus que doubl\u00e9e, passant de 2 250 \u00e0 5 000 places, tandis que 4 000 emplacements de stationnement seront mis \u00e0 disposition.<\/p>\n<\/p>\n<p>Au-del\u00e0 de l\u2019\u00e9v\u00e9nement musical, Golden Coast est une opportunit\u00e9 \u00e9conomique et touristique pour la ville de Dijon et son agglom\u00e9ration :<\/p>\n<ul>\n<li>325 emplois sont mobilis\u00e9s pour l\u2019organisation, en majorit\u00e9 en local,<\/li>\n<li>50 % du budget de commandes est allou\u00e9 \u00e0 des entreprises de la r\u00e9gion,<\/li>\n<li>50 % des stands de restauration sont issus du territoire,<\/li>\n<li>et 1 600 nuit\u00e9es sont attendues dans les h\u00f4tels et h\u00e9bergements dijonnais.<\/li>\n<\/ul>\n","protected":false},"excerpt":{"rendered":"Avec pour ambition de s\u2019installer comme le plus gros festival de rap de France, le Golden Coast revient&hellip;\n","protected":false},"author":2,"featured_media":367584,"comment_status":"","ping_status":"","sticky":false,"template":"","format":"standard","meta":{"footnotes":""},"categories":[1355],"tags":[58,59,1011,27,1361,873],"class_list":{"0":"post-367583","1":"post","2":"type-post","3":"status-publish","4":"format-standard","5":"has-post-thumbnail","7":"category-musique","8":"tag-divertissement","9":"tag-entertainment","10":"tag-fr","11":"tag-france","12":"tag-music","13":"tag-musique"},"share_on_mastodon":{"url":"https:\/\/pubeurope.com\/@fr\/115150435615279738","error":""},"_links":{"self":[{"href":"https:\/\/www.europesays.com\/fr\/wp-json\/wp\/v2\/posts\/367583","targetHints":{"allow":["GET"]}}],"collection":[{"href":"https:\/\/www.europesays.com\/fr\/wp-json\/wp\/v2\/posts"}],"about":[{"href":"https:\/\/www.europesays.com\/fr\/wp-json\/wp\/v2\/types\/post"}],"author":[{"embeddable":true,"href":"https:\/\/www.europesays.com\/fr\/wp-json\/wp\/v2\/users\/2"}],"replies":[{"embeddable":true,"href":"https:\/\/www.europesays.com\/fr\/wp-json\/wp\/v2\/comments?post=367583"}],"version-history":[{"count":0,"href":"https:\/\/www.europesays.com\/fr\/wp-json\/wp\/v2\/posts\/367583\/revisions"}],"wp:featuredmedia":[{"embeddable":true,"href":"https:\/\/www.europesays.com\/fr\/wp-json\/wp\/v2\/media\/367584"}],"wp:attachment":[{"href":"https:\/\/www.europesays.com\/fr\/wp-json\/wp\/v2\/media?parent=367583"}],"wp:term":[{"taxonomy":"category","embeddable":true,"href":"https:\/\/www.europesays.com\/fr\/wp-json\/wp\/v2\/categories?post=367583"},{"taxonomy":"post_tag","embeddable":true,"href":"https:\/\/www.europesays.com\/fr\/wp-json\/wp\/v2\/tags?post=367583"}],"curies":[{"name":"wp","href":"https:\/\/api.w.org\/{rel}","templated":true}]}}