{"id":367591,"date":"2025-09-05T07:13:10","date_gmt":"2025-09-05T07:13:10","guid":{"rendered":"https:\/\/www.europesays.com\/fr\/367591\/"},"modified":"2025-09-05T07:13:10","modified_gmt":"2025-09-05T07:13:10","slug":"marie-portolano-coup-de-theatre-la-journaliste-mise-en-examen-apres-la-plainte-de-pierre-menes","status":"publish","type":"post","link":"https:\/\/www.europesays.com\/fr\/367591\/","title":{"rendered":"Marie Portolano : coup de th\u00e9\u00e2tre, la journaliste mise en examen apr\u00e8s la plainte de Pierre M\u00e9n\u00e8s"},"content":{"rendered":"<p>Un v\u00e9ritable coup de tonnerre ! Selon les informations du site d&rsquo;actualit\u00e9 Les Jours, relay\u00e9es par L&rsquo;\u00c9quipe, <a href=\"https:\/\/www.public.fr\/je-suis-fatigue-de-tout-ca-pierre-menes-porte-plainte-contre-marie-portolano\" target=\"_blank\" rel=\"noopener\"><strong>Marie Portolano<\/strong><\/a>, connue pour son ouvrage Je suis la femme du plateau, sorti en mars 2024 chez Stock, a \u00e9t\u00e9 <strong>mise en examen le 15 ao\u00fbt dernier. <\/strong><\/p>\n<p>La journaliste est accus\u00e9e de s&rsquo;\u00eatre rendue complice de Manuel Carcassonne, directeur de la maison d&rsquo;\u00e9dition, dans <strong><a href=\"https:\/\/www.public.fr\/elle-a-niqu-ma-vie-apres-la-plainte-pierre-menes-charge-une-nouvelle-fois-marie-portolano\" target=\"_blank\" rel=\"noopener\">une affaire de diffamation visant Pierre M\u00e9n\u00e8s<\/a>. <\/strong><\/p>\n<p>\u00ab\u00a0Il se permettait de faire ce que bon lui semblait aux femmes\u00a0\u00bb<\/p>\n<p>Trois mois apr\u00e8s la sortie du livre, l&rsquo;ex-chroniqueur de Canal + avait d\u00e9cid\u00e9 de porter l&rsquo;affaire devant la justice. <\/p>\n<p>Bien que son nom n&rsquo;apparaisse jamais dans l&rsquo;ouvrage, <strong>Pierre M\u00e9n\u00e8s s&rsquo;est reconnu dans les passages r\u00e9dig\u00e9s par Marie Portolano. <\/strong><\/p>\n<p>La journaliste, d\u00e9j\u00e0 auteure en 2021 du documentaire Je ne suis pas une salope, je suis journaliste dans lequel elle \u00e9voquait des accusations d&rsquo;agression sexuelle, raconte que Pierre M\u00e9n\u00e8s lui aurait soulev\u00e9 la jupe et touch\u00e9 les fesses, en coulisses, mais aussi en plein plateau du Canal Football Club, le 28 ao\u00fbt 2016.<\/p>\n<p>L&rsquo;un des passages \u00e0 l&rsquo;origine de la plainte est le suivant : \u00ab\u00a0<strong>On a dit de lui qu&rsquo;il avait un &lsquo;droit de cuissage&rsquo;. <\/strong>En fait, il faisait ce qui lui plaisait, sans jamais \u00eatre r\u00e9primand\u00e9. Outre l&rsquo;humiliation, tous genres confondus, il se permettait de faire ce que bon lui semblait aux femmes qui l&rsquo;entouraient. De toucher qui il voulait o\u00f9 il voulait, avec le consentement non des personnes concern\u00e9es \u00e9videmment, mais de celles qui auraient tout \u00e0 fait pu l&rsquo;arr\u00eater, ses sup\u00e9rieurs hi\u00e9rarchiques par exemple, toujours t\u00e9moins de ces agissements\u00a0\u00bb. <\/p>\n<p>\u00ab\u00a0<strong>Je vois mal son int\u00e9r\u00eat \u00e0 susciter un d\u00e9bat public \u00e0 la barre du tribunal, alors que, Marie Portolano, elle, n&rsquo;a jamais d\u00e9pos\u00e9 plainte contre lui<\/strong>. Au-del\u00e0 du coup de col\u00e8re qui fait que Pierre M\u00e9n\u00e8s d\u00e9pose plainte, ce qui lui permet de faire un peu de com&rsquo; et de limiter la propagation du livre, je ne vois pas trop son int\u00e9r\u00eat d&rsquo;aller jusqu&rsquo;au bout. Quand on fait un proc\u00e8s de diffamation, on fait son propre proc\u00e8s\u00a0\u00bb, a confi\u00e9 Christophe Bigot, l&rsquo;avocat des \u00e9ditions Stock, \u00e0 Les Jours.<\/p>\n<p>Pierre M\u00e9n\u00e8s au c\u0153ur d&rsquo;une enqu\u00eate <\/p>\n<p>Nicolas Rebbot, l&rsquo;avocat de Pierre M\u00e9n\u00e8s, est quant \u00e0 lui persuad\u00e9 que la tenue de ce jugement est utile : \u00ab\u00a0\u00c7a permet au moins qu&rsquo;il y ait un d\u00e9bat pour voir si, en effet, au moment o\u00f9 Marie Portolano \u00e9crit ces propos-l\u00e0, noir sur blanc, elle disposait de preuves v\u00e9ritablement accessibles. Pour le dire, j&rsquo;en doute.\u00a0\u00bb<\/p>\n<p>Rappelons \u00e9galement que <strong>Pierre M\u00e9n\u00e8s fait l&rsquo;objet d&rsquo;une enqu\u00eate pour harc\u00e8lement et agression sexuelle pr\u00e9sum\u00e9s.<\/strong> En avril 2023, il a \u00e9t\u00e9 condamn\u00e9 pour des faits commis en 2018, mais relax\u00e9 dans deux autres affaires similaires. <\/p>\n<p>      Mentionn\u00e9s dans cet article<\/p>\n<p>      Sur le m\u00eame sujet<\/p>\n","protected":false},"excerpt":{"rendered":"Un v\u00e9ritable coup de tonnerre ! Selon les informations du site d&rsquo;actualit\u00e9 Les Jours, relay\u00e9es par L&rsquo;\u00c9quipe, Marie&hellip;\n","protected":false},"author":2,"featured_media":367592,"comment_status":"","ping_status":"","sticky":false,"template":"","format":"standard","meta":{"footnotes":""},"categories":[8],"tags":[22016,58,59,1011,27,33118,27885],"class_list":{"0":"post-367591","1":"post","2":"type-post","3":"status-publish","4":"format-standard","5":"has-post-thumbnail","7":"category-divertissement","8":"tag-diffamation","9":"tag-divertissement","10":"tag-entertainment","11":"tag-fr","12":"tag-france","13":"tag-marie-portolano","14":"tag-pierre-menes"},"share_on_mastodon":{"url":"https:\/\/pubeurope.com\/@fr\/115150455063822814","error":""},"_links":{"self":[{"href":"https:\/\/www.europesays.com\/fr\/wp-json\/wp\/v2\/posts\/367591","targetHints":{"allow":["GET"]}}],"collection":[{"href":"https:\/\/www.europesays.com\/fr\/wp-json\/wp\/v2\/posts"}],"about":[{"href":"https:\/\/www.europesays.com\/fr\/wp-json\/wp\/v2\/types\/post"}],"author":[{"embeddable":true,"href":"https:\/\/www.europesays.com\/fr\/wp-json\/wp\/v2\/users\/2"}],"replies":[{"embeddable":true,"href":"https:\/\/www.europesays.com\/fr\/wp-json\/wp\/v2\/comments?post=367591"}],"version-history":[{"count":0,"href":"https:\/\/www.europesays.com\/fr\/wp-json\/wp\/v2\/posts\/367591\/revisions"}],"wp:featuredmedia":[{"embeddable":true,"href":"https:\/\/www.europesays.com\/fr\/wp-json\/wp\/v2\/media\/367592"}],"wp:attachment":[{"href":"https:\/\/www.europesays.com\/fr\/wp-json\/wp\/v2\/media?parent=367591"}],"wp:term":[{"taxonomy":"category","embeddable":true,"href":"https:\/\/www.europesays.com\/fr\/wp-json\/wp\/v2\/categories?post=367591"},{"taxonomy":"post_tag","embeddable":true,"href":"https:\/\/www.europesays.com\/fr\/wp-json\/wp\/v2\/tags?post=367591"}],"curies":[{"name":"wp","href":"https:\/\/api.w.org\/{rel}","templated":true}]}}