{"id":367595,"date":"2025-09-05T07:15:16","date_gmt":"2025-09-05T07:15:16","guid":{"rendered":"https:\/\/www.europesays.com\/fr\/367595\/"},"modified":"2025-09-05T07:15:16","modified_gmt":"2025-09-05T07:15:16","slug":"le-prix-de-lelectricite-va-chuter-a-une-heure-precise-ce-5-septembre-2025","status":"publish","type":"post","link":"https:\/\/www.europesays.com\/fr\/367595\/","title":{"rendered":"Le prix de l&rsquo;\u00e9lectricit\u00e9 va chuter \u00e0 une heure pr\u00e9cise ce 5 septembre 2025"},"content":{"rendered":"<p>        <img decoding=\"async\" class=\"article__hero-img\" src=\"https:\/\/www.europesays.com\/fr\/wp-content\/uploads\/2025\/09\/prix-electricite-05.jpg\" alt=\"Le prix de l'\u00e9lectricit\u00e9 va chuter \u00e0 une heure pr\u00e9cise ce 5 septembre 2025\"\/><\/p>\n<p>              <img decoding=\"async\" class=\"article-author__picture webp\" src=\"https:\/\/www.europesays.com\/fr\/wp-content\/uploads\/2025\/04\/matias-perea-85px.jpg.webp\" alt=\"Matias Perea\"\/><\/p>\n<p class=\"article-author__info--name\"> Par<br \/>\n                      <a href=\"https:\/\/selectra.info\/equipe\/matias\" target=\"_blank\" rel=\"noopener author nofollow\"> Matias Perea <\/a><\/p>\n<p class=\"article-author__info--description\"> Analyste \u00c9nergie <\/p>\n<p>  <img decoding=\"async\" class=\"new-ads__card-logo\" src=\"https:\/\/www.europesays.com\/fr\/wp-content\/uploads\/2025\/04\/ampoule-animee.gif\" alt=\"logo\"\/><\/p>\n<p class=\"new-ads__card-title\">Trouvez un fournisseur moins cher !<\/p>\n<p class=\"new-ads__card-description\">Obtenez votre comparatif par t\u00e9l\u00e9phone avec Selectra<\/p>\n<p>        <img decoding=\"async\" class=\"new-ads__card-logo\" src=\"https:\/\/www.europesays.com\/fr\/wp-content\/uploads\/2025\/06\/primeo-xs.png\" alt=\"logo\"\/><\/p>\n<p class=\"new-ads__card-title\">L&rsquo;offre du moment \u00e0 -20 % (HT) par rapport au tarif r\u00e9glement\u00e9<\/p>\n<p class=\"new-ads__card-description\">Une offre \u00e0 prix fixe moins ch\u00e8re<\/p>\n<p class=\"intro\">\n    Ce vendredi 5 septembre 2025, le prix de gros de l&rsquo;\u00e9lectricit\u00e9 sur le march\u00e9 Epex Spot<br \/>\n            n&rsquo;est pas encore disponible.<\/p>\n<p>            Le prix pour demain, samedi, sera publi\u00e9 aux alentours de 13h30.<br \/>\n        Du c\u00f4t\u00e9 des march\u00e9s \u00e0 terme, les contrats pour les ann\u00e9es \u00e0 venir affichent une tendance mixte par rapport \u00e0 la semaine derni\u00e8re.\n<\/p>\n<p class=\"in-short--title col-xs-12 text--center\">R\u00e9sumer cet article avec\u00a0:<\/p>\n<p>Prix de l&rsquo;\u00e9lectricit\u00e9 sur le march\u00e9 Epex \/ Spot ce vendredi 5 septembre 2025<\/p>\n<p>\n    Aujourd&rsquo;hui, vendredi 5 septembre 2025, le prix spot de l&rsquo;\u00e9lectricit\u00e9 s&rsquo;\u00e9tablit \u00e0 <strong>N\/A \u20ac\/MWh<\/strong>.\n        <\/p>\n<p>\n            Les donn\u00e9es pour demain, samedi 6 septembre 2025, seront publi\u00e9es par les march\u00e9s aux alentours de 13h30.\n    <\/p>\n<p>Analyse du prix Spot, heure par heure<\/p>\n<p>\n    Pour la journ\u00e9e du <strong>5 septembre 2025<\/strong>, le prix de l&rsquo;\u00e9lectricit\u00e9 SPOT a atteint son plus haut \u00e0 <strong>21h<\/strong> avec <strong>107,10 \u20ac\/MWh<\/strong> et son plus bas \u00e0 <strong>14h<\/strong>, \u00e0 <strong>6,62 \u20ac\/MWh<\/strong>.\n    <\/p>\n<p>Evolution du prix spot d&rsquo;\u00e9lectricit\u00e9 sur les 30 derniers jours<\/p>\n<p>\n                    L&rsquo;\u00e9volution du prix spot de l&rsquo;\u00e9lectricit\u00e9 sur les 30 derniers jours n&rsquo;a pas pu \u00eatre calcul\u00e9e.<br \/>\n                Le pic durant cette p\u00e9riode a \u00e9t\u00e9 enregistr\u00e9 le <strong>13 ao\u00fbt 2025<\/strong>, avec un prix de <strong>96,56 \u20ac\/MWh<\/strong>.<br \/>\n        \u00c0 l&rsquo;inverse, le point le plus bas a \u00e9t\u00e9 observ\u00e9 le <strong>31 ao\u00fbt 2025<\/strong>, o\u00f9 le prix est descendu \u00e0 <strong>18,88 \u20ac\/MWh<\/strong>.\n    <\/p>\n<p class=\"title\">L&rsquo;INFO QUI FAIT BAISSER VOTRE FACTURE<\/p>\n<ul class=\"list--check\">\n<li><strong>Alertes Baisse des Prix<\/strong> en temps r\u00e9el<\/li>\n<li><strong>Nouvelles Aides de l&rsquo;\u00c9tat<\/strong> d\u00e9crypt\u00e9es pour vous<\/li>\n<li><strong>Bons Plans Exclusifs<\/strong> de nos experts<\/li>\n<\/ul>\n<p style=\"margin-top:15px;\">Rejoignez des milliers de Fran\u00e7ais et recevez gratuitement l&rsquo;essentiel de l&rsquo;actu \u00e9nergie sur votre canal pr\u00e9f\u00e9r\u00e9.<\/p>\n<p>\u00c9volution du prix spot moyen par mois<\/p>\n<p>\n        Pour le mois de <strong>septembre 2025<\/strong>, le prix moyen de l&rsquo;\u00e9lectricit\u00e9 s&rsquo;\u00e9tablit pour l&rsquo;instant \u00e0 <strong>33,00 \u20ac\/MWh<\/strong>.<br \/>\n        Cela repr\u00e9sente une baisse de <strong>38,9 %<\/strong> par rapport au mois de ao\u00fbt.<br \/>\n                    Sur les 12 derniers mois complets, le pic a \u00e9t\u00e9 observ\u00e9 en <strong>f\u00e9vrier 2025<\/strong> avec une moyenne de <strong>122,00 \u20ac\/MWh<\/strong>, tandis que le mois le plus abordable fut <strong>mai 2025<\/strong> (<strong>19,00 \u20ac\/MWh<\/strong>).\n            <\/p>\n<p>\n    Dans le d\u00e9tail, en analysant au jour le jour, le prix Epex\/Spot a atteint son maximum le <strong>20 janvier 2025<\/strong> avec un prix de <strong>196,71 \u20ac\/MWh<\/strong>. \u00c0 l&rsquo;inverse, le point le plus bas a \u00e9t\u00e9 observ\u00e9 le <strong>11 mai 2025<\/strong>, lorsque le prix est tomb\u00e9 \u00e0 <strong>-5,84 \u20ac\/MWh<\/strong>.\n<\/p>\n<p>    Prix spot en Europe aujourd&rsquo;hui, le 5 septembre 2025<\/p>\n<p>\n            Avec un prix spot de <strong>57,00 \u20ac\/MWh<\/strong>, la France se classe au <strong>25\u00e8me rang des march\u00e9s les plus chers d&rsquo;Europe<\/strong> sur un total de 57.<br \/>\n            \u00c0 l&rsquo;\u00e9chelle continentale, le prix le plus bas est observ\u00e9 sur le march\u00e9 <strong>Belgique<\/strong> (<strong>1,00 \u20ac\/MWh<\/strong>), tandis que le prix le plus \u00e9lev\u00e9 se trouve sur le march\u00e9 <strong>Sicile (Italie)<\/strong> (<strong>116,00 \u20ac\/MWh<\/strong>).\n        <\/p>\n<p class=\"h2\">Prix spot en Europe le 05\/09\/2025<\/p>\n<p>Prix n\u00e9gatifs de l&rsquo;\u00e9lectricit\u00e9 aujourd&rsquo;hui vendredi 5 septembre 2025<\/p>\n<p>\n    Avec la mont\u00e9e en puissance des \u00e9nergies renouvelables, notamment le solaire et l&rsquo;\u00e9olien, la France conna\u00eet de plus en plus souvent des p\u00e9riodes o\u00f9 la production d&rsquo;\u00e9lectricit\u00e9 d\u00e9passe la consommation. R\u00e9sultat : les prix sur le march\u00e9 spot deviennent n\u00e9gatifs, signifiant que les producteurs paient pour \u00e9couler leur \u00e9nergie.\n<\/p>\n<p>\n    Loin d&rsquo;\u00eatre anecdotique, cette tendance s&rsquo;acc\u00e9l\u00e8re. Depuis le d\u00e9but de l&rsquo;ann\u00e9e 2025, nous avons d\u00e9j\u00e0 cumul\u00e9 <strong>432 heures de prix n\u00e9gatifs ou nuls<\/strong>.<br \/>\n            Cela repr\u00e9sente une explosion de 27% par rapport \u00e0 la m\u00eame p\u00e9riode en 2024.\n    <\/p>\n<p>\n            Ce vendredi 5 septembre 2025, aucune heure avec des prix n\u00e9gatifs ou nuls n&rsquo;est \u00e0 signaler sur le r\u00e9seau.\n    <\/p>\n<p>Sur le long terme, l&rsquo;augmentation du nombre d&rsquo;heures \u00e0 prix n\u00e9gatifs est \u00e9galement notable. En France, pour l&rsquo;ann\u00e9e <strong>2025<\/strong>, on d\u00e9nombre pour l&rsquo;instant <strong>432 heures<\/strong> o\u00f9 le prix de l&rsquo;\u00e9lectricit\u00e9 sur le march\u00e9 SPOT a \u00e9t\u00e9 n\u00e9gatif ou nul.<\/p>\n<p>\n    Pour limiter ces \u00e9pisodes, il est n\u00e9cessaire d&rsquo;adapter la consommation aux p\u00e9riodes de forte production, par exemple en rechargeant son v\u00e9hicule \u00e9lectrique ou en lan\u00e7ant ses appareils \u00e9lectrom\u00e9nagers lorsque l&rsquo;\u00e9lectricit\u00e9 est abondante et bon march\u00e9, voire gratuite.\n<\/p>\n<p>    Analyse des tendances sur l&rsquo;ann\u00e9e 2025<\/p>\n<p>\n        Cette ann\u00e9e, le mois le plus touch\u00e9 par les prix n\u00e9gatifs a \u00e9t\u00e9 <strong>mai 2025<\/strong>, avec un total de <strong>133 heures<\/strong>.<br \/>\n                    Il s&rsquo;agit d&rsquo;un record absolu depuis le d\u00e9but des relev\u00e9s.\n            <\/p>\n<p>    \u00c9volution mensuelle des heures \u00e0 prix n\u00e9gatifs<\/p>\n<p>\n        Toutes saisons confondues, c&rsquo;est g\u00e9n\u00e9ralement <strong>en milieu de journ\u00e9e<\/strong> que le ph\u00e9nom\u00e8ne est le plus marqu\u00e9. L&rsquo;heure de <strong>14h<\/strong> est statistiquement la plus susceptible de pr\u00e9senter des prix n\u00e9gatifs.<br \/>\n                    \u00c0 elle seule, elle concentre pr\u00e8s de <strong>17%<\/strong> de toutes les heures n\u00e9gatives enregistr\u00e9es.\n            <\/p>\n<p class=\"chart-title\">Nombre d&rsquo;heures cumul\u00e9es<\/p>\n<p>\n        En analysant par saison, on observe des nuances :<br \/>\n        en <strong>Saison Basse<\/strong> (du 1\u1d49\u02b3 avril au 31 octobre), le pic se situe \u00e0 <strong>14h<\/strong>, au c\u0153ur de la production solaire.<br \/>\n        En <strong>Saison Haute<\/strong> (du 1\u1d49\u02b3 novembre au 31 mars), o\u00f9 la demande est plus forte, le ph\u00e9nom\u00e8ne est plus rare mais se concentre principalement \u00e0 <strong>4h<\/strong>.\n    <\/p>\n<p class=\"chart-title\">Nombre d&rsquo;heures cumul\u00e9es<\/p>\n<p>Prix des contrats \u00e0 terme (CAL) au vendredi 5 septembre 2025<\/p>\n<p>\n        Le contrat Calendar (CAL) est utilis\u00e9 sur les march\u00e9s pour acheter de l&rsquo;\u00e9lectricit\u00e9 qui sera livr\u00e9e les ann\u00e9es suivantes \u00e0 un prix fix\u00e9 \u00e0 l&rsquo;avance. Il permet aux entreprises de se prot\u00e9ger contre la volatilit\u00e9 des prix. Voici l&rsquo;\u00e9tat des principaux contrats annuels en date du <strong>04\/09\/2025<\/strong>.\n    <\/p>\n<p>            Prix des contrats \u00e0 terme \u00e9lectricit\u00e9 (CAL)<\/p>\n<tr>\n                    \u00c9ch\u00e9ance<br \/>\n                    Prix Peak (\u20ac\/MWh)<br \/>\n                    Prix Base (\u20ac\/MWh)<br \/>\n                <\/tr>\n<tr>\n<td><strong>CAL 2026<\/strong><\/td>\n<td>69,49 (+0,56%)<\/td>\n<td>60,46 (+1,05%)<\/td>\n<\/tr>\n<tr>\n<td><strong>CAL 2027<\/strong><\/td>\n<td>70,79 (+1,13%)<\/td>\n<td>60,11 (+1,03%)<\/td>\n<\/tr>\n<tr>\n<td><strong>CAL 2028<\/strong><\/td>\n<td>75,91 (-0,17%)<\/td>\n<td>63,57 (+0,30%)<\/td>\n<\/tr>\n<p class=\"table__legend\">\n            Source : EEX &#8211; march\u00e9s de gros de l&rsquo;\u00e9lectricit\u00e9. Les \u00e9volutions entre parenth\u00e8ses sont calcul\u00e9es par rapport au 29\/08\/2025.\n        <\/p>\n<p>            CAL27 : Quel est le prix d&rsquo;un MWh d&rsquo;\u00e9lectricit\u00e9 pour une livraison en 2027 ?<\/p>\n<p>\n                Pour une livraison en 2027, le contrat CAL27 Peak pr\u00e9sente un prix de <strong>70,79 \u20ac\/MWh<\/strong>, tandis que sa version Base cote \u00e0 <strong>60,11 \u20ac\/MWh<\/strong>.\n            <\/p>\n<p>            CAL26 : Quel est le prix d&rsquo;un MWh d&rsquo;\u00e9lectricit\u00e9 pour une livraison en 2026 ?<\/p>\n<p>\n                Pour une livraison en 2026, le contrat CAL26 Peak pr\u00e9sente un prix de <strong>69,49 \u20ac\/MWh<\/strong>, tandis que sa version Base cote \u00e0 <strong>60,46 \u20ac\/MWh<\/strong>.\n            <\/p>\n<p>            CAL28 : Quel est le prix d&rsquo;un MWh d&rsquo;\u00e9lectricit\u00e9 pour une livraison en 2028 ?<\/p>\n<p>\n                Pour une livraison en 2028, le contrat CAL28 Peak pr\u00e9sente un prix de <strong>75,91 \u20ac\/MWh<\/strong>, tandis que sa version Base cote \u00e0 <strong>63,57 \u20ac\/MWh<\/strong>.\n            <\/p>\n<p>  <img decoding=\"async\" class=\"new-ads__card-logo\" src=\"https:\/\/www.europesays.com\/fr\/wp-content\/uploads\/2025\/04\/ampoule-animee.gif\" alt=\"logo\"\/><\/p>\n<p class=\"new-ads__card-title\">Trouvez un fournisseur moins cher !<\/p>\n<p class=\"new-ads__card-description\">Obtenez votre comparatif par t\u00e9l\u00e9phone avec Selectra<\/p>\n<p>        <img decoding=\"async\" class=\"new-ads__card-logo\" src=\"https:\/\/www.europesays.com\/fr\/wp-content\/uploads\/2025\/06\/primeo-xs.png\" alt=\"logo\"\/><\/p>\n<p class=\"new-ads__card-title\">L&rsquo;offre du moment \u00e0 -20 % (HT) par rapport au tarif r\u00e9glement\u00e9<\/p>\n<p class=\"new-ads__card-description\">Une offre \u00e0 prix fixe moins ch\u00e8re<\/p>\n<p class=\"in-short--title col-xs-12 text--center\">Prix de l&rsquo;\u00e9lectricit\u00e9 en France vendredi 5 septembre 2025<\/p>\n<p class=\"in-short--description col-xs-12\">Le prix de l&rsquo;\u00e9lectricit\u00e9 de r\u00e9f\u00e9rence en France est le tarif r\u00e9glement\u00e9 d&rsquo;EDF. Voici les tarifs applicables aujourd&rsquo;hui vendredi 5 septembre 2025 :<\/p>\n<p class=\"in-short--list__title\">Prix de l&rsquo;\u00e9lectricit\u00e9 pour les particuliers (Tarif r\u00e9glement\u00e9 &#8211; EDF)<\/p>\n<ul class=\"list--check\">\n<li>Prix du kWh en option base : <strong>0,1952 \u20ac<\/strong><\/li>\n<li>Prix du kWh en heures pleines : <strong>0,2081 \u20ac<\/strong><\/li>\n<li>Prix du kWh en heures creuses : <strong>0,1635 \u20ac<\/strong><\/li>\n<li>Montant total de la facture* : <strong>113,08 \u20ac<\/strong> par mois<\/li>\n<\/ul>\n<p class=\"in-short--list__title\">Prix de l&rsquo;\u00e9lectricit\u00e9 la plus comp\u00e9titive (offre Fixe -20% &#8211; Primeo)<\/p>\n<ul class=\"list--check\">\n<li>Prix du kWh en option base : <strong>0,1634 \u20ac<\/strong><\/li>\n<li>Prix du kWh en heures pleines : <strong>0,1736 \u20ac<\/strong><\/li>\n<li>Prix du kWh en heures creuses : <strong>0,1380 \u20ac<\/strong><\/li>\n<li>Montant total de la facture* : <strong>97,17 \u20ac<\/strong> par mois<\/li>\n<\/ul>\n<p class=\"in-short--list__title\">Fournisseurs avec le prix du kWh d&rsquo;\u00e9lectricit\u00e9 le moins cher<\/p>\n<p class=\"in-short--list__title\">Fournisseurs avec le prix du kWh d&rsquo;\u00e9lectricit\u00e9 le plus cher<\/p>\n<p class=\"table__legend\">*Montant calcul\u00e9 le Vendredi 5 septembre 2025 pour une consommation de 6000 kWh pour un compteur 6 kVA en option base.<\/p>\n<p>Prix des offres d&rsquo;\u00e9lectricit\u00e9 les moins ch\u00e8res le Vendredi 5 septembre 2025<\/p>\n<p>Le <a href=\"https:\/\/selectra.info\/energie\/fournisseurs\/primeo\" rel=\"nofollow noopener\" target=\"_blank\">fournisseur Primeo<\/a> propose d\u00e9sormais l&rsquo;offre la moins ch\u00e8re du march\u00e9. Le prix du kWh de <a href=\"https:\/\/selectra.info\/energie\/fournisseurs\/primeo\/tarifs\/fixe-20-pourcent\" rel=\"nofollow noopener\" target=\"_blank\"><strong>son offre Fixe -20%<\/strong><\/a> est de <strong>0,1634 \u20ac\/kWh<\/strong> en option base, <strong>0,1736 \u20ac<\/strong> en heures pleines et <strong>0,1380 \u20ac<\/strong> en heures creuses.<\/p>\n<p>Au total, pour une consommation annuelle de 6000 kWh, il est possible d&rsquo;<strong>\u00e9conomiser 191 \u20ac sur la facture<\/strong> par rapport au tarif r\u00e9glement\u00e9 d&rsquo;EDF.<\/p>\n<p>Cette offre, <strong>disponible sur l&rsquo;ensemble de la France M\u00e9tropolitaine<\/strong>, propose une r\u00e9duction de <strong>20\u00a0% sur le prix du kWh HT<\/strong> pendant 12 mois. Elle inclut \u00e9galement un <strong>tarif fixe bloqu\u00e9<\/strong> durant cette p\u00e9riode, assurant une stabilit\u00e9 des co\u00fbts, ainsi qu&rsquo;un engagement simple sans frais de r\u00e9siliation.<\/p>\n<p>Voici une petite calculette afin de calculer votre budget avec Primeo au Vendredi 5 septembre 2025 :<\/p>\n<p class=\"title\">Ma facture d&rsquo;\u00e9lectricit\u00e9 avec l&rsquo;offre Fixe -20% de Primeo<\/p>\n<p class=\"output-box__title text--xl\">\n                <br \/>Offre Fixe -20%\n            <\/p>\n<p class=\"text--center\">\n                97<br \/>\n                \u20ac\/mois<br \/>soit 1166 \u20ac\/an TTC\n            <\/p>\n<p class=\"output-box__title text--xl\">\n                <strong><br \/>\n                                            191 \u20ac \u00e9conomis\u00e9s par an*<br \/>\n                                    <\/strong>\n            <\/p>\n<p class=\"final-response__param-title\">\u00a0Electricit\u00e9 verte non-incluse<\/p>\n<p class=\"final-response__param-title\">\u00a0Offre avec des prix bloqu\u00e9s<\/p>\n<p>      <a class=\"form-results\" data-target=\"#form-results-hide\" href=\"#\"\/><\/p>\n<p>        Afficher les d\u00e9tails<\/p>\n<p>      Cacher les d\u00e9tails<\/p>\n<p class=\"final-response__param-title\">Prix de l&rsquo;abonnement :<\/p>\n<p class=\"final-response__param-value\"><strong>186 \u20ac\/an<\/strong><\/p>\n<p class=\"final-response__param-title\">Total :<\/p>\n<p class=\"final-response__param-value\"><strong>1166 \u20ac\/an<\/strong> (97 \u20ac\/mois)<\/p>\n<p class=\"final-response__param-title\">\u00c9conomies*\u00a0:<\/p>\n<p class=\"final-response__param-value\">\n                                <strong>191 \u20ac\/an<\/strong>\n                            <\/p>\n<ul class=\"list--check\">\n<li>Offre sans engagement<\/li>\n<li>R\u00e9siliation gratuite<\/li>\n<li>Pas de coupure<\/li>\n<\/ul>\n<p>       <a class=\"btn btn--block btn--md btn--secondary btn--outline\" href=\"https:\/\/selectra.info\/energie\/selection\/primeo?cta=cta\" target=\"_blank\" rel=\"sponsored nofollow noopener\"><br \/>\n     Souscrire en ligne<br \/>\n  <\/a><\/p>\n<p class=\"table__legend\">\n                \t* : \u00e9conomies \/ surco\u00fbts par rapport au tarif r\u00e9glement\u00e9<br \/>\n        <br \/>Tarif de l&rsquo;offre Fixe -20% v\u00e9rifi\u00e9 le 01\/09\/2025\n\t\t        <\/p>\n<p>Voici le prix des 5 offres d&rsquo;\u00e9lectricit\u00e9 les moins ch\u00e8res au vendredi 5 septembre 2025 :<\/p>\n<p class=\"table__legend\">Tarifs \u20ac TTC.<br \/>\n            Simulations effectu\u00e9es pour une consommation domestique de 6000  kWh par an et une puissance de 6 kVA \u00e0 Lyon.<br \/>\n            En savoir plus sur notre <a href=\"https:\/\/selectra.info\/energie\/score\" rel=\"nofollow noopener\" target=\"_blank\">Selectra Score<\/a>.\n      \t  <\/p>\n<p>  <img decoding=\"async\" class=\"new-ads__card-logo\" src=\"https:\/\/www.europesays.com\/fr\/wp-content\/uploads\/2025\/04\/ampoule-animee.gif\" alt=\"logo\"\/><\/p>\n<p class=\"new-ads__card-title\">Trouvez un fournisseur moins cher !<\/p>\n<p class=\"new-ads__card-description\">Obtenez votre comparatif par t\u00e9l\u00e9phone avec Selectra<\/p>\n<p>        <img decoding=\"async\" class=\"new-ads__card-logo\" src=\"https:\/\/www.europesays.com\/fr\/wp-content\/uploads\/2025\/06\/primeo-xs.png\" alt=\"logo\"\/><\/p>\n<p class=\"new-ads__card-title\">L&rsquo;offre du moment \u00e0 -20 % (HT) par rapport au tarif r\u00e9glement\u00e9<\/p>\n<p class=\"new-ads__card-description\">Une offre \u00e0 prix fixe moins ch\u00e8re<\/p>\n<p>Prix de l&rsquo;\u00e9lectricit\u00e9 EDF au vendredi 5 septembre 2025<\/p>\n<p>Chez <a href=\"https:\/\/selectra.info\/energie\/fournisseurs\/edf\" rel=\"nofollow noopener\" target=\"_blank\">le fournisseur historique EDF<\/a>, le prix de l&rsquo;\u00e9lectricit\u00e9 est aujourd&rsquo;hui vendredi 5 septembre 2025 plus \u00e9lev\u00e9 que la plupart des fournisseurs alternatifs. Avec le Tarif Bleu (tarif r\u00e9glement\u00e9), le prix du kWh d&rsquo;\u00e9lectricit\u00e9 est aujourd&rsquo;hui de <strong>0,1952 \u20ac<\/strong> en option base, <strong>0,2081 \u20ac<\/strong> en heures pleines et <strong>0,1635 \u20ac<\/strong> en heures creuses.<\/p>\n<p>Au-del\u00e0 du tarif r\u00e9glement\u00e9, EDF propose \u00e9galement d&rsquo;autres offres de march\u00e9. Au vendredi 5 septembre 2025, l&rsquo;offre la plus int\u00e9ressante d&rsquo;EDF est <a href=\"https:\/\/selectra.info\/energie\/fournisseurs\/edf\/tarifs\/zen-online\" rel=\"nofollow noopener\" target=\"_blank\"><strong>Zen Online<\/strong><\/a> avec un prix du kWh de <strong>0,1856 \u20ac<\/strong> en option base, soit 4,9% moins cher que le Tarif Bleu d&rsquo;EDF. En heures pleines, le prix du kWh est de <strong>0,1977 \u20ac<\/strong> et <strong>0,1559 \u20ac<\/strong> en heures creuses. Au total, pour une consommation de 6000 kWh, cela repr\u00e9sente <strong>58 \u20ac d&rsquo;\u00e9conomies par an<\/strong> par rapport au Tarif Bleu.<\/p>\n<p>Cette offre, <strong>disponible sur l&rsquo;ensemble de la France M\u00e9tropolitaine<\/strong>, est une offre 100% en ligne avec gestion digitale du contrat. Elle propose un <strong>prix du kWh r\u00e9duit de 6% HT par rapport au tarif r\u00e9glement\u00e9<\/strong> sans engagement de dur\u00e9e. L&rsquo;abonnement est au m\u00eame prix que le tarif r\u00e9glement\u00e9, avec facturation \u00e9lectronique et mensualisation par pr\u00e9l\u00e8vement automatique.<\/p>\n<p>Plus de d\u00e9tails dans le tableau ci-dessous :<\/p>\n<p class=\"table__legend\">\n            Simulations effectu\u00e9es pour une consommation domestique de 6000 kWh par an et une puissance de 6 kVA en option Base.<br \/>\n            En savoir plus sur notre <a href=\"https:\/\/selectra.info\/energie\/score\" rel=\"nofollow noopener\" target=\"_blank\">Selectra Score<\/a>.\n      \t  <\/p>\n<p>  <img decoding=\"async\" class=\"new-ads__card-logo\" src=\"https:\/\/www.europesays.com\/fr\/wp-content\/uploads\/2025\/04\/ampoule-animee.gif\" alt=\"logo\"\/><\/p>\n<p class=\"new-ads__card-title\">Trouvez un fournisseur moins cher !<\/p>\n<p class=\"new-ads__card-description\">Obtenez votre comparatif par t\u00e9l\u00e9phone avec Selectra<\/p>\n<p>        <img decoding=\"async\" class=\"new-ads__card-logo\" src=\"https:\/\/www.europesays.com\/fr\/wp-content\/uploads\/2025\/06\/primeo-xs.png\" alt=\"logo\"\/><\/p>\n<p class=\"new-ads__card-title\">L&rsquo;offre du moment \u00e0 -20 % (HT) par rapport au tarif r\u00e9glement\u00e9<\/p>\n<p class=\"new-ads__card-description\">Une offre \u00e0 prix fixe moins ch\u00e8re<\/p>\n","protected":false},"excerpt":{"rendered":"Par Matias Perea Analyste \u00c9nergie Trouvez un fournisseur moins cher ! Obtenez votre comparatif par t\u00e9l\u00e9phone avec Selectra&hellip;\n","protected":false},"author":2,"featured_media":208294,"comment_status":"","ping_status":"","sticky":false,"template":"","format":"standard","meta":{"footnotes":""},"categories":[6],"tags":[35,33,34,1011,27],"class_list":{"0":"post-367595","1":"post","2":"type-post","3":"status-publish","4":"format-standard","5":"has-post-thumbnail","7":"category-economie","8":"tag-business","9":"tag-economie","10":"tag-economy","11":"tag-fr","12":"tag-france"},"share_on_mastodon":{"url":"https:\/\/pubeurope.com\/@fr\/115150463195579384","error":""},"_links":{"self":[{"href":"https:\/\/www.europesays.com\/fr\/wp-json\/wp\/v2\/posts\/367595","targetHints":{"allow":["GET"]}}],"collection":[{"href":"https:\/\/www.europesays.com\/fr\/wp-json\/wp\/v2\/posts"}],"about":[{"href":"https:\/\/www.europesays.com\/fr\/wp-json\/wp\/v2\/types\/post"}],"author":[{"embeddable":true,"href":"https:\/\/www.europesays.com\/fr\/wp-json\/wp\/v2\/users\/2"}],"replies":[{"embeddable":true,"href":"https:\/\/www.europesays.com\/fr\/wp-json\/wp\/v2\/comments?post=367595"}],"version-history":[{"count":0,"href":"https:\/\/www.europesays.com\/fr\/wp-json\/wp\/v2\/posts\/367595\/revisions"}],"wp:featuredmedia":[{"embeddable":true,"href":"https:\/\/www.europesays.com\/fr\/wp-json\/wp\/v2\/media\/208294"}],"wp:attachment":[{"href":"https:\/\/www.europesays.com\/fr\/wp-json\/wp\/v2\/media?parent=367595"}],"wp:term":[{"taxonomy":"category","embeddable":true,"href":"https:\/\/www.europesays.com\/fr\/wp-json\/wp\/v2\/categories?post=367595"},{"taxonomy":"post_tag","embeddable":true,"href":"https:\/\/www.europesays.com\/fr\/wp-json\/wp\/v2\/tags?post=367595"}],"curies":[{"name":"wp","href":"https:\/\/api.w.org\/{rel}","templated":true}]}}