{"id":367596,"date":"2025-09-05T07:16:14","date_gmt":"2025-09-05T07:16:14","guid":{"rendered":"https:\/\/www.europesays.com\/fr\/367596\/"},"modified":"2025-09-05T07:16:14","modified_gmt":"2025-09-05T07:16:14","slug":"pourquoi-larmee-presente-t-elle-son-plan-pour-desarmer-le-hezbollah","status":"publish","type":"post","link":"https:\/\/www.europesays.com\/fr\/367596\/","title":{"rendered":"pourquoi l\u2019arm\u00e9e pr\u00e9sente-t-elle son plan pour d\u00e9sarmer le Hezbollah ?"},"content":{"rendered":"<p><strong>D\u00c9CRYPTAGE<\/strong> &#8211; D\u00e9but ao\u00fbt, le gouvernement libanais avait valid\u00e9 un plan pr\u00e9sent\u00e9 par l\u2019\u00e9missaire am\u00e9ricain Tom Barrack pr\u00e9voyant le d\u00e9sarmement de la milice chiite d\u2019ici \u00e0 la fin de l\u2019ann\u00e9e 2025 en \u00e9change du retrait isra\u00e9lien du Sud-Liban.<\/p>\n<p class=\"fig-paragraph\">Un pas vers la paix au Liban. Les Forces arm\u00e9es libanaises (FAL) pr\u00e9sentent un plan de d\u00e9sarmement du Hezbollah ce vendredi au cabinet du premier ministre,\u00a0<a href=\"http:\/\/www.lefigaro.fr\/international\/liban-le-juge-nawaf-salam-nomme-premier-ministre-20250113\" data-fig-type=\"NewsFlash\" data-gtm-custom-categorie=\"navigation\" data-gtm-custom-action=\"crossclick\" data-gtm-custom-label=\"Contextuel\" data-gtm-event=\"customEventSPE\" data-fig-domain=\"LEFIGARO\" rel=\"nofollow noopener\" target=\"_blank\">Nawaf Salam<\/a>. D\u00e9but ao\u00fbt, le gouvernement avait valid\u00e9 un premier document remis par l\u2019\u00e9missaire am\u00e9ricain Tom Barrack pr\u00e9voyant le d\u00e9sarmement de la milice chiite d\u2019ici \u00e0 la fin de l\u2019ann\u00e9e 2025 en \u00e9change du retrait isra\u00e9lien du Sud-Liban. Les \u00c9tats-Unis d\u00e9bloqueraient ensuite des fonds pour la reconstruction en s\u2019appuyant sur des alli\u00e9s arabes. Cette politique doit permettre \u00e0 l\u2019\u00c9tat libanais d\u2019avoir le monopole sur les armes. Certains camps palestiniens ont, \u00e0 cet effet, \u00e9t\u00e9 boucl\u00e9s par l\u2019arm\u00e9e libanaise fin ao\u00fbt afin d\u2019\u00eatre d\u00e9sarm\u00e9s. Une revendication ancienne dans un pays qui a connu une guerre civile et plusieurs incursions isra\u00e9liennes. \u00abIl est \u00e9vident que ces armes n\u2019emp\u00eachent pas une agression isra\u00e9lienne\u00bb, avait temp\u00eat\u00e9 Adel Nassar, ministre de la Justice mi-ao\u00fbt. Le Hezbollah argue r\u00e9guli\u00e8rement que son arsenal doit pr\u00e9munir\u2026<\/p>\n<p class=\"fig-premium-paywall__infos\">\n        Cet article est r\u00e9serv\u00e9 aux abonn\u00e9s.        Il vous reste 82% \u00e0 d\u00e9couvrir.\n    <\/p>\n<p>                <img  data- alt=\"Le Figaro\" class=\"fig-img--complete fig-img\"\/><\/p>\n<p class=\"fig-premium-paywall__title\">Vente Flash<\/p>\n<p class=\"fig-premium-paywall__subtitle\">4,99\u20ac par mois pendant 12 mois. Sans engagement<\/p>\n<p class=\"fig-premium-paywall__connect\">\n                D\u00e9j\u00e0 abonn\u00e9\u00a0?                <a class=\"fig-premium-paywall__connect-link\" href=\"https:\/\/connect.lefigaro.fr\/login?client=horizon_web&amp;type=main&amp;redirect_uri=https%3A%2F%2Fwww.lefigaro.fr%2Finternational%2Fliban-pourquoi-l-armee-presente-t-elle-son-plan-pour-desarmer-le-hezbollah-20250905\" data-js-gtm=\"{&quot;customCategorie&quot;: &quot;conversion&quot;, &quot;customAction&quot;: &quot;before_Landing_Connexion_paywall_auto&quot;, &quot;customLabel&quot;: &quot;bGVmaWdhcm8uZnJfXzFmMDg5OTdmLTBmNTctNjU0YS05MzgwLWQ3OTdjNDNmYmJhYV9fQXJ0aWNsZQ==_Liban\u00a0: pourquoi l\u2019arm\u00e9e pr\u00e9sente-t-elle son plan pour d\u00e9sarmer le Hezbollah\u00a0?_1000&quot;, &quot;customIDSPE&quot;: &quot;bGVmaWdhcm8uZnJfXzFmMDg5OTdmLTBmNTctNjU0YS05MzgwLWQ3OTdjNDNmYmJhYV9fQXJ0aWNsZQ==&quot;, &quot;event&quot;: &quot;customEventSPE&quot;}\" rel=\"nofollow noopener\" target=\"_blank\"><br \/>\n                    Connectez-vous<br \/>\n                <\/a>\n            <\/p>\n","protected":false},"excerpt":{"rendered":"D\u00c9CRYPTAGE &#8211; D\u00e9but ao\u00fbt, le gouvernement libanais avait valid\u00e9 un plan pr\u00e9sent\u00e9 par l\u2019\u00e9missaire am\u00e9ricain Tom Barrack pr\u00e9voyant&hellip;\n","protected":false},"author":2,"featured_media":367597,"comment_status":"","ping_status":"","sticky":false,"template":"","format":"standard","meta":{"footnotes":""},"categories":[5],"tags":[11,1011,27,14,12404,12,28],"class_list":{"0":"post-367596","1":"post","2":"type-post","3":"status-publish","4":"format-standard","5":"has-post-thumbnail","7":"category-international","8":"tag-actualites","9":"tag-fr","10":"tag-france","11":"tag-international","12":"tag-liban","13":"tag-news","14":"tag-world"},"share_on_mastodon":{"url":"https:\/\/pubeurope.com\/@fr\/115150466925641537","error":""},"_links":{"self":[{"href":"https:\/\/www.europesays.com\/fr\/wp-json\/wp\/v2\/posts\/367596","targetHints":{"allow":["GET"]}}],"collection":[{"href":"https:\/\/www.europesays.com\/fr\/wp-json\/wp\/v2\/posts"}],"about":[{"href":"https:\/\/www.europesays.com\/fr\/wp-json\/wp\/v2\/types\/post"}],"author":[{"embeddable":true,"href":"https:\/\/www.europesays.com\/fr\/wp-json\/wp\/v2\/users\/2"}],"replies":[{"embeddable":true,"href":"https:\/\/www.europesays.com\/fr\/wp-json\/wp\/v2\/comments?post=367596"}],"version-history":[{"count":0,"href":"https:\/\/www.europesays.com\/fr\/wp-json\/wp\/v2\/posts\/367596\/revisions"}],"wp:featuredmedia":[{"embeddable":true,"href":"https:\/\/www.europesays.com\/fr\/wp-json\/wp\/v2\/media\/367597"}],"wp:attachment":[{"href":"https:\/\/www.europesays.com\/fr\/wp-json\/wp\/v2\/media?parent=367596"}],"wp:term":[{"taxonomy":"category","embeddable":true,"href":"https:\/\/www.europesays.com\/fr\/wp-json\/wp\/v2\/categories?post=367596"},{"taxonomy":"post_tag","embeddable":true,"href":"https:\/\/www.europesays.com\/fr\/wp-json\/wp\/v2\/tags?post=367596"}],"curies":[{"name":"wp","href":"https:\/\/api.w.org\/{rel}","templated":true}]}}