{"id":367598,"date":"2025-09-05T07:17:11","date_gmt":"2025-09-05T07:17:11","guid":{"rendered":"https:\/\/www.europesays.com\/fr\/367598\/"},"modified":"2025-09-05T07:17:11","modified_gmt":"2025-09-05T07:17:11","slug":"le-maire-de-vendin-le-vieil-implore-gerald-darmanin-de-changer-le-nom-de-la-prison-de-haute-securite","status":"publish","type":"post","link":"https:\/\/www.europesays.com\/fr\/367598\/","title":{"rendered":"Le maire de Vendin-le-Vieil implore G\u00e9rald Darmanin de changer le nom de la prison de haute s\u00e9curit\u00e9"},"content":{"rendered":"<p>        <img decoding=\"async\" loading=\"lazy\" src=\"https:\/\/www.europesays.com\/fr\/wp-content\/uploads\/2025\/09\/7665b23_upload-1-o5ecbo3hkwnh-000-67vw4cq.jpg\"  width=\"728\" height=\"410\" alt=\"Le ministre de la Justice, G\u00e9rald Darmanin apr\u00e8s une visite \u00e0 la prison de haute s\u00e9curit\u00e9 de Vendin-le-Vieil, le 25\u00a0juillet 2025. (Photo d\u2019illustration)\"\/>  <\/p>\n<p>JOSEPH GROSJEAN \/ AFP<\/p>\n<p>Le ministre de la Justice, G\u00e9rald Darmanin apr\u00e8s une visite \u00e0 la prison de haute s\u00e9curit\u00e9 de Vendin-le-Vieil, le 25\u00a0juillet 2025. (Photo d\u2019illustration)<\/p>\n<p class=\"asset asset-text\">PRISE &#8211; Un nom devenu trop connot\u00e9. Le maire de <a href=\"https:\/\/www.huffingtonpost.fr\/france\/article\/a-la-prison-de-vendin-le-vieil-pourquoi-des-detenus-tentent-d-inonder-leurs-batiments_254155.html\" target=\"_blank\" rel=\"noopener\">Vendin-le-Vieil<\/a>, Ludovic Gambiez, a annonc\u00e9 ce mercredi 3\u00a0septembre avoir demand\u00e9 au ministre de la Justice de rebaptiser la<a href=\"https:\/\/www.huffingtonpost.fr\/justice\/article\/gerald-darmanin-detaille-son-projet-de-prison-haute-securite-reservee-aux-narcotrafiquants_246491.html\" target=\"_blank\" rel=\"noopener\"> prison de haute s\u00e9curit\u00e9 <\/a>de Vendin-le-Vieil, inaugur\u00e9e par <a href=\"https:\/\/www.huffingtonpost.fr\/politique\/article\/lecornu-darmanin-pourquoi-ce-sont-encore-ces-memes-noms-de-premiers-ministrables-qui-reviennent_254247.html\" target=\"_blank\" rel=\"noopener\">G\u00e9rald Darmanin<\/a> lui-m\u00eame fin juillet. L\u2019\u00e9dile d\u00e9plore en effet \u00ab\u00a0que le nom de [sa] commune soit trop souvent associ\u00e9, dans les m\u00e9dias, \u00e0 une image n\u00e9gative\u00a0\u00bb.<\/p>\n<p class=\"asset asset-text\">Cette demande intervient alors que pr\u00e8s de 90 d\u00e9tenus du milieu du narcotrafic ont rejoint entre fin juillet et d\u00e9but ao\u00fbt le nouveau quartier de lutte contre la criminalit\u00e9 organis\u00e9e (QLCO) de la prison de\u00a0Vendin-le-Vieil, l\u2019un des deux centres p\u00e9nitentiaires les plus s\u00e9curis\u00e9s de France avec sa jumelle, la prison de Cond\u00e9-sur-Sarthe, dans l\u2019Orne. Le narcotrafiquant <a href=\"https:\/\/www.huffingtonpost.fr\/justice\/video\/mohamed-amra-extrait-de-sa-cellule-par-helicoptere-pour-etre-entendu-a-paris_251188.html\" target=\"_blank\" rel=\"noopener\">Mohamed\u00a0Amra<\/a>, dit \u00ab\u00a0La Mouche\u00a0\u00bb, y a notamment \u00e9t\u00e9 transf\u00e9r\u00e9.<\/p>\n<p class=\"asset asset-text\">Le centre est \u00e9galement dans l\u2019actualit\u00e9 alors que plusieurs dizaines de prisonniers de\u00a0Vendin-le-Vieil ont annonc\u00e9 avoir lanc\u00e9 lundi une gr\u00e8ve de la faim pour demander de meilleures conditions de d\u00e9tention, notamment pour les visites. Ils avaient quelques jours plus t\u00f4t tent\u00e9 <a href=\"https:\/\/www.huffingtonpost.fr\/france\/article\/a-la-prison-de-vendin-le-vieil-pourquoi-des-detenus-tentent-d-inonder-leurs-batiments_254155.html\" target=\"_blank\" rel=\"noopener\">d\u2019inonder leurs cellules<\/a>.<\/p>\n<p>    Il demande que la prison \u00ab\u00a0porte un nom qui lui soit propre\u00a0\u00bb    <\/p>\n<p class=\"asset asset-text\">Le maire de la commune du Pas-de-Calais de pr\u00e8s de 9\u00a0000 habitants explique, dans une publication Facebook, que \u00ab\u00a0la notori\u00e9t\u00e9 de Vendin-le-Vieil a largement d\u00e9pass\u00e9 les fronti\u00e8res de notre d\u00e9partement.\u00a0\u00bb<\/p>\n<p class=\"asset asset-text\">\u00ab\u00a0Afin de pr\u00e9server la notori\u00e9t\u00e9 positive de notre commune, j\u2019ai interpell\u00e9 Monsieur G\u00e9rald Darmanin, ministre de la Justice, pour que le centre p\u00e9nitentiaire soit rebaptis\u00e9 et porte un nom qui lui soit propre, distinct de celui de Vendin-le-Vieil\u00a0\u00bb, explique l\u2019\u00e9dile, qui ajoute n\u00e9anmoins comprendre \u00ab\u00a0pleinement la n\u00e9cessit\u00e9 d\u2019une telle administration\u00a0\u00bb.<\/p>\n<p> La lecture de ce contenu est susceptible d\u2019entra\u00eener un d\u00e9p\u00f4t de cookies de la part de l\u2019op\u00e9rateur tiers qui l\u2019h\u00e9berge. Compte-tenu des choix que vous avez exprim\u00e9s en mati\u00e8re de d\u00e9p\u00f4t de cookies, nous avons bloqu\u00e9 l\u2019affichage de ce contenu. Si vous souhaitez y acc\u00e9der, vous devez accepter la cat\u00e9gorie de cookies \u201cContenus tiers\u201d en cliquant sur le bouton ci-dessous. <\/p>\n<p> Lire la Vid\u00e9o        <\/p>\n<p class=\"asset asset-text\">Ludovic Gambiez se disait d\u00e9j\u00e0 pr\u00e9occup\u00e9 en mars dernier, au micro de <a href=\"https:\/\/www.bfmtv.com\/grand-lille\/prison-de-haute-securite-a-vendin-le-vieil-le-maire-confie-ses-inquietudes-et-demande-des-renforts-policiers_AV-202503070421.html\" target=\"_blank\" rel=\"noopener\" title=\"Nouvelle fen\u00eatre\">BFM Grand Lille<\/a>, \u00e0 l\u2019annonce de l\u2019inauguration de ce<strong> <\/strong>quartier de haute s\u00e9curit\u00e9\u00a0: \u00ab\u00a0Ce qui nous inqui\u00e8te, ce sont les transferts, les visites au parloir, les gens qui vont essayer de faire passer des substances au-del\u00e0 des murs de la prison et la s\u00e9curit\u00e9 des agents qui pourraient subir des pressions\u00a0\u00bb.<\/p>\n","protected":false},"excerpt":{"rendered":"JOSEPH GROSJEAN \/ AFP Le ministre de la Justice, G\u00e9rald Darmanin apr\u00e8s une visite \u00e0 la prison de&hellip;\n","protected":false},"author":2,"featured_media":367599,"comment_status":"","ping_status":"","sticky":false,"template":"","format":"standard","meta":{"footnotes":""},"categories":[4],"tags":[11,1011,27,432,5107,4145,12,316,806,25],"class_list":{"0":"post-367598","1":"post","2":"type-post","3":"status-publish","4":"format-standard","5":"has-post-thumbnail","7":"category-france","8":"tag-actualites","9":"tag-fr","10":"tag-france","11":"tag-gerald-darmanin","12":"tag-maire","13":"tag-ministre-de-la-justice","14":"tag-news","15":"tag-politique","16":"tag-prison","17":"tag-republique-francaise"},"share_on_mastodon":{"url":"https:\/\/pubeurope.com\/@fr\/115150470786641546","error":""},"_links":{"self":[{"href":"https:\/\/www.europesays.com\/fr\/wp-json\/wp\/v2\/posts\/367598","targetHints":{"allow":["GET"]}}],"collection":[{"href":"https:\/\/www.europesays.com\/fr\/wp-json\/wp\/v2\/posts"}],"about":[{"href":"https:\/\/www.europesays.com\/fr\/wp-json\/wp\/v2\/types\/post"}],"author":[{"embeddable":true,"href":"https:\/\/www.europesays.com\/fr\/wp-json\/wp\/v2\/users\/2"}],"replies":[{"embeddable":true,"href":"https:\/\/www.europesays.com\/fr\/wp-json\/wp\/v2\/comments?post=367598"}],"version-history":[{"count":0,"href":"https:\/\/www.europesays.com\/fr\/wp-json\/wp\/v2\/posts\/367598\/revisions"}],"wp:featuredmedia":[{"embeddable":true,"href":"https:\/\/www.europesays.com\/fr\/wp-json\/wp\/v2\/media\/367599"}],"wp:attachment":[{"href":"https:\/\/www.europesays.com\/fr\/wp-json\/wp\/v2\/media?parent=367598"}],"wp:term":[{"taxonomy":"category","embeddable":true,"href":"https:\/\/www.europesays.com\/fr\/wp-json\/wp\/v2\/categories?post=367598"},{"taxonomy":"post_tag","embeddable":true,"href":"https:\/\/www.europesays.com\/fr\/wp-json\/wp\/v2\/tags?post=367598"}],"curies":[{"name":"wp","href":"https:\/\/api.w.org\/{rel}","templated":true}]}}