{"id":367610,"date":"2025-09-05T07:23:16","date_gmt":"2025-09-05T07:23:16","guid":{"rendered":"https:\/\/www.europesays.com\/fr\/367610\/"},"modified":"2025-09-05T07:23:16","modified_gmt":"2025-09-05T07:23:16","slug":"la-seyne-vivre-en-pieuvre-par-franck-bessiere","status":"publish","type":"post","link":"https:\/\/www.europesays.com\/fr\/367610\/","title":{"rendered":"La Seyne : Vivre en pieuvre par Franck Bessi\u00e8re"},"content":{"rendered":"<p>        <a href=\"https:\/\/www.tv83.info\/wp-content\/uploads\/2024\/10\/22149559.jpg\" data-caption=\"\" rel=\"nofollow noopener\" target=\"_blank\"><img loading=\"lazy\" decoding=\"async\" width=\"696\" height=\"984\" class=\"entry-thumb td-modal-image\" src=\"https:\/\/www.europesays.com\/fr\/wp-content\/uploads\/2025\/09\/22149559-696x984.jpg\"   alt=\"\" title=\"22149559\"\/><\/a><\/p>\n<p><strong>DERNIERS JOURS<\/strong><\/p>\n<p>Entre pratique sportive et immersion m\u00e9ditative, l\u2019apn\u00e9e photographique sublime la rencontre entre une esp\u00e8ce animale, Octopus vulgaris, et un plongeur-photographe, Franck Bessi\u00e8re.<br \/>Pens\u00e9 sous la forme d\u2019un documentaire animalier en image r\u00e9alis\u00e9 int\u00e9gralement dans les eaux de la rade de Toulon \u2013 dans le strict respect de cet animal et de son environnement \u2013 chaque clich\u00e9 \u00ab capture \u00bb la beaut\u00e9 et l\u2019\u00e9tranget\u00e9 de ce c\u00e9phalopode si longtemps d\u00e9pr\u00e9ci\u00e9. \u00c0 rebours de la fiction qui n\u2019a cess\u00e9 de faire enfler le mythe d\u2019une pieuvre pr\u00e9datrice et dangereuse, cette d\u00e9marche photographique place le visiteur dans une \u00e9tonnante proximit\u00e9 avec une cr\u00e9ature sous-marine inoffensive et fascinante. \u00ab Vivre en pieuvre \u00bb le temps d\u2019une plong\u00e9e en apn\u00e9e, c\u2019est s\u2019immerger dans la vie priv\u00e9e d\u2019un animal aux capacit\u00e9s cognitives \u00e9tonnantes et participer \u00e0 revaloriser son p\u00e9digr\u00e9e. Afin d\u2019enrichir cette exp\u00e9rience sensible d\u2019une approche scientifique, chaque photographie est compl\u00e9t\u00e9e des textes de l\u2019\u00e9thologue Anne-Sophie Darmaillacq, sp\u00e9cialiste des comportements des c\u00e9phalopodes.<\/p>\n<p>De nombreux artistes exposeront par ailleurs leurs \u0153uvres au mus\u00e9e Balaguier : les sculpteurs Ren\u00e9e et Andr\u00e9 Andr\u00e9ini, couple de sculpteurs seynois qui a r\u00e9alis\u00e9 une \u0153uvre pour cette exposition \u00e0 partir d\u2019objets de r\u00e9cup\u00e9ration, Elie Huriez, sculpteur travaillant le m\u00e9tal, bas\u00e9 dans les Alpes, ensuite Jean-Philippe Razzanti, c\u00e9ramiste seynois , ainsi qu\u2019Olive Tamari (1898-1980) pr\u00e9sent avec un poulpe en c\u00e9ramique conserv\u00e9 dans les collections du mus\u00e9e Balaguier depuis 1974. Le photographe, Franck Bessi\u00e8re et le compositeur Fran\u00e7ois Joncour (musique \u00e9lectronique r\u00e9alis\u00e9e \u00e0 partir de sons des fonds marins) . L\u2019exposition \u201d Vivre en pieuvre \u201d se tient du 8 juin 2024 au 21 septembre 2025. Elle sera inaugur\u00e9e le vendredi 7 juin \u00e0 18 heures.<\/p>\n<p><strong>Jusqu\u2019au 21 septembre 2025<\/strong><br \/>Ouverture le mardi de 15h \u00e0 19h. Le mercredi, jeudi, vendredi, samedi et dimanche de 10h \u00e0 12h et de 15h \u00e0 19h. sauf les 1er janvier, Lundi de P\u00e2ques, Jeudi de l\u2019Ascension, Lundi de Pentec\u00f4te, 1er mai, 8 mai, 14 juillet, 15 ao\u00fbt, 1er novembre, 11 novembre et 25 d\u00e9cembre.<\/p>\n<p>Gratuit pour les moins de 5 ans. 3 \u20ac \/ 2 \u20ac 5-18 ans, \u00e9tudiants, demandeurs d\u2019emploi, groupes de plus de 8 personnes\u2026<\/p>\n<p>Gratuit pour les enfants de moins de 5 ans<br \/>La Seyne-sur-Mer<br \/>Mus\u00e9e Balaguier<br \/>924 corniche Bonaparte \u2013 83500 La Seyne-sur-Mer<\/p>\n<p><a href=\"https:\/\/www.restosducoeur.org\/associations-departementales\/les-restos-du-coeur-du-var\/\" rel=\"nofollow noopener\" target=\"_blank\"><img decoding=\"async\" style=\"height:70px;width:140px\" src=\"https:\/\/www.europesays.com\/fr\/wp-content\/uploads\/2025\/04\/restos-du-coeur.jpg\"\/><\/a>        <\/p>\n","protected":false},"excerpt":{"rendered":"DERNIERS JOURS Entre pratique sportive et immersion m\u00e9ditative, l\u2019apn\u00e9e photographique sublime la rencontre entre une esp\u00e8ce animale, Octopus&hellip;\n","protected":false},"author":2,"featured_media":367611,"comment_status":"","ping_status":"","sticky":false,"template":"","format":"standard","meta":{"footnotes":""},"categories":[9619],"tags":[1111,11,1777,674,1011,27,12,882,25,2310],"class_list":{"0":"post-367610","1":"post","2":"type-post","3":"status-publish","4":"format-standard","5":"has-post-thumbnail","7":"category-toulon","8":"tag-actu","9":"tag-actualites","10":"tag-eu","11":"tag-europe","12":"tag-fr","13":"tag-france","14":"tag-news","15":"tag-provence-alpes-cote-dazur","16":"tag-republique-francaise","17":"tag-toulon"},"share_on_mastodon":{"url":"https:\/\/pubeurope.com\/@fr\/115150494364220719","error":""},"_links":{"self":[{"href":"https:\/\/www.europesays.com\/fr\/wp-json\/wp\/v2\/posts\/367610","targetHints":{"allow":["GET"]}}],"collection":[{"href":"https:\/\/www.europesays.com\/fr\/wp-json\/wp\/v2\/posts"}],"about":[{"href":"https:\/\/www.europesays.com\/fr\/wp-json\/wp\/v2\/types\/post"}],"author":[{"embeddable":true,"href":"https:\/\/www.europesays.com\/fr\/wp-json\/wp\/v2\/users\/2"}],"replies":[{"embeddable":true,"href":"https:\/\/www.europesays.com\/fr\/wp-json\/wp\/v2\/comments?post=367610"}],"version-history":[{"count":0,"href":"https:\/\/www.europesays.com\/fr\/wp-json\/wp\/v2\/posts\/367610\/revisions"}],"wp:featuredmedia":[{"embeddable":true,"href":"https:\/\/www.europesays.com\/fr\/wp-json\/wp\/v2\/media\/367611"}],"wp:attachment":[{"href":"https:\/\/www.europesays.com\/fr\/wp-json\/wp\/v2\/media?parent=367610"}],"wp:term":[{"taxonomy":"category","embeddable":true,"href":"https:\/\/www.europesays.com\/fr\/wp-json\/wp\/v2\/categories?post=367610"},{"taxonomy":"post_tag","embeddable":true,"href":"https:\/\/www.europesays.com\/fr\/wp-json\/wp\/v2\/tags?post=367610"}],"curies":[{"name":"wp","href":"https:\/\/api.w.org\/{rel}","templated":true}]}}