{"id":367612,"date":"2025-09-05T07:25:09","date_gmt":"2025-09-05T07:25:09","guid":{"rendered":"https:\/\/www.europesays.com\/fr\/367612\/"},"modified":"2025-09-05T07:25:09","modified_gmt":"2025-09-05T07:25:09","slug":"abonnements-rct-2025-2026-recuperez-vos-cartes","status":"publish","type":"post","link":"https:\/\/www.europesays.com\/fr\/367612\/","title":{"rendered":"Abonnements RCT 2025\/2026 : r\u00e9cup\u00e9rez vos cartes !"},"content":{"rendered":"<p data-start=\"1438\" data-end=\"1621\">Distribution des cartes :<\/p>\n<ul data-start=\"1658\" data-end=\"1937\">\n<li data-start=\"1658\" data-end=\"1718\">\n<p data-start=\"1660\" data-end=\"1718\"><strong data-start=\"1660\" data-end=\"1682\">Samedi 6 septembre<\/strong> : 17h-19h, Boutique du Campus RCT<\/p>\n<\/li>\n<li data-start=\"1719\" data-end=\"1774\">\n<p data-start=\"1721\" data-end=\"1774\"><strong data-start=\"1721\" data-end=\"1742\">Mardi 9 septembre<\/strong> : 13h-16h, Boutique du Campus<\/p>\n<\/li>\n<li data-start=\"1775\" data-end=\"1834\">\n<p data-start=\"1777\" data-end=\"1834\"><strong data-start=\"1777\" data-end=\"1802\">Mercredi 10 septembre<\/strong> : 10h-12h, Boutique du Campus<\/p>\n<\/li>\n<\/ul>\n<p data-start=\"1939\" data-end=\"2072\">Les abonn\u00e9s membres d\u2019un <strong data-start=\"1967\" data-end=\"1989\">club de supporters<\/strong> doivent se rapprocher de leur club pour conna\u00eetre les modalit\u00e9s de distribution.<\/p>\n<p data-start=\"1939\" data-end=\"2072\"><img decoding=\"async\" class=\"emoji\" role=\"img\" draggable=\"false\" src=\"https:\/\/s.w.org\/images\/core\/emoji\/16.0.1\/svg\/26a0.svg\" alt=\"\u26a0\ufe0f\"\/> Lors de votre souscription, vous avez fait le choix d\u2019une carte d\u2019abonnement physique. Il n\u2019est donc pas possible de cumuler ce support avec une carte d\u00e9mat\u00e9rialis\u00e9e, mais vous pouvez \u00e0 tout moment basculer vers la version d\u00e9mat\u00e9rialis\u00e9e si vous le souhaitez. Pour cela, contactez notre service billetterie par e-mail \u00e0\u00a0<a class=\"c-link\" href=\"https:\/\/rctoulon.com\/abonnements-rct-2025-2026-recuperez-vos-cartes\/mailto:abonnes@rctoulon.com\" target=\"_blank\" rel=\"noopener noreferrer nofollow\" data-stringify-link=\"https:\/\/rctoulon.com\/abonnements-rct-2025-2026-recuperez-vos-cartes\/mailto:abonnes@rctoulon.com\" data-sk=\"tooltip_parent\" aria-haspopup=\"menu\">abonnes@rctoulon.com<\/a>\u00a0ou par t\u00e9l\u00e9phone au 04 94 41 88 85.<\/p>\n<p data-start=\"1939\" data-end=\"2072\">En cas de perte, des frais de <strong data-start=\"1571\" data-end=\"1579\">10 \u20ac<\/strong> seront appliqu\u00e9s pour une r\u00e9impression<\/p>\n","protected":false},"excerpt":{"rendered":"Distribution des cartes : Samedi 6 septembre : 17h-19h, Boutique du Campus RCT Mardi 9 septembre : 13h-16h,&hellip;\n","protected":false},"author":2,"featured_media":367613,"comment_status":"","ping_status":"","sticky":false,"template":"","format":"standard","meta":{"footnotes":""},"categories":[9619],"tags":[1111,11,1777,674,1011,27,12,882,25,2310],"class_list":{"0":"post-367612","1":"post","2":"type-post","3":"status-publish","4":"format-standard","5":"has-post-thumbnail","7":"category-toulon","8":"tag-actu","9":"tag-actualites","10":"tag-eu","11":"tag-europe","12":"tag-fr","13":"tag-france","14":"tag-news","15":"tag-provence-alpes-cote-dazur","16":"tag-republique-francaise","17":"tag-toulon"},"share_on_mastodon":{"url":"https:\/\/pubeurope.com\/@fr\/115150502525025042","error":""},"_links":{"self":[{"href":"https:\/\/www.europesays.com\/fr\/wp-json\/wp\/v2\/posts\/367612","targetHints":{"allow":["GET"]}}],"collection":[{"href":"https:\/\/www.europesays.com\/fr\/wp-json\/wp\/v2\/posts"}],"about":[{"href":"https:\/\/www.europesays.com\/fr\/wp-json\/wp\/v2\/types\/post"}],"author":[{"embeddable":true,"href":"https:\/\/www.europesays.com\/fr\/wp-json\/wp\/v2\/users\/2"}],"replies":[{"embeddable":true,"href":"https:\/\/www.europesays.com\/fr\/wp-json\/wp\/v2\/comments?post=367612"}],"version-history":[{"count":0,"href":"https:\/\/www.europesays.com\/fr\/wp-json\/wp\/v2\/posts\/367612\/revisions"}],"wp:featuredmedia":[{"embeddable":true,"href":"https:\/\/www.europesays.com\/fr\/wp-json\/wp\/v2\/media\/367613"}],"wp:attachment":[{"href":"https:\/\/www.europesays.com\/fr\/wp-json\/wp\/v2\/media?parent=367612"}],"wp:term":[{"taxonomy":"category","embeddable":true,"href":"https:\/\/www.europesays.com\/fr\/wp-json\/wp\/v2\/categories?post=367612"},{"taxonomy":"post_tag","embeddable":true,"href":"https:\/\/www.europesays.com\/fr\/wp-json\/wp\/v2\/tags?post=367612"}],"curies":[{"name":"wp","href":"https:\/\/api.w.org\/{rel}","templated":true}]}}