{"id":367614,"date":"2025-09-05T07:26:14","date_gmt":"2025-09-05T07:26:14","guid":{"rendered":"https:\/\/www.europesays.com\/fr\/367614\/"},"modified":"2025-09-05T07:26:14","modified_gmt":"2025-09-05T07:26:14","slug":"sortir-a-montpellier-fete-de-la-pomme-medievale-beer-love-fest-des-idees-pour-ce-samedi-6-septembre","status":"publish","type":"post","link":"https:\/\/www.europesays.com\/fr\/367614\/","title":{"rendered":"Sortir \u00e0 Montpellier\u00a0: f\u00eate de la pomme, m\u00e9di\u00e9vale, Beer Love Fest\u2026 des id\u00e9es pour ce samedi 6\u00a0septembre"},"content":{"rendered":"<p>\n                                                                F\u00eate de la pomme \u00e0 Saint-Just, visite guid\u00e9e \u00e0 Jacou, Esplanade m\u00e9di\u00e9vale, Beer Love Fest au Ch\u00e2teau d\u2019O, Tropisme p\u00e9tanque club, Rhapsodie mexicaine \u00e0 la m\u00e9diath\u00e8que Federico Garcia Lorca ou concert hommage \u00e0\u00a0Jean-Paul Montanari \u00e0 l\u2019Agora.\n                            <\/p>\n<p>D\u00e9couvrez notre s\u00e9lection de sorties pour ce samedi 6\u00a0septembre du c\u00f4t\u00e9 de <a href=\"https:\/\/www.midilibre.fr\/herault\/montpellier\/\" target=\"_blank\" rel=\"nofollow noopener\">Montpellier<\/a> et faites le plein d\u2019id\u00e9es avec <a href=\"https:\/\/www.midilibre.fr\/agenda\/?path=&amp;q=&amp;where=herault%3Amontpellier&amp;insee=34172&amp;from=2025-09-06&amp;to=2025-09-06&amp;agendapg=16#4001562\" target=\"_blank\" rel=\"nofollow noopener\">notre agenda en ligne<\/a>.<\/p>\n<p>F\u00eate de la pomme<\/p>\n<p>        <img decoding=\"async\" class=\"std-img__img responsive-img\" src=\"https:\/\/www.europesays.com\/fr\/wp-content\/uploads\/2025\/09\/1757057174_708_image.png\" alt=\"Une riche journ\u00e9e \u00e0 la coop\u00e9rative et dans le village\u00a0!\"\/><\/p>\n<p><strong>Festivit\u00e9s.<\/strong>\u00a0\u00c0 partir de 8\u00a0heures, visite de la coop\u00e9rative\u00a0Cofruid\u2019Oc. \u00c0\u00a012\u00a0heures, abrivado devant la coop\u00e9rative, organis\u00e9e par le comit\u00e9 des f\u00eates. \u00c0\u00a019\u00a0heures, festival d\u2019abrivado bandido en centre-ville, organis\u00e9 par le club taurin l\u2019Estrambord. \u00c0\u00a021\u00a0heures, toro piscine \u00e0\u00a0l\u2019espace de loisirs du Dardaillon (l\u2019Estrambord).<\/p>\n<p>&gt;\u00a0Ce samedi 6\u00a0septembre \u00e0 partir de 8\u00a0heures \u00e0 la cave coop\u00e9rative\u00a0<a href=\"https:\/\/cofruidoc.com\/\" target=\"_blank\" rel=\"nofollow noopener\">Cofruid\u2019Oc<\/a>, avenue de Saint-Nazaire de Pezan \u00e0 <a href=\"https:\/\/www.midilibre.fr\/herault\/saint-just\/\" target=\"_blank\" rel=\"nofollow noopener\">Saint-Just<\/a>. <a href=\"https:\/\/cofruidoc.com\/fete-de-la-pomme-2025\/\" target=\"_blank\" rel=\"nofollow noopener\">Programme et r\u00e9servations<\/a>.<\/p>\n<p>\u00ab\u00a0Jacou, une ville racont\u00e9e au fil de l\u2019eau\u00a0\u00bb<\/p>\n<p><strong>Visite guid\u00e9e.<\/strong> Restaur\u00e9 en 2019, le domaine de Bocaud est un \u00e9crin de verdure au c\u0153ur de la ville accueillant la m\u00e9diath\u00e8que et l\u2019h\u00f4tel de ville. La b\u00e2tisse renferme bien des histoires depuis sa construction au XVIIe\u00a0si\u00e8cle par la famille de Bocaud devenant au fil du temps une v\u00e9ritable folie avec son parc, jardins, terrasses et statues. Ses fontaines, lavoir ou grotte artificielle marquent l\u2019omnipr\u00e9sence de l\u2019eau dans les lieux.<\/p>\n<p>&gt;\u00a0Ce\u00a0samedi 6\u00a0septembre de 10\u00a0h \u00e0 12\u00a0heures avec rendez-vous devant la m\u00e9diath\u00e8que municipale Mich\u00e8le-Jennepin, 9 place Fr\u00e9d\u00e9ric-Mistral \u00e0 <a href=\"https:\/\/www.midilibre.fr\/herault\/jacou\/\" target=\"_blank\" rel=\"nofollow noopener\">Jacou<\/a>. Plein tarif 12\u00a0\u20ac, tarif r\u00e9duit 10\u00a0\u20ac, <a href=\"https:\/\/www.montpellier-tourisme.fr\/agenda\/tout-l-agenda\/jacou-une-ville-racontee-au-fil-de-leau-jacou-fr-5801793\/\" target=\"_blank\" rel=\"nofollow noopener\">sur r\u00e9servation<\/a> aupr\u00e8s de l\u2019office de tourisme de Montpellier M\u00e9diterran\u00e9e M\u00e9tropole. Contact au\u00a004\u00a067\u00a060\u00a060\u00a060.<\/p>\n<p>Esplanade m\u00e9di\u00e9vale<\/p>\n<p><strong>F\u00eate.<\/strong>\u00a0Les <a href=\"https:\/\/www.facebook.com\/Chevaliers4Vents\/\" target=\"_blank\" rel=\"nofollow noopener\">Chevaliers de l\u2019Ordre des 4 Vents<\/a> organisent\u00a0pour la 8e ann\u00e9e cons\u00e9cutive une journ\u00e9e m\u00e9di\u00e9vale.\u00a0Sur leur camp, troubadours, chevaliers, dames, gardes, bourgeois, moines\u2026 proposeront des animations gratuites pour les petits et les grands, pour d\u00e9couvrir de nombreux aspects de la vie du XIIIe\u00a0si\u00e8cle.<\/p>\n<p>&gt;\u00a0Ce samedi 6\u00a0septembre en continue de 10\u00a0h \u00e0 18\u00a0heures, cette ann\u00e9e, travaux obligent, place Faulquier \u00e0 <a href=\"https:\/\/www.midilibre.fr\/herault\/montpellier\/\" target=\"_blank\" rel=\"nofollow noopener\">Montpellier<\/a>. Gratuit, acc\u00e8s libre.<\/p>\n<p>Beer Love Fest<\/p>\n<p><strong>Festival.<\/strong>\u00a0Animations, restauration et alternatives \u00e0 la bi\u00e8re \u2013 avec un vigneron, une distillerie artisanale et un producteur de cidre \u2013 rythmeront la journ\u00e9e. Les DJ prendront ensuite le relais d\u00e8s 19\u00a0heures pour cl\u00f4turer le festival en musique.<\/p>\n<p>&gt;\u00a0Ce samedi 6\u00a0septembre de 12\u00a0h \u00e0 minuit au Ch\u00e2teau d\u2019O, avenue des Moulins \u00e0 <a href=\"https:\/\/www.midilibre.fr\/herault\/montpellier\/\" target=\"_blank\" rel=\"nofollow noopener\">Montpellier<\/a>.\u00a0Entr\u00e9e +\u00a0verre s\u00e9rigraphi\u00e9 <a href=\"https:\/\/www.helloasso.com\/associations\/bieres-d-occitanie\/evenements\/beer-love-fest-9\" target=\"_blank\" rel=\"nofollow noopener\">en ligne<\/a> 10\u00a0\u20ac, sur place 12\u00a0\u20ac. <a href=\"https:\/\/beerlove.fr\/\" target=\"_blank\" rel=\"nofollow noopener\">Beer Love Fest<\/a><\/p>\n<p>Tropisme p\u00e9tanque club<\/p>\n<p><strong>Sport.<\/strong> Concours de p\u00e9tanque en doublette, tous les premiers samedis du mois lors d\u2019un apr\u00e8s-midi convivial et sportif\u00a0: \u00ab\u00a0Venez lancer vos boules, d\u00e9fier d\u2019autres \u00e9quipes et profiter d\u2019un moment de partage dans une ambiance chaleureuse\u00a0!\u00a0\u00bb.<\/p>\n<p>&gt;\u00a0Ce samedi 6\u00a0septembre \u00e0 partir de 14\u00a0heures \u00e0 la <a href=\"https:\/\/www.tropisme.coop\/\" target=\"_blank\" rel=\"nofollow noopener\">Halle Tropisme<\/a>, 121 rue Fontcouverte \u00e0 <a href=\"https:\/\/www.midilibre.fr\/herault\/montpellier\/\" target=\"_blank\" rel=\"nofollow noopener\">Montpellier<\/a>.\u00a010\u00a0\u20ac par \u00e9quipe de deux sur <a href=\"https:\/\/yp.events\/b865f99a-8584-4192-916a-7b6f5d9733a8\/Tropisme-Petanque-Club\/ticketing\" target=\"_blank\" rel=\"nofollow noopener\">inscription<\/a> (24 \u00e9quipes maximum).<\/p>\n<p>Rhapsodie mexicaine<\/p>\n<p>        <img decoding=\"async\" class=\"std-img__img responsive-img\" src=\"https:\/\/www.europesays.com\/fr\/wp-content\/uploads\/2025\/09\/1757057174_615_image.jpg\" alt=\"Une pi\u00e8ce de et avec Gabrielle Gonzalez.\"\/><\/p>\n<p>                Une pi\u00e8ce de et avec Gabrielle Gonzalez.<br \/>\n                                    D.R. &#8211; Alain Scherer<\/p>\n<p><strong>Th\u00e9\u00e2tre.<\/strong> De et avec Gabrielle Gonzalez (sortie de r\u00e9sidence). Bienvenue au mus\u00e9e de La Venta\u00a0! Votre guide est en famille aujourd\u2019hui pour f\u00eater el d\u00eda de los muertos. Alors c\u2019est la responsable du site arch\u00e9ologique qui va le remplacer. Soyez sympa, elle n\u2019est pas encore au courant\u00a0! Tout public d\u00e8s 12 ans.<\/p>\n<p>&gt;\u00a0Ce\u00a0samedi 6\u00a0septembre de 16\u00a0h\u00a030 \u00e0 17\u00a0h\u00a030 \u00e0 la <a href=\"https:\/\/mediatheques.montpellier3m.fr\/default\/mediatheque-federico-garcia-lorca.aspx?_lg=fr-FR\" target=\"_blank\" rel=\"nofollow noopener\">m\u00e9diath\u00e8que Federico Garcia Lorca<\/a>, 162 avenue de Palavas \u00e0 <a href=\"https:\/\/www.midilibre.fr\/herault\/montpellier\/\" target=\"_blank\" rel=\"nofollow noopener\">Montpellier<\/a>. Gratuit, entr\u00e9e libre. Contact au 04\u00a099\u00a013\u00a039\u00a049.<\/p>\n<p>\u00ab\u00a0Parmi les \u00e9toiles\u00a0\u00bb \u2013 Pour Jean-Paul M.<\/p>\n<p><strong>Concert.<\/strong> Sous la baguette de Magnus Fryklund, le programme musical tisse un fil entre les styles, les si\u00e8cles et les \u00e9motions\u00a0: de Rameau \u00e0 Mozart, de Vivaldi \u00e0 Mendelssohn. Un concert \u00e0 ciel ouvert, comme un hommage discret \u00e0 une certaine id\u00e9e de la culture, g\u00e9n\u00e9reuse, partag\u00e9e \u2013 et \u00e0 ceux qui l\u2019ont port\u00e9e avec passion.<\/p>\n<p>&gt;\u00a0Ce samedi 6\u00a0septembre \u00e0 21\u00a0heures dans la cour de l\u2019Agora, 18 rue Sainte-Ursule \u00e0 <a href=\"https:\/\/www.midilibre.fr\/herault\/montpellier\/\" target=\"_blank\" rel=\"nofollow noopener\">Montpellier<\/a>. Tarif unique 10\u00a0\u20ac. Contact\u00a0<a href=\"https:\/\/www.opera-orchestre-montpellier.fr\/\" target=\"_blank\" rel=\"nofollow noopener\">Op\u00e9ra Orchestre national Montpellier Occitanie <\/a>au\u00a004\u00a067\u00a060\u00a019\u00a099.<\/p>\n","protected":false},"excerpt":{"rendered":"F\u00eate de la pomme \u00e0 Saint-Just, visite guid\u00e9e \u00e0 Jacou, Esplanade m\u00e9di\u00e9vale, Beer Love Fest au Ch\u00e2teau d\u2019O,&hellip;\n","protected":false},"author":2,"featured_media":367615,"comment_status":"","ping_status":"","sticky":false,"template":"","format":"standard","meta":{"footnotes":""},"categories":[9599],"tags":[1111,11,1777,674,1011,27,2208,12,2680,25],"class_list":{"0":"post-367614","1":"post","2":"type-post","3":"status-publish","4":"format-standard","5":"has-post-thumbnail","7":"category-montpellier","8":"tag-actu","9":"tag-actualites","10":"tag-eu","11":"tag-europe","12":"tag-fr","13":"tag-france","14":"tag-montpellier","15":"tag-news","16":"tag-occitanie","17":"tag-republique-francaise"},"share_on_mastodon":{"url":"https:\/\/pubeurope.com\/@fr\/115150506204274860","error":""},"_links":{"self":[{"href":"https:\/\/www.europesays.com\/fr\/wp-json\/wp\/v2\/posts\/367614","targetHints":{"allow":["GET"]}}],"collection":[{"href":"https:\/\/www.europesays.com\/fr\/wp-json\/wp\/v2\/posts"}],"about":[{"href":"https:\/\/www.europesays.com\/fr\/wp-json\/wp\/v2\/types\/post"}],"author":[{"embeddable":true,"href":"https:\/\/www.europesays.com\/fr\/wp-json\/wp\/v2\/users\/2"}],"replies":[{"embeddable":true,"href":"https:\/\/www.europesays.com\/fr\/wp-json\/wp\/v2\/comments?post=367614"}],"version-history":[{"count":0,"href":"https:\/\/www.europesays.com\/fr\/wp-json\/wp\/v2\/posts\/367614\/revisions"}],"wp:featuredmedia":[{"embeddable":true,"href":"https:\/\/www.europesays.com\/fr\/wp-json\/wp\/v2\/media\/367615"}],"wp:attachment":[{"href":"https:\/\/www.europesays.com\/fr\/wp-json\/wp\/v2\/media?parent=367614"}],"wp:term":[{"taxonomy":"category","embeddable":true,"href":"https:\/\/www.europesays.com\/fr\/wp-json\/wp\/v2\/categories?post=367614"},{"taxonomy":"post_tag","embeddable":true,"href":"https:\/\/www.europesays.com\/fr\/wp-json\/wp\/v2\/tags?post=367614"}],"curies":[{"name":"wp","href":"https:\/\/api.w.org\/{rel}","templated":true}]}}