{"id":367618,"date":"2025-09-05T07:28:15","date_gmt":"2025-09-05T07:28:15","guid":{"rendered":"https:\/\/www.europesays.com\/fr\/367618\/"},"modified":"2025-09-05T07:28:15","modified_gmt":"2025-09-05T07:28:15","slug":"droits-de-douane-americains-decryptage-enjeux-et-defis","status":"publish","type":"post","link":"https:\/\/www.europesays.com\/fr\/367618\/","title":{"rendered":"Droits de douane am\u00e9ricains : d\u00e9cryptage, enjeux et d\u00e9fis"},"content":{"rendered":"<p>\n                    La CCI Normandie s&rsquo;associe au club Dynamic Export pour organiser une table ronde in\u00e9dite destin\u00e9e \u00e0 d\u00e9crypter les enjeux et \u00e9volutions li\u00e9s aux droits de douane am\u00e9ricains.                <\/p>\n<p>Mercredi 17 septembre, de 8h30 \u00e0 9h30 dans les locaux de la CCI Caen Normandie, mais \u00e9galement en visioconf\u00e9rence, aura lieu une table ronde in\u00e9dite ayant pour th\u00e8me : \u00ab Droits de douane am\u00e9ricains : d\u00e9cryptage, enjeux et d\u00e9fis ! \u00bb.<\/p>\n<p>Organis\u00e9 par le club Dynamic Export, en partenariat avec Team France Export, CCI Normandie et la R\u00e9gion Normandie, cet \u00e9v\u00e9nement se tiendra en pr\u00e9sence de Sophie Gaugain, 1\u00e8re vice-pr\u00e9sidente de la R\u00e9gion Normandie et de Manuel Le Roux, pr\u00e9sident de la CCI Caen Normandie, ainsi que de nombreux experts.<\/p>\n<p>Un rendez-vous essentiel pour toutes les entreprises exportatrices ou souhaitant d\u00e9velopper leur pr\u00e9sence sur le march\u00e9 am\u00e9ricain mais \u00e9galement une opportunit\u00e9 d\u2019\u00e9changer sur le sujet et de renforcer les connaissances des entrepreneurs normands pour r\u00e9ussir leurs d\u00e9marches \u00e0 l\u2019international.<\/p>\n","protected":false},"excerpt":{"rendered":"La CCI Normandie s&rsquo;associe au club Dynamic Export pour organiser une table ronde in\u00e9dite destin\u00e9e \u00e0 d\u00e9crypter les&hellip;\n","protected":false},"author":2,"featured_media":367619,"comment_status":"","ping_status":"","sticky":false,"template":"","format":"standard","meta":{"footnotes":""},"categories":[9587],"tags":[1111,11,50192,13085,33742,1777,674,1011,27,12,5161,13095,25,9590,27999],"class_list":{"0":"post-367618","1":"post","2":"type-post","3":"status-publish","4":"format-standard","5":"has-post-thumbnail","7":"category-rouen","8":"tag-actu","9":"tag-actualites","10":"tag-cci-caen-normandie","11":"tag-cci-normandie","12":"tag-droits-de-douane-americains","13":"tag-eu","14":"tag-europe","15":"tag-fr","16":"tag-france","17":"tag-news","18":"tag-normandie","19":"tag-region-normandie","20":"tag-republique-francaise","21":"tag-rouen","22":"tag-team-france-export"},"share_on_mastodon":{"url":"https:\/\/pubeurope.com\/@fr\/115150513959489217","error":""},"_links":{"self":[{"href":"https:\/\/www.europesays.com\/fr\/wp-json\/wp\/v2\/posts\/367618","targetHints":{"allow":["GET"]}}],"collection":[{"href":"https:\/\/www.europesays.com\/fr\/wp-json\/wp\/v2\/posts"}],"about":[{"href":"https:\/\/www.europesays.com\/fr\/wp-json\/wp\/v2\/types\/post"}],"author":[{"embeddable":true,"href":"https:\/\/www.europesays.com\/fr\/wp-json\/wp\/v2\/users\/2"}],"replies":[{"embeddable":true,"href":"https:\/\/www.europesays.com\/fr\/wp-json\/wp\/v2\/comments?post=367618"}],"version-history":[{"count":0,"href":"https:\/\/www.europesays.com\/fr\/wp-json\/wp\/v2\/posts\/367618\/revisions"}],"wp:featuredmedia":[{"embeddable":true,"href":"https:\/\/www.europesays.com\/fr\/wp-json\/wp\/v2\/media\/367619"}],"wp:attachment":[{"href":"https:\/\/www.europesays.com\/fr\/wp-json\/wp\/v2\/media?parent=367618"}],"wp:term":[{"taxonomy":"category","embeddable":true,"href":"https:\/\/www.europesays.com\/fr\/wp-json\/wp\/v2\/categories?post=367618"},{"taxonomy":"post_tag","embeddable":true,"href":"https:\/\/www.europesays.com\/fr\/wp-json\/wp\/v2\/tags?post=367618"}],"curies":[{"name":"wp","href":"https:\/\/api.w.org\/{rel}","templated":true}]}}