{"id":367620,"date":"2025-09-05T07:32:11","date_gmt":"2025-09-05T07:32:11","guid":{"rendered":"https:\/\/www.europesays.com\/fr\/367620\/"},"modified":"2025-09-05T07:32:11","modified_gmt":"2025-09-05T07:32:11","slug":"grenoble-un-sexagenaire-condamne-apres-avoir-mortellement-renverse-une-pietonne","status":"publish","type":"post","link":"https:\/\/www.europesays.com\/fr\/367620\/","title":{"rendered":"Grenoble. Un sexag\u00e9naire condamn\u00e9 apr\u00e8s avoir mortellement renvers\u00e9 une pi\u00e9tonne"},"content":{"rendered":"<p>Le drame s\u2019est nou\u00e9 \u00e0 15\u00a0km\/h. C\u2019est la vitesse \u00e0 laquelle, selon l\u2019automobiliste qui le suivait, circulait le Peugeot Partner conduit par un homme de 65 ans,<a href=\"https:\/\/www.ledauphine.com\/faits-divers-justice\/2024\/10\/04\/une-septuagenaire-renversee-par-un-automobiliste\" target=\"_blank\" rel=\"noopener\"> le 4\u00a0octobre 2024 en milieu de matin\u00e9e<\/a>, quand il s\u2019est engag\u00e9 sur l\u2019avenue Albert-1er-de-Belgique en provenant de la place Gustave-Rivet, \u00e0 Grenoble. C\u2019est la vitesse \u00e0 laquelle la voiture a percut\u00e9 Marie Beraud au moment o\u00f9 cette Grenobloise de 70 ans qui habitait \u00e0 200 m\u00e8tres de l\u00e0 traversait la rue avec son chien sur un passage prot\u00e9g\u00e9. Une vitesse suffisante pour projeter la septuag\u00e9naire au sol. Sa t\u00eate avait heurt\u00e9 le bitume et la Grenobloise avait \u00e9t\u00e9 transport\u00e9e en urgence au CHU Grenoble Alpes o\u00f9 Marie Beraud avait succomb\u00e9 \u00e0 ses blessures 17 jours plus tard.\u00a0\u00a0\u00a0<\/p>\n<p>Ce contenu est bloqu\u00e9 car vous n&rsquo;avez pas accept\u00e9 les cookies et autres traceurs.<\/p>\n<p>En cliquant sur \u00ab J\u2019accepte \u00bb, les cookies et autres traceurs seront d\u00e9pos\u00e9s et vous pourrez visualiser les contenus  (<a href=\"\" class=\"consentModule_policy\" target=\"_blank\" title=\"Consulter la politique de protection des donn\u00e9es du fournisseur\">plus d&rsquo;informations<\/a>).<\/p>\n<p>En cliquant sur \u00ab J\u2019accepte tous les cookies \u00bb, vous autorisez des d\u00e9p\u00f4ts de cookies et autres traceurs pour le stockage de vos donn\u00e9es sur nos sites et applications \u00e0 des fins de personnalisation et de ciblage publicitaire.<\/p>\n<p class=\"consentModule_secondaryText\">Vous gardez la possibilit\u00e9 de retirer votre consentement \u00e0 tout moment en consultant notre <a href=\"https:\/\/www.ledauphine.com\/protection-des-donnees\" target=\"_blank\" title=\"Consulter notre politique de protection des donn\u00e9es\" rel=\"noopener\">politique de protection des donn\u00e9es<\/a>. <br \/>&#13;<br \/>\n            <a href=\"https:\/\/www.ledauphine.com\/faits-divers-justice\/2025\/09\/05\/javascript:Didomi.notice.show()\" class=\"consentModule_cmp\" target=\"_blank\" rel=\"noopener\">G\u00e9rer mes choix<\/a>&#13;\n        <\/p>\n<p>&#13;<br \/>\n                        J&rsquo;accepte&#13;<br \/>\n            J&rsquo;accepte tous les cookies&#13;\n        <\/p>\n<p>\u00c0 la barre du tribunal correctionnel de Grenoble, le menuisier \u00e0 la retraite qui conduisait l\u2019utilitaire qui a percut\u00e9 Marie Beraud maintient qu\u2019il n\u2019a pas vu la Grenobloise traverser l\u2019avenue Albert-1er-de-Belgique quand il s\u2019est engag\u00e9 sur cette voie apr\u00e8s avoir laiss\u00e9 passer les voitures venant du sud de la place Gustave-Rivet. \u00ab J\u2019attendais que les voitures passent, quand il y en a plus eu, j\u2019ai avanc\u00e9, je n\u2019ai pas fait attention \u00bb, soupire le sexag\u00e9naire sans histoire. Une \u00ab faute d\u2019inattention simple, basique, mais avec les cons\u00e9quences les plus tragiques possibles \u00bb, selon la repr\u00e9sentante du minist\u00e8re public qui lui vaudra un an de prison avec sursis.<\/p>\n","protected":false},"excerpt":{"rendered":"Le drame s\u2019est nou\u00e9 \u00e0 15\u00a0km\/h. C\u2019est la vitesse \u00e0 laquelle, selon l\u2019automobiliste qui le suivait, circulait le&hellip;\n","protected":false},"author":2,"featured_media":367621,"comment_status":"","ping_status":"","sticky":false,"template":"","format":"standard","meta":{"footnotes":""},"categories":[9566],"tags":[1111,11,2430,271,272,112,1777,674,274,107,1011,27,2731,2732,108,12,25],"class_list":{"0":"post-367620","1":"post","2":"type-post","3":"status-publish","4":"format-standard","5":"has-post-thumbnail","7":"category-grenoble","8":"tag-actu","9":"tag-actualites","10":"tag-auvergne-rhone-alpes","11":"tag-crime","12":"tag-delit-et-contravention","13":"tag-edition-grenoble-agglomeration","14":"tag-eu","15":"tag-europe","16":"tag-faits-divers-justice","17":"tag-fil-info","18":"tag-fr","19":"tag-france","20":"tag-grenoble","21":"tag-grenoble-bassin","22":"tag-isere","23":"tag-news","24":"tag-republique-francaise"},"share_on_mastodon":{"url":"https:\/\/pubeurope.com\/@fr\/115150529733275128","error":""},"_links":{"self":[{"href":"https:\/\/www.europesays.com\/fr\/wp-json\/wp\/v2\/posts\/367620","targetHints":{"allow":["GET"]}}],"collection":[{"href":"https:\/\/www.europesays.com\/fr\/wp-json\/wp\/v2\/posts"}],"about":[{"href":"https:\/\/www.europesays.com\/fr\/wp-json\/wp\/v2\/types\/post"}],"author":[{"embeddable":true,"href":"https:\/\/www.europesays.com\/fr\/wp-json\/wp\/v2\/users\/2"}],"replies":[{"embeddable":true,"href":"https:\/\/www.europesays.com\/fr\/wp-json\/wp\/v2\/comments?post=367620"}],"version-history":[{"count":0,"href":"https:\/\/www.europesays.com\/fr\/wp-json\/wp\/v2\/posts\/367620\/revisions"}],"wp:featuredmedia":[{"embeddable":true,"href":"https:\/\/www.europesays.com\/fr\/wp-json\/wp\/v2\/media\/367621"}],"wp:attachment":[{"href":"https:\/\/www.europesays.com\/fr\/wp-json\/wp\/v2\/media?parent=367620"}],"wp:term":[{"taxonomy":"category","embeddable":true,"href":"https:\/\/www.europesays.com\/fr\/wp-json\/wp\/v2\/categories?post=367620"},{"taxonomy":"post_tag","embeddable":true,"href":"https:\/\/www.europesays.com\/fr\/wp-json\/wp\/v2\/tags?post=367620"}],"curies":[{"name":"wp","href":"https:\/\/api.w.org\/{rel}","templated":true}]}}