{"id":367624,"date":"2025-09-05T07:34:16","date_gmt":"2025-09-05T07:34:16","guid":{"rendered":"https:\/\/www.europesays.com\/fr\/367624\/"},"modified":"2025-09-05T07:34:16","modified_gmt":"2025-09-05T07:34:16","slug":"que-faire-a-rennes-ce-week-end-du-06-septembre-au-07-septembre-2025","status":"publish","type":"post","link":"https:\/\/www.europesays.com\/fr\/367624\/","title":{"rendered":"Que faire \u00e0 Rennes ce week-end du 06 septembre au 07 septembre 2025 ?"},"content":{"rendered":"<p>Sortir \u00e0 Rennes le samedi 06 septembre<a href=\"https:\/\/www.letelegramme.fr\/api\/gotourl\/bevt\/2720241\/\" target=\"_blank\" rel=\"noopener\"><br \/>\n        Exporama\u00a0: \u00ab\u00a0Claire Tabouret. Entre la m\u00e9moire et l\u2019oubli\u00a0\u00bb<br \/>\n        <\/a><\/p>\n<p>\n        L\u2019exposition d\u00e9voile une douzaine d\u2019ann\u00e9es de cr\u00e9ation, abordant des th\u00e9matiques li\u00e9es \u00e0 la m\u00e9moire, l\u2019identit\u00e9 et l\u2019oubli. Tabouret, connue pour son approche subtile et po\u00e9tique des visages, exprime \u00e0 travers ses portraits des \u00e2mes fragiles, des corps \u00e9nigmatiques, et une sensualit\u00e9 palpable. L\u2019exposition \u00ab Les yeux dans les yeux. Portraits de la Collection Pinault \u00bb est \u00e0 d\u00e9couvrir au Couvent des Jacobins\n        <\/p>\n<p><a href=\"https:\/\/www.letelegramme.fr\/api\/gotourl\/bevt\/2720235\/\" target=\"_blank\" rel=\"noopener\"><br \/>\n        Exporama\u00a0: \u00ab\u00a0Les yeux dans les yeux\u00a0\u00bb<br \/>\n        <\/a><\/p>\n<p>\n        \u200bCette exposition met en lumi\u00e8re pr\u00e8s de 90 \u0153uvres issues de la prestigieuse Collection Pinault. S\u2019\u00e9tendant sur six volets, elle explore les diff\u00e9rentes facettes du portrait, des visages iconiques aux inconnus, en passant par des repr\u00e9sentations saisissantes de l\u2019humanit\u00e9. Parmi les artistes pr\u00e9sent\u00e9s : Jean-Michel Basquiat, Nan Goldin, Damien Hirst, Cindy Sherman, Andy Warhol et Claire Tabouret. Autre exposition \u00e0 d\u00e9couvrir : \u00ab Claire Tabouret. Entre la m\u00e9moire et l\u2019oubli \u00bb au Mus\u00e9e des Beaux-Arts.\n        <\/p>\n<p><a href=\"https:\/\/www.letelegramme.fr\/api\/gotourl\/bevt\/2731280\/\" target=\"_blank\" rel=\"noopener\"><br \/>\n        Spectacle d\u2019Ana Godefroy \u00ab\u00a0En rodage\u00a0\u00bb<br \/>\n        <\/a><\/p>\n<p>\n        Billetterie en ligne.\n        <\/p>\n<p><a href=\"https:\/\/www.letelegramme.fr\/api\/gotourl\/bevt\/2824480\/\" target=\"_blank\" rel=\"noopener\"><br \/>\n        Exposition\u00a0: \u00ab\u00a0Portraits\u00a0\u00bb de Philippe Cogn\u00e9e<br \/>\n        <\/a><\/p>\n<p>\n        \u00c0 l\u2019occasion d\u2019Exporama 2025, la galerie Oniris pr\u00e9sente une exposition consacr\u00e9e \u00e0 Philippe Cogn\u00e9e : Portraits. \u00c0 travers une technique singuli\u00e8re d\u2019encaustique fondue, l\u2019artiste explore la disparition de l\u2019image, entre figuration et abstraction, m\u00e9moire et effacement. Une peinture intense, sensible, charnelle et troublante.\n        <\/p>\n<p><a href=\"https:\/\/www.letelegramme.fr\/api\/gotourl\/bevt\/2836985\/\" target=\"_blank\" rel=\"noopener\"><br \/>\n        Braderie de Villejean\u00a0: inscription des exposants<br \/>\n        <\/a><\/p>\n<p>\n        La braderie aura lieu le dimanche 7 septembre. inscriptions uniquement \u00e0 la maison de quartier. Aucune r\u00e9servation sans inscription et r\u00e8glement correspondant.&#13;<\/p>\n<p>L&rsquo;agenda des loisirs<\/p>\n<p class=\"moveInBrittany__text\" style=\"color:#fff\">\n            Festivals, expositions, visites, conf\u00e9rences, &#8230;\n          <\/p>\n<p>Sortir \u00e0 Rennes le dimanche 07 septembre<a href=\"https:\/\/www.letelegramme.fr\/api\/gotourl\/bevt\/2832817\/\" target=\"_blank\" rel=\"noopener\"><br \/>\n        Braderie de Villejean<br \/>\n        <\/a><\/p>\n<p>\n        Restauration et buvette sur place.\n        <\/p>\n<p><a href=\"https:\/\/www.letelegramme.fr\/api\/gotourl\/bevt\/2947380\/\" target=\"_blank\" rel=\"noopener\"><br \/>\n        Billetterie du festival Le Grand Soufflet<br \/>\n        <\/a><\/p>\n<p>\n        Le Grand Soufflet, festival incontournable d\u2019Ille-et-Vilaine revient, du 1er au 12 octobre, \u00e0 Rennes et dans plus de 65 lieux dans tout le d\u00e9partement. Au programme notamment : Bonga, Bombino, Altin G\u00fcn, A\u00efta Mon Amour, Ha\u00efdouti Orkestar, Robert Finley, Djazia Satour, Azahar, Eliasse, Femti Fem, Komasi, La Moss\u00e0, Michalove, Sugar Bulgar, Tram des Balkans et M\u00e9lissa Zantman\u2026 Billetterie en ligne.\n        <\/p>\n<p><\/p>\n","protected":false},"excerpt":{"rendered":"Sortir \u00e0 Rennes le samedi 06 septembre Exporama\u00a0: \u00ab\u00a0Claire Tabouret. Entre la m\u00e9moire et l\u2019oubli\u00a0\u00bb L\u2019exposition d\u00e9voile une&hellip;\n","protected":false},"author":2,"featured_media":6963,"comment_status":"","ping_status":"","sticky":false,"template":"","format":"standard","meta":{"footnotes":""},"categories":[2821],"tags":[1111,11,829,1777,674,1011,27,12,3907,584,25],"class_list":{"0":"post-367624","1":"post","2":"type-post","3":"status-publish","4":"format-standard","5":"has-post-thumbnail","7":"category-rennes","8":"tag-actu","9":"tag-actualites","10":"tag-bretagne","11":"tag-eu","12":"tag-europe","13":"tag-fr","14":"tag-france","15":"tag-news","16":"tag-que-faire","17":"tag-rennes","18":"tag-republique-francaise"},"share_on_mastodon":{"url":"https:\/\/pubeurope.com\/@fr\/115150537588318659","error":""},"_links":{"self":[{"href":"https:\/\/www.europesays.com\/fr\/wp-json\/wp\/v2\/posts\/367624","targetHints":{"allow":["GET"]}}],"collection":[{"href":"https:\/\/www.europesays.com\/fr\/wp-json\/wp\/v2\/posts"}],"about":[{"href":"https:\/\/www.europesays.com\/fr\/wp-json\/wp\/v2\/types\/post"}],"author":[{"embeddable":true,"href":"https:\/\/www.europesays.com\/fr\/wp-json\/wp\/v2\/users\/2"}],"replies":[{"embeddable":true,"href":"https:\/\/www.europesays.com\/fr\/wp-json\/wp\/v2\/comments?post=367624"}],"version-history":[{"count":0,"href":"https:\/\/www.europesays.com\/fr\/wp-json\/wp\/v2\/posts\/367624\/revisions"}],"wp:featuredmedia":[{"embeddable":true,"href":"https:\/\/www.europesays.com\/fr\/wp-json\/wp\/v2\/media\/6963"}],"wp:attachment":[{"href":"https:\/\/www.europesays.com\/fr\/wp-json\/wp\/v2\/media?parent=367624"}],"wp:term":[{"taxonomy":"category","embeddable":true,"href":"https:\/\/www.europesays.com\/fr\/wp-json\/wp\/v2\/categories?post=367624"},{"taxonomy":"post_tag","embeddable":true,"href":"https:\/\/www.europesays.com\/fr\/wp-json\/wp\/v2\/tags?post=367624"}],"curies":[{"name":"wp","href":"https:\/\/api.w.org\/{rel}","templated":true}]}}