{"id":367625,"date":"2025-09-05T07:35:27","date_gmt":"2025-09-05T07:35:27","guid":{"rendered":"https:\/\/www.europesays.com\/fr\/367625\/"},"modified":"2025-09-05T07:35:27","modified_gmt":"2025-09-05T07:35:27","slug":"des-conditions-de-vie-difficiles-pour-des-centaines-de-migrants-installes-dans-un-parc-de-la-ville","status":"publish","type":"post","link":"https:\/\/www.europesays.com\/fr\/367625\/","title":{"rendered":"des conditions de vie difficiles pour des centaines de migrants install\u00e9s dans un parc de la ville"},"content":{"rendered":"<p class=\"PopSlotParagraph qg-tx2 qg-xtra-lh svelte-1r0pyek\"><strong>Ils sont entre 300 et 350 migrants sous les toiles de tentes dans le parc de Maurepas, \u00e0 Rennes.<\/strong>\u00a0Ces personnes viennent du monde entier \u00ab\u00a0il y a des gens du Moyen-Orient, d&rsquo;Afrique centrale et de l&rsquo;Ouest, d&rsquo;Asie, il ne manque que des personnes du continent am\u00e9ricain et le monde entier sera repr\u00e9sent\u00e9 sur le camp\u00a0\u00bb, ironise Fabien Touchard, coordinateur de l&rsquo;association Utopia 56 \u00e0 Rennes.\u00a0<strong>Les exil\u00e9s occupent un quart de la superficie du parc depuis la fin de la tr\u00eave hivernale en mars.<\/strong><\/p>\n<p> Des conditions de vie \u00a0\u00bb d\u00e9plorables \u00ab\u00a0<\/p>\n<p class=\"PopSlotParagraph qg-tx2 qg-xtra-lh svelte-1r0pyek\"><strong>Il n&rsquo;y a pas de douches dans le parc de Maurepas<\/strong>\u00a0: \u00ab\u00a0g\u00e9n\u00e9ralement, on va \u00e0 la piscine Saint Georges pour se laver, mais elle \u00e9tait ferm\u00e9e cet \u00e9t\u00e9\u00a0\u00bb, d\u00e9plore Mike, un immigr\u00e9 congolais. La mairie de Rennes a mis \u00e0 disposition deux toilettes de chantier pour les exil\u00e9s mais \u00ab\u00a0c&rsquo;est insuffisant\u00a0\u00bb selon Virginie, arriv\u00e9e il y a quelques mois de Kinshasa \u00ab\u00a0il\u00a0y a souvent la queue pour aller aux toilettes et elles ne sont pas propres, \u00e7a nous expose \u00e0 des maladies\u00a0\u00bb.\u00a0<strong>Certains sont contraints de se retenir, en particulier la nuit<\/strong>\u00a0: \u00ab\u00a0il\u00a0y a beaucoup de mamans c\u00e9libataires qui ne vont pas aux toilettes la nuit, elles ne peuvent pas laisser leurs enfants seuls sous la tente\u00a0\u00bb, assure Fabien Touchard.<\/p>\n<p> Les mineurs isol\u00e9s en attente<\/p>\n<p class=\"PopSlotParagraph qg-tx2 qg-xtra-lh svelte-1r0pyek\"><strong>Il y a plus d&rsquo;une centaine d&rsquo;enfants sur le camps de Maurepas, dont 53 mineurs non accompagn\u00e9s.<\/strong>\u00a0Ces derniers ont pass\u00e9 des tests de niveaux scolaire mais n&rsquo;auront pas une place \u00e0 l&rsquo;\u00e9cole tout de suite\u00a0: \u00ab\u00a0je pense que la rentr\u00e9e \u00e0 l&rsquo;\u00e9cole se fera plut\u00f4t \u00e0 partir de novembre\u00a0\u00bb, explique Fabien Touchard. La plupart seront scolaris\u00e9s via des Missions de lutte contre le d\u00e9crochage scolaire. Les enfants plus jeunes ont \u00e9t\u00e9 recens\u00e9s pour la mairie, ils disposent tous d&rsquo;une affectation dans une \u00e9cole rennaise, selon Utopia 56.<\/p>\n","protected":false},"excerpt":{"rendered":"Ils sont entre 300 et 350 migrants sous les toiles de tentes dans le parc de Maurepas, \u00e0&hellip;\n","protected":false},"author":2,"featured_media":367384,"comment_status":"","ping_status":"","sticky":false,"template":"","format":"standard","meta":{"footnotes":""},"categories":[2821],"tags":[1111,11,829,1777,674,1011,27,12,584,25],"class_list":{"0":"post-367625","1":"post","2":"type-post","3":"status-publish","4":"format-standard","5":"has-post-thumbnail","7":"category-rennes","8":"tag-actu","9":"tag-actualites","10":"tag-bretagne","11":"tag-eu","12":"tag-europe","13":"tag-fr","14":"tag-france","15":"tag-news","16":"tag-rennes","17":"tag-republique-francaise"},"share_on_mastodon":{"url":"https:\/\/pubeurope.com\/@fr\/115150541616298081","error":""},"_links":{"self":[{"href":"https:\/\/www.europesays.com\/fr\/wp-json\/wp\/v2\/posts\/367625","targetHints":{"allow":["GET"]}}],"collection":[{"href":"https:\/\/www.europesays.com\/fr\/wp-json\/wp\/v2\/posts"}],"about":[{"href":"https:\/\/www.europesays.com\/fr\/wp-json\/wp\/v2\/types\/post"}],"author":[{"embeddable":true,"href":"https:\/\/www.europesays.com\/fr\/wp-json\/wp\/v2\/users\/2"}],"replies":[{"embeddable":true,"href":"https:\/\/www.europesays.com\/fr\/wp-json\/wp\/v2\/comments?post=367625"}],"version-history":[{"count":0,"href":"https:\/\/www.europesays.com\/fr\/wp-json\/wp\/v2\/posts\/367625\/revisions"}],"wp:featuredmedia":[{"embeddable":true,"href":"https:\/\/www.europesays.com\/fr\/wp-json\/wp\/v2\/media\/367384"}],"wp:attachment":[{"href":"https:\/\/www.europesays.com\/fr\/wp-json\/wp\/v2\/media?parent=367625"}],"wp:term":[{"taxonomy":"category","embeddable":true,"href":"https:\/\/www.europesays.com\/fr\/wp-json\/wp\/v2\/categories?post=367625"},{"taxonomy":"post_tag","embeddable":true,"href":"https:\/\/www.europesays.com\/fr\/wp-json\/wp\/v2\/tags?post=367625"}],"curies":[{"name":"wp","href":"https:\/\/api.w.org\/{rel}","templated":true}]}}