{"id":367630,"date":"2025-09-05T07:38:11","date_gmt":"2025-09-05T07:38:11","guid":{"rendered":"https:\/\/www.europesays.com\/fr\/367630\/"},"modified":"2025-09-05T07:38:11","modified_gmt":"2025-09-05T07:38:11","slug":"se-soigner-nest-pas-un-privilege-a-nice-un-chauffeur-aide-les-medecins-a-rejoindre-les-patients-tres-dependants","status":"publish","type":"post","link":"https:\/\/www.europesays.com\/fr\/367630\/","title":{"rendered":"\u00ab\u00a0Se soigner n\u2019est pas un privil\u00e8ge\u00a0\u00bb: \u00e0 Nice, un chauffeur aide les m\u00e9decins \u00e0 rejoindre les patients tr\u00e8s d\u00e9pendants"},"content":{"rendered":"<p>Pas de m\u00e9decin ou plut\u00f4t pas de m\u00e9decin pour se d\u00e9placer au domicile: une gal\u00e8re de plus en plus fr\u00e9quente pour certaines personnes \u00e2g\u00e9es isol\u00e9es, dans l\u2019incapacit\u00e9 de se rendre dans un cabinet m\u00e9dical. Y compris \u00e0 Nice.<\/p>\n<p>Fort de ce constat, la Ville, la Communaut\u00e9 professionnelle territoriale de sant\u00e9 (CPTS) Nice Centre &#8211; Nice Est, Les Petits Fr\u00e8res des Pauvres et l\u2019association Safe G, cr\u00e9\u00e9e par l\u2019urgentiste Jo\u00eblle Martinaux, se sont associ\u00e9s dans un partenariat unique afin de mettre un chauffeur \u00e0 disposition de m\u00e9decins volontaires pour se rendre au chevet de ces patients.<\/p>\n<p>\u00ab\u00a0L\u2019esprit de cette initiative, lanc\u00e9e en janvier, est de remettre des patients d\u00e9pendants dans le parcours de soins\u00a0\u00bb, r\u00e9sume le Dr Martinaux.<\/p>\n<p>Car elle est destin\u00e9e \u00e0 une cat\u00e9gorie bien pr\u00e9cise: \u00ab\u00a0Des personnes qui n\u2019ont plus de m\u00e9decin traitant, qui n\u2019ont donc plus de suivi et qui ne peuvent pas se rendre dans un centre de sant\u00e9\u00a0\u00bb, indique Lilian Rouch, le directeur de la CPTS. C\u2019est ce dernier organisme qui endosse le r\u00f4le de coordinateur.<\/p>\n<p><strong>\u00ab\u00a0Pour revenir dans le parcours de soins\u00a0\u00bb<\/strong><\/p>\n<p>\u00ab\u00a0La CPTS &#8211; mais cela peut aussi \u00eatre le centre communal d\u2019action sociale, la caisse primaire d\u2019assurance maladie ou Les Petits Fr\u00e8res des Pauvres &#8211; va fournir \u00e0 l\u2019association Safe G une liste de patients qui r\u00e9pond \u00e0 ces crit\u00e8res. Nous nous chargeons ensuite de trouver des m\u00e9decins qui pourraient assurer leur suivi \u00e0 domicile\u00a0\u00bb, compl\u00e8te le Dr Martinaux.<\/p>\n<p>\u00ab\u00a0Et pour cela, la mise \u00e0 disposition d\u2019un chauffeur par la Ville change tout: cela r\u00e9sout le probl\u00e8me du transport et du stationnement. Car la perte de temps g\u00e9n\u00e9r\u00e9e par la recherche d\u2019une place est souvent un motif de refus des visites \u00e0 domicile. Si on enl\u00e8ve cette contrainte, on permet aux personnes de revenir dans un parcours de soins.\u00a0\u00bb<\/p>\n<p>Les conditions d\u2019acc\u00e8s sont relativement restrictives. \u00ab\u00a0Le dispositif est destin\u00e9 \u00e0 une prise en charge sur le long terme. En cas d\u2019urgence, il faut contacter le 15 ou SOS M\u00e9decins\u00a0\u00bb, assure la fondatrice de Safe G.<\/p>\n<p>\u00ab\u00a0La CPTS v\u00e9rifie que les personnes remplissent les conditions et les oriente vers un autre type de prise en charge si elle est indiqu\u00e9e\u00a0\u00bb, assure Lilian Rouch. \u00ab\u00a0Pour l\u2019instant le dispositif ne s\u2019applique que sur notre territoire, c\u2019est-\u00e0-dire le 06000 et 06300 [centre-ville et est de la ville]. Les personnes peuvent nous contacter directement (cptsncne@gmail.com) mais nous pouvons aussi \u00eatre alert\u00e9s par des pharmaciens, des infirmiers ou des proches.\u00a0\u00bb<\/p>\n<p><strong>\u00ab\u00a0Se soigner est un droit\u00a0\u00bb<\/strong><\/p>\n<p>De son c\u00f4t\u00e9, le pr\u00e9sident du conseil r\u00e9gional de l\u2019Ordre des m\u00e9decins, Herv\u00e9 Ca\u00ebl (\u00e9galement conseiller municipal de Nice), salue cette initiative: \u00ab\u00a0L\u2019acc\u00e8s aux soins est une th\u00e9matique majeure. Toute action qui le favorise est une bonne chose. Ici, elle r\u00e9pond aux besoins sans fragiliser l\u2019existant et s\u2019inscrit dans un projet m\u00e9dical de territoire. L\u2019Ordre n\u2019a pas connaissance d\u2019exp\u00e9riences identiques dans la r\u00e9gion et, pour le moment, les retours sont positifs.\u00a0\u00bb<\/p>\n<p>Safe G lance aussi un appel aux volontaires: \u00ab\u00a0Nous avons besoin de m\u00e9decins pr\u00eats \u00e0 visiter des patients \u00e0 domicile et \u00e0 assurer leur suivi ainsi que la coordination avec les autres professionnels: infirmiers, sp\u00e9cialistes, etc.\u00a0\u00bb, indique Jo\u00eblle Martinaux.<\/p>\n<p>C\u2019est elle qui a souffl\u00e9 l\u2019id\u00e9e du dispositif de chauffeur au maire, Christian Estrosi, qui assure que \u00ab\u00a0gr\u00e2ce \u00e0 ce coup de pouce, nous d\u00e9fendons un principe simple: personne ne doit \u00eatre laiss\u00e9 en dehors du parcours de soins car se soigner n\u2019est pas un privil\u00e8ge, c\u2019est un droit.\u00a0\u00bb<\/p>\n","protected":false},"excerpt":{"rendered":"Pas de m\u00e9decin ou plut\u00f4t pas de m\u00e9decin pour se d\u00e9placer au domicile: une gal\u00e8re de plus en&hellip;\n","protected":false},"author":2,"featured_media":367631,"comment_status":"","ping_status":"","sticky":false,"template":"","format":"standard","meta":{"footnotes":""},"categories":[2819],"tags":[1111,11,1777,674,1011,27,12,2401,882,25,71],"class_list":{"0":"post-367630","1":"post","2":"type-post","3":"status-publish","4":"format-standard","5":"has-post-thumbnail","7":"category-nice","8":"tag-actu","9":"tag-actualites","10":"tag-eu","11":"tag-europe","12":"tag-fr","13":"tag-france","14":"tag-news","15":"tag-nice","16":"tag-provence-alpes-cote-dazur","17":"tag-republique-francaise","18":"tag-sante"},"share_on_mastodon":{"url":"https:\/\/pubeurope.com\/@fr\/115150553384689062","error":""},"_links":{"self":[{"href":"https:\/\/www.europesays.com\/fr\/wp-json\/wp\/v2\/posts\/367630","targetHints":{"allow":["GET"]}}],"collection":[{"href":"https:\/\/www.europesays.com\/fr\/wp-json\/wp\/v2\/posts"}],"about":[{"href":"https:\/\/www.europesays.com\/fr\/wp-json\/wp\/v2\/types\/post"}],"author":[{"embeddable":true,"href":"https:\/\/www.europesays.com\/fr\/wp-json\/wp\/v2\/users\/2"}],"replies":[{"embeddable":true,"href":"https:\/\/www.europesays.com\/fr\/wp-json\/wp\/v2\/comments?post=367630"}],"version-history":[{"count":0,"href":"https:\/\/www.europesays.com\/fr\/wp-json\/wp\/v2\/posts\/367630\/revisions"}],"wp:featuredmedia":[{"embeddable":true,"href":"https:\/\/www.europesays.com\/fr\/wp-json\/wp\/v2\/media\/367631"}],"wp:attachment":[{"href":"https:\/\/www.europesays.com\/fr\/wp-json\/wp\/v2\/media?parent=367630"}],"wp:term":[{"taxonomy":"category","embeddable":true,"href":"https:\/\/www.europesays.com\/fr\/wp-json\/wp\/v2\/categories?post=367630"},{"taxonomy":"post_tag","embeddable":true,"href":"https:\/\/www.europesays.com\/fr\/wp-json\/wp\/v2\/tags?post=367630"}],"curies":[{"name":"wp","href":"https:\/\/api.w.org\/{rel}","templated":true}]}}