{"id":367632,"date":"2025-09-05T07:39:09","date_gmt":"2025-09-05T07:39:09","guid":{"rendered":"https:\/\/www.europesays.com\/fr\/367632\/"},"modified":"2025-09-05T07:39:09","modified_gmt":"2025-09-05T07:39:09","slug":"nice-trois-militants-pro-palestiniens-penetrent-de-force-dans-une-synagogue","status":"publish","type":"post","link":"https:\/\/www.europesays.com\/fr\/367632\/","title":{"rendered":"Nice. Trois militants pro-palestiniens p\u00e9n\u00e8trent de force dans une synagogue"},"content":{"rendered":"<p>            Par<br \/>\n        <strong><br \/>\n            <a href=\"https:\/\/actu.fr\/auteur\/redaction-nice\" title=\"Consulter tous les articles de R\u00e9daction Nice\" target=\"_blank\" rel=\"noopener\">R\u00e9daction Nice<\/a><br \/>\n        <\/strong><\/p>\n<p>        Publi\u00e9 le<\/p>\n<p>            5 sept. 2025 \u00e0 9h13        <\/p>\n<p>Trois militants pro-palestiniens ont \u00e9t\u00e9<strong> interpel\u00e9s et plac\u00e9s en garde \u00e0 vue<\/strong> jeudi soir \u00e0 <a href=\"https:\/\/actu.fr\/nice\/\" target=\"_blank\" rel=\"noopener\">Nice<\/a> apr\u00e8s avoir tent\u00e9 d\u2019entrer \u00ab de force \u00bb dans une synagogue, a-t-on appris aupr\u00e8s de la pr\u00e9fecture des <a href=\"https:\/\/actu.fr\/provence-alpes-cote-d-azur\/alpes-maritimes_06\" target=\"_blank\" rel=\"noopener\">Alpes-Maritimes<\/a> et du parquet.<\/p>\n<p class=\" wall-content\">La police a \u00e9t\u00e9 inform\u00e9e vers 19 h que \u00ab plusieurs personnes dont certaines porteuses de drapeaux palestiniens tentaient de rentrer \u00bb dans cet \u00e9difice de la communaut\u00e9 Loubavitch du centre de Nice, o\u00f9 se tenait une r\u00e9union d\u2019informations sur l\u2019alyah, l\u2019immigration des juifs en Isra\u00ebl, d\u00e9taille le parquet de Nice dans un message \u00e0 la presse.<\/p>\n<p>Une femme enceinte bouscul\u00e9e<\/p>\n<p class=\" wall-content\">\u00ab Les premiers \u00e9l\u00e9ments r\u00e9unis mettaient en cause plusieurs individus pour des faits de violences et d\u2019injures en raison de la religion, ces derniers ayant tent\u00e9 de p\u00e9n\u00e9trer de force au sein du lieu de culte \u00bb, poursuit-il. Une femme enceinte a \u00e9t\u00e9 bouscul\u00e9e, selon la pr\u00e9fecture qui a communiqu\u00e9 sur X.<\/p>\n<p class=\" wall-content\">Trois militants, <strong>deux femmes quadrag\u00e9naires et un homme sexag\u00e9naire<\/strong>, ont \u00e9t\u00e9 interpel\u00e9s et plac\u00e9s en garde \u00e0 vue dans le cadre d\u2019une enqu\u00eate en flagrance ouverte pour violences aggrav\u00e9es par trois circonstances \u2014 sur personne vuln\u00e9rable, en r\u00e9union et en raison de la religion \u2014 et injures publiques en raison de la religion.<\/p>\n<p>La classe politique r\u00e9agit<\/p>\n<p class=\" wall-content\">Le pr\u00e9fet des Alpes-Maritimes, Laurent Hottiaux, a condamn\u00e9 \u00ab tr\u00e8s fermement cet acte \u00bb sur X et annonc\u00e9 que des policiers resteraient devant la synagogue \u00ab autant que n\u00e9cessaire \u00bb.<\/p>\n<p class=\" wall-content\">\n<p class=\" wall-content\">Tout comme le maire Horizons de Nice,<a href=\"https:\/\/actu.fr\/tag\/christian-estrosi\" target=\"_blank\" rel=\"noopener\"> Christian Estrosi<\/a> qui a d\u00e9nonc\u00e9 toujours sur X une \u00ab intrusion intol\u00e9rable \u00bb, rappelant la nette progression en France des actes antis\u00e9mites depuis le 7 octobre 2023, date des attaques sans pr\u00e9c\u00e9dent du Hamas contre Isra\u00ebl et du d\u00e9clenchement de la guerre \u00e0 Gaza.<\/p>\n<p class=\" wall-content\"><strong>Avec AFP<\/strong><\/p>\n<p class=\" wall-content\">Personnalisez votre actualit\u00e9 en ajoutant vos villes et m\u00e9dias en favori avec <a href=\"https:\/\/moncompte.actu.fr\" title=\"D\u00e9couvez Mon Actu\" rel=\"nofollow noopener\" data-trk=\"{&quot;cta&quot;:{&quot;action&quot;:&quot;https:\\\/\\\/moncompte.actu.fr&quot;,&quot;category&quot;:&quot;mon compte&quot;,&quot;from&quot;:&quot;article footer&quot;,&quot;name&quot;:&quot;Mon actu&quot;,&quot;type&quot;:&quot;cta&quot;}}\" target=\"_blank\">Mon Actu<\/a>.<\/p>\n","protected":false},"excerpt":{"rendered":"Par R\u00e9daction Nice Publi\u00e9 le 5 sept. 2025 \u00e0 9h13 Trois militants pro-palestiniens ont \u00e9t\u00e9 interpel\u00e9s et plac\u00e9s&hellip;\n","protected":false},"author":2,"featured_media":342574,"comment_status":"","ping_status":"","sticky":false,"template":"","format":"standard","meta":{"footnotes":""},"categories":[2819],"tags":[1111,11,6155,1777,674,118,1011,27,5643,12,2401,1072,882,25],"class_list":{"0":"post-367632","1":"post","2":"type-post","3":"status-publish","4":"format-standard","5":"has-post-thumbnail","7":"category-nice","8":"tag-actu","9":"tag-actualites","10":"tag-antisemitisme","11":"tag-eu","12":"tag-europe","13":"tag-faits-divers","14":"tag-fr","15":"tag-france","16":"tag-guerre-israel-hamas","17":"tag-news","18":"tag-nice","19":"tag-police","20":"tag-provence-alpes-cote-dazur","21":"tag-republique-francaise"},"share_on_mastodon":{"url":"https:\/\/pubeurope.com\/@fr\/115150557240866417","error":""},"_links":{"self":[{"href":"https:\/\/www.europesays.com\/fr\/wp-json\/wp\/v2\/posts\/367632","targetHints":{"allow":["GET"]}}],"collection":[{"href":"https:\/\/www.europesays.com\/fr\/wp-json\/wp\/v2\/posts"}],"about":[{"href":"https:\/\/www.europesays.com\/fr\/wp-json\/wp\/v2\/types\/post"}],"author":[{"embeddable":true,"href":"https:\/\/www.europesays.com\/fr\/wp-json\/wp\/v2\/users\/2"}],"replies":[{"embeddable":true,"href":"https:\/\/www.europesays.com\/fr\/wp-json\/wp\/v2\/comments?post=367632"}],"version-history":[{"count":0,"href":"https:\/\/www.europesays.com\/fr\/wp-json\/wp\/v2\/posts\/367632\/revisions"}],"wp:featuredmedia":[{"embeddable":true,"href":"https:\/\/www.europesays.com\/fr\/wp-json\/wp\/v2\/media\/342574"}],"wp:attachment":[{"href":"https:\/\/www.europesays.com\/fr\/wp-json\/wp\/v2\/media?parent=367632"}],"wp:term":[{"taxonomy":"category","embeddable":true,"href":"https:\/\/www.europesays.com\/fr\/wp-json\/wp\/v2\/categories?post=367632"},{"taxonomy":"post_tag","embeddable":true,"href":"https:\/\/www.europesays.com\/fr\/wp-json\/wp\/v2\/tags?post=367632"}],"curies":[{"name":"wp","href":"https:\/\/api.w.org\/{rel}","templated":true}]}}