{"id":367637,"date":"2025-09-05T07:42:12","date_gmt":"2025-09-05T07:42:12","guid":{"rendered":"https:\/\/www.europesays.com\/fr\/367637\/"},"modified":"2025-09-05T07:42:12","modified_gmt":"2025-09-05T07:42:12","slug":"entre-difficultes-et-renouveau-urbain","status":"publish","type":"post","link":"https:\/\/www.europesays.com\/fr\/367637\/","title":{"rendered":"entre difficult\u00e9s et renouveau urbain"},"content":{"rendered":"<p>Bordeaux, r\u00e9put\u00e9e pour son patrimoine, ses vignobles et son attractivit\u00e9, n\u2019\u00e9chappe pas aux contrastes urbains. Certaines zones souffrent encore d\u2019ins\u00e9curit\u00e9, de pr\u00e9carit\u00e9 ou d\u2019un cadre de vie d\u00e9grad\u00e9. Toutefois, ces quartiers dits \u00ab difficiles \u00bb sont aujourd\u2019hui au c\u0153ur de vastes projets de r\u00e9novation. Zoom sur cinq secteurs embl\u00e9matiques de la m\u00e9tropole bordelaise.<\/p>\n<p>Les Aubiers : une r\u00e9novation en marche<\/p>\n<p><strong>Situ\u00e9 au nord de Bordeaux, le quartier des Aubiers incarne les d\u00e9fis de l\u2019urbanisme des ann\u00e9es 1970.<\/strong> Longtemps marqu\u00e9 par un taux de ch\u00f4mage \u00e9lev\u00e9, un foncier d\u00e9valoris\u00e9 et des tensions sociales, il b\u00e9n\u00e9ficie d\u00e9sormais du dispositif de l\u2019ANRU. La maison du projet coordonne habitants, bailleurs sociaux et architectes autour d\u2019un objectif commun : transformer le secteur. D\u00e9molition de b\u00e2timents v\u00e9tustes, cr\u00e9ation de logements neufs, d\u00e9veloppement d\u2019espaces publics accueillants et meilleure desserte en tramway <strong>visent \u00e0 redonner aux Aubiers une place plus int\u00e9gr\u00e9e dans la ville.<\/strong><\/p>\n<p><img fetchpriority=\"high\" decoding=\"async\" width=\"670\" height=\"396\" src=\"https:\/\/www.europesays.com\/fr\/wp-content\/uploads\/2025\/09\/les-aubiers-bordeaux.jpg\" alt=\"\" class=\"wp-image-83179\"  \/>Les pires quartiers de Bordeaux concentrent pr\u00e9carit\u00e9 et ins\u00e9curit\u00e9, mais b\u00e9n\u00e9ficient aujourd\u2019hui de projets urbains ambitieux visant mixit\u00e9 sociale, durabilit\u00e9 et attractivit\u00e9 m\u00e9tropolitaine.<\/p>\n<p>Saint-Michel : vitalit\u00e9 et ins\u00e9curit\u00e9<\/p>\n<p><strong>Quartier central, Saint-Michel est connu pour son march\u00e9, ses cultures multiples et son ambiance populaire<\/strong>. Mais cette vitalit\u00e9 cache aussi des probl\u00e8mes persistants : insalubrit\u00e9 de certains immeubles, nuisances sonores, trafics et sentiment d\u2019ins\u00e9curit\u00e9. Pour inverser la tendance, la m\u00e9tropole et la mairie misent sur la r\u00e9habilitation des fa\u00e7ades, la s\u00e9curisation des espaces publics et la diversification de l\u2019habitat. L\u2019objectif est clair : pr\u00e9server l\u2019identit\u00e9 multiculturelle tout en <strong>am\u00e9liorant la qualit\u00e9 de vie et la s\u00e9curit\u00e9 des habitants.<\/strong><\/p>\n<p>Bacalan : un quartier en transition<\/p>\n<p><strong>Ancien secteur ouvrier et industriel, Bacalan conna\u00eet une profonde transformation avec la Zac des Bassins \u00e0 flot. <\/strong>Entre \u00e9coquartier, \u00e9quipements culturels comme les Bassins de Lumi\u00e8res et nouveaux programmes immobiliers, le visage du quartier change rapidement. Toutefois, des contrastes demeurent : les logements vieillissants cohabitent avec des immeubles modernes, accentuant les in\u00e9galit\u00e9s urbaines. Des projets de requalification cherchent \u00e0 harmoniser le tissu urbain et \u00e0 renforcer l\u2019attractivit\u00e9 de Bacalan, d\u00e9j\u00e0 bien reli\u00e9 au reste de la ville gr\u00e2ce au tram.<\/p>\n<p>La Benauge : un potentiel \u00e0 exploiter<\/p>\n<p><img loading=\"lazy\" decoding=\"async\" width=\"930\" height=\"620\" src=\"https:\/\/www.bougerabordeaux.com\/wp-content\/uploads\/2025\/09\/la-benauge-bordeaux.webp\" alt=\"\" class=\"wp-image-83177\"  \/>Bordeaux conna\u00eet d\u2019importantes in\u00e9galit\u00e9s urbaines. Des quartiers comme les Aubiers, Bacalan ou Saint-Michel se transforment gr\u00e2ce \u00e0 des projets de r\u00e9novation et de requalification ambitieux. @JB Menge<\/p>\n<p><strong>Sur la rive droite, la Benauge souffre encore d\u2019une mauvaise image li\u00e9e aux barres d\u2019immeubles construites dans les Trente Glorieuses.<\/strong> Pourtant, sa proximit\u00e9 avec le centre et le projet Euratlantique en fait un territoire strat\u00e9gique. Les plans de r\u00e9novation pr\u00e9voient la cr\u00e9ation de logements durables, la modernisation des \u00e9quipements publics et la reconqu\u00eate des espaces collectifs. Un \u00e9coquartier est \u00e0 l\u2019\u00e9tude, avec une ambition forte : faire de la Benauge un mod\u00e8le de mixit\u00e9 et de sobri\u00e9t\u00e9 environnementale.<\/p>\n<p>Le Grand Parc : entre verdure et ins\u00e9curit\u00e9<\/p>\n<p><strong>Le Grand Parc se distingue par ses espaces verts et son accessibilit\u00e9, mais reste marqu\u00e9 par une forte densit\u00e9 de logements sociaux datant des ann\u00e9es 1960.<\/strong> Si le quartier attire des familles gr\u00e2ce \u00e0 ses \u00e9coles, il souffre d\u2019un sentiment d\u2019ins\u00e9curit\u00e9 persistant. Des op\u00e9rations de r\u00e9novation urbaine, soutenues par l\u2019ANRU, pr\u00e9voient la r\u00e9habilitation des logements, la modernisation des infrastructures et une meilleure int\u00e9gration aux transports en commun.<\/p>\n<p><img loading=\"lazy\" decoding=\"async\" width=\"1024\" height=\"677\" src=\"https:\/\/www.europesays.com\/fr\/wp-content\/uploads\/2025\/09\/grand-parc-bordeaux-1024x677.jpg\" alt=\"\" class=\"wp-image-83178\"  \/>Derri\u00e8re leur r\u00e9putation difficile, les pires quartiers de Bordeaux s\u2019inscrivent d\u00e9sormais dans une dynamique de renouvellement urbain, avec des initiatives fortes pour renforcer leur attractivit\u00e9.<\/p>\n<p>Des quartiers en mutation<\/p>\n<p><strong>Ces quartiers, parfois consid\u00e9r\u00e9s comme les \u00ab pires \u00bb de Bordeaux, sont avant tout des territoires en transition<\/strong>. Leur r\u00e9putation difficile s\u2019explique par des d\u00e9cennies de pr\u00e9carit\u00e9 et de d\u00e9s\u00e9quilibre urbain. Mais les projets de requalification en cours traduisent une volont\u00e9 forte des pouvoirs publics et des habitants : b\u00e2tir une ville plus inclusive, durable et attractive. \u00c0 terme, ces secteurs pourraient bien devenir <strong>des mod\u00e8les de renouvellement urbain pour l\u2019ensemble de la m\u00e9tropole bordelaise.<\/strong><\/p>\n<p>A lire aussi : <a href=\"https:\/\/www.bougerabordeaux.com\/actu\/bordeaux-inaugure-un-nouveau-ponton-pour-booster-la-mobilite-fluviale\/\" rel=\"nofollow noopener\" target=\"_blank\">Bordeaux inaugure un nouveau ponton pour booster la mobilit\u00e9 fluviale !<\/a><\/p>\n","protected":false},"excerpt":{"rendered":"Bordeaux, r\u00e9put\u00e9e pour son patrimoine, ses vignobles et son attractivit\u00e9, n\u2019\u00e9chappe pas aux contrastes urbains. Certaines zones souffrent&hellip;\n","protected":false},"author":2,"featured_media":367638,"comment_status":"","ping_status":"","sticky":false,"template":"","format":"standard","meta":{"footnotes":""},"categories":[2817],"tags":[1111,11,1997,1777,674,1011,27,12,2219,25],"class_list":{"0":"post-367637","1":"post","2":"type-post","3":"status-publish","4":"format-standard","5":"has-post-thumbnail","7":"category-bordeaux","8":"tag-actu","9":"tag-actualites","10":"tag-bordeaux","11":"tag-eu","12":"tag-europe","13":"tag-fr","14":"tag-france","15":"tag-news","16":"tag-nouvelle-aquitaine","17":"tag-republique-francaise"},"share_on_mastodon":{"url":"https:\/\/pubeurope.com\/@fr\/115150569260268761","error":""},"_links":{"self":[{"href":"https:\/\/www.europesays.com\/fr\/wp-json\/wp\/v2\/posts\/367637","targetHints":{"allow":["GET"]}}],"collection":[{"href":"https:\/\/www.europesays.com\/fr\/wp-json\/wp\/v2\/posts"}],"about":[{"href":"https:\/\/www.europesays.com\/fr\/wp-json\/wp\/v2\/types\/post"}],"author":[{"embeddable":true,"href":"https:\/\/www.europesays.com\/fr\/wp-json\/wp\/v2\/users\/2"}],"replies":[{"embeddable":true,"href":"https:\/\/www.europesays.com\/fr\/wp-json\/wp\/v2\/comments?post=367637"}],"version-history":[{"count":0,"href":"https:\/\/www.europesays.com\/fr\/wp-json\/wp\/v2\/posts\/367637\/revisions"}],"wp:featuredmedia":[{"embeddable":true,"href":"https:\/\/www.europesays.com\/fr\/wp-json\/wp\/v2\/media\/367638"}],"wp:attachment":[{"href":"https:\/\/www.europesays.com\/fr\/wp-json\/wp\/v2\/media?parent=367637"}],"wp:term":[{"taxonomy":"category","embeddable":true,"href":"https:\/\/www.europesays.com\/fr\/wp-json\/wp\/v2\/categories?post=367637"},{"taxonomy":"post_tag","embeddable":true,"href":"https:\/\/www.europesays.com\/fr\/wp-json\/wp\/v2\/tags?post=367637"}],"curies":[{"name":"wp","href":"https:\/\/api.w.org\/{rel}","templated":true}]}}