{"id":367655,"date":"2025-09-05T07:55:10","date_gmt":"2025-09-05T07:55:10","guid":{"rendered":"https:\/\/www.europesays.com\/fr\/367655\/"},"modified":"2025-09-05T07:55:10","modified_gmt":"2025-09-05T07:55:10","slug":"lex-policier-arnaud-bonnefoy-lourdement-condamne-pour-avoir-etrangle-sa-compagne","status":"publish","type":"post","link":"https:\/\/www.europesays.com\/fr\/367655\/","title":{"rendered":"l&rsquo;ex-policier Arnaud Bonnefoy lourdement condamn\u00e9 pour avoir \u00e9trangl\u00e9 sa compagne"},"content":{"rendered":"<p>            Par<br \/>\n        <strong><br \/>\n            <a href=\"https:\/\/actu.fr\/auteur\/redaction-paris\" title=\"Consulter tous les articles de R\u00e9daction Paris\" target=\"_blank\" rel=\"noopener\">R\u00e9daction Paris<\/a><br \/>\n        <\/strong><\/p>\n<p>        Publi\u00e9 le<\/p>\n<p>            5 sept. 2025 \u00e0 9h34        <\/p>\n<p>Il a tent\u00e9 d\u2019expliquer l\u2019impensable. Dans la nuit de jeudi\u00a04 \u00e0 vendredi 5\u00a0septembre 2025, l\u2019ancien policier Arnaud Bonnefoy a \u00e9t\u00e9 <a href=\"https:\/\/actu.fr\/ile-de-france\/paris_75056\/paris-il-avait-tue-sa-compagne-en-l-etranglant-l-ancien-policier-arnaud-bonnefoy-devant-les-assises_63082415.html\" target=\"_blank\" rel=\"noopener\">condamn\u00e9 \u00e0 22\u00a0ans de r\u00e9clusion criminelle<\/a> par la cour d\u2019assises de Paris, pour avoir \u00e9trangl\u00e9 en janvier\u00a02022 sa compagne <strong>Amanda Glain<\/strong> qui voulait le quitter. \u00ab\u2009J\u2019ai \u00e9t\u00e9 honn\u00eate. C\u2019est un acte que je regretterai toute ma vie et qui est impardonnable. Mais j\u2019ai dit la v\u00e9rit\u00e9 sur cette affaire\u2009\u00bb, a dit l\u2019accus\u00e9 avant que le jury ne d\u00e9lib\u00e8re.<\/p>\n<p>\u00ab\u2009Jalousie maladive\u2009\u00bb, \u00ab\u2009tyrannique\u2009\u00bb, \u00ab\u2009morbide\u2009\u00bb<\/p>\n<p class=\" wall-content\">L\u2019ex-gardien de la paix, aujourd\u2019hui \u00e2g\u00e9 de 33\u00a0ans, qui encourait la<strong> r\u00e9clusion criminelle \u00e0 perp\u00e9tuit\u00e9<\/strong> pour ce meurtre, a expliqu\u00e9 par sa \u00ab\u2009jalousie maladive\u2009\u00bb, \u00ab\u2009tyrannique\u2009\u00bb, \u00ab\u2009morbide\u2009\u00bb autant qu\u2019\u00ab\u2009infond\u00e9e\u2009\u00bb, un acte \u00ab\u2009monstrueux\u2009\u00bb, exerc\u00e9 avec \u00ab\u2009une violence, une force terrible\u2009\u00bb.<\/p>\n<p class=\" wall-content\">L\u2019\u00e9tranglement est \u00ab\u2009le <strong>geste le plus mortif\u00e8re<\/strong> de tous\u2009\u00bb, \u00ab\u2009il a fini par le reconna\u00eetre tr\u00e8s clairement\u2009\u00bb, a d\u00e9clar\u00e9 apr\u00e8s l\u2019annonce du verdict le pr\u00e9sident de la cour, Marc Sommerer qui a insist\u00e9 sur les \u00ab\u2009cons\u00e9quences dramatiquement irr\u00e9vocables\u2009\u00bb du geste, \u00ab\u2009la mort d\u2019une jeune femme de 28\u00a0ans\u2009\u00bb.<\/p>\n<p class=\" wall-content\">Le verdict a \u00e9t\u00e9 accueilli dans le calme par Arnaud Bonnefoy comme par les proches d\u2019Amanda Glain. Il est <strong>en de\u00e7\u00e0 de ce qu\u2019avait r\u00e9clam\u00e9 l\u2019avocate g\u00e9n\u00e9rale<\/strong> In\u00e8s Bordet, qui avait requis 28\u00a0ans de r\u00e9clusion, assortis des deux-tiers de p\u00e9riode de s\u00fbret\u00e9, apr\u00e8s avoir \u00e9mis des doutes sur la sinc\u00e9rit\u00e9 des regrets de l\u2019ex-policier.<\/p>\n<p class=\" wall-content\">Les jur\u00e9s ont au contraire estim\u00e9 que les d\u00e9clarations d\u2019Arnaud Bonnefoy \u00e9taient \u00ab\u2009corrobor\u00e9es\u2009\u00bb par les expertises, \u00ab\u2009coh\u00e9rentes avec les constatations sur la sc\u00e8ne de crime\u2009\u00bb, qu\u2019il s\u2019en \u00ab\u2009est toujours tenu \u00e0 la m\u00eame version\u2009\u00bb, qu\u2019il avait \u00ab\u2009fait part de ses regrets\u2009\u00bb, que sa \u00ab\u2009reconnaissance des faits\u2009\u00bb avait \u00e9t\u00e9 <strong>jug\u00e9e \u00ab\u2009sinc\u00e8re et authentique\u2009\u00bb<\/strong> et qu\u2019il s\u2019\u00e9tait engag\u00e9 dans une d\u00e9marche de soins en d\u00e9tention, a expliqu\u00e9 Marc Sommerer. Le d\u00e9lai d\u2019appel est de dix jours.<\/p>\n<p>Une femme \u00ab\u2009parfaitement \u00e9quilibr\u00e9e\u2009\u00bb<\/p>\n<p class=\" wall-content\">Ce meurtre est l\u2019un des premiers f\u00e9minicides parmi les <strong>118 recens\u00e9s<\/strong> par le minist\u00e8re de l\u2019Int\u00e9rieur en 2022.\u00a0Le corps d\u2019Amanda Glain, une cr\u00e9atrice de contenus digitaux de 28\u00a0ans, avait \u00e9t\u00e9 retrouv\u00e9 le 28\u00a0janvier 2022 dans l\u2019appartement du nord-est parisien que louait Arnaud Bonnefoy, originaire de Marseille et alors en poste en Seine-Saint-Denis. Celui-ci s\u2019\u00e9tait rendu au terme de trois semaines de cavale.<\/p>\n<p class=\" wall-content\">Il explique qu\u2019elle venait de lui confirmer la fin de <strong>deux ans d\u2019une relation empreinte de violence<\/strong>, d\u2019insultes, de menaces de mort et ruin\u00e9e par sa jalousie, d\u00e9crivant Amanda Glain comme une \u00ab\u2009femme parfaitement \u00e9quilibr\u00e9e\u2009\u00bb dont il a affirm\u00e9 qu\u2019il l\u2019aimait \u00ab\u2009profond\u00e9ment\u2009\u00bb.<\/p>\n<p>Votre r\u00e9gion, votre actu !<\/p>\n<p>Recevez chaque jour les infos qui comptent pour vous.<\/p>\n<p>\t<a href=\"https:\/\/actu.fr\/newsletter\" class=\"ac-btn ac-btn--corner ac-btn--medium ac-btn--blue800\" target=\"_blank\" rel=\"noopener\">S&rsquo;incrire<\/a><\/p>\n<p class=\" wall-content\">Au lendemain d\u2019une <strong>\u00e9ni\u00e8me dispute<\/strong> dans le huis-clos de son studio parisien de 18\u00a0m2, portant comme souvent sur les publications de la jeune femme sur les r\u00e9seaux sociaux, poursuit-il, Amanda Glain \u00ab\u2009se pr\u00e9pare pour aller travailler\u2009\u00bb. Il se r\u00e9veille \u00e0 son tour \u00ab\u2009en imaginant que la dispute a cess\u00e9\u2009\u00bb.<\/p>\n<p>Un m\u00e9lange de \u00ab\u2009fureur, de col\u00e8re, de haine, de peine\u2009\u00bb<\/p>\n<p class=\" wall-content\">Mais \u00ab\u00a0elle me dit que je ne suis qu\u2019un connard\u00a0\u00bb, qu\u2019elle trouvera quelqu\u2019un d\u2019autre de mieux, raconte-t-il d\u2019une voix qui devient un murmure. \u00ab\u00a0Je me dis\u2009: \u00ab\u00a0Pourquoi elle me dit toutes ces choses\u2009?\u00a0\u00bb, <strong>\u00ab\u00a0Pourquoi elle me d\u00e9teste\u2009?\u00a0\u00bb<\/strong><\/p>\n<p class=\" wall-content\">Pendant qu\u2019Amanda Glain se maquille, il se d\u00e9crit \u00ab\u2009submerg\u00e9\u2009\u00bb par \u00ab\u2009la peur de son d\u00e9part, qu\u2019elle m\u2019abandonne\u2009\u00bb, un m\u00e9lange de <strong>\u00ab\u2009fureur, de col\u00e8re, de haine, de peine<\/strong>\u2009\u00bb. Il se l\u00e8ve, va dans la salle de bains et l\u2019\u00e9trangle.<\/p>\n<p class=\" wall-content\">Dans la salle d\u2019audience, le fr\u00e8re d\u2019Amanda Glain, qui disait la veille avoir \u00e9puis\u00e9 toutes ses larmes, \u00e9coute en pleurs.\u00a0Marc Sommerer interroge Arnaud Bonnefoy\u2009: au moment o\u00f9 il \u00e9tranglait Amanda Glain, <strong>avait-il l\u2019intention de donner la mort\u2009?<\/strong> L\u2019accus\u00e9 explique d\u2019abord qu\u2019il n\u2019a \u00ab\u2009pas voulu\u2009\u00bb tuer sa compagne, qu\u2019il \u00e9tait \u00ab\u2009d\u00e9connect\u00e9 de la r\u00e9alit\u00e9\u2009\u00bb. Puis, dans un souffle, il l\u00e2che\u2009: \u00ab\u2009Oui, effectivement\u2009\u00bb.<\/p>\n<p class=\" wall-content\">\u00ab\u2009Je ne me suis pas rendu compte du comportement que j\u2019ai eu pendant des ann\u00e9es, qui ont d\u00e9truit\u2009\u00bb deux compagnes pr\u00e9c\u00e9dentes, venues mercredi t\u00e9moigner de sa violence, \u00ab\u2009et ont fini par <strong>tuer Amanda<\/strong>\u2009\u00bb, dit le policier.<\/p>\n<p class=\" wall-content\">Il regrette aussi de n\u2019avoir \u00ab\u2009pas eu le courage de suivre les traitements n\u00e9cessaires\u2009\u00bb. Bras crois\u00e9s, voix basse, souvent <strong>laconique dans ses r\u00e9ponses<\/strong>, il est souvent apparu cadenass\u00e9 durant les trois jours de proc\u00e8s. \u00ab\u2009Qui avait la cl\u00e9 pour d\u00e9bloquer tout \u00e7a\u2009? Peut-\u00eatre vous\u2009?\u2009\u00bb, lui demande le pr\u00e9sident. L\u2019accus\u00e9 opine.<\/p>\n<p class=\" wall-content\">Avec AFP.<\/p>\n<p class=\" wall-content\">Personnalisez votre actualit\u00e9 en ajoutant vos villes et m\u00e9dias en favori avec <a href=\"https:\/\/moncompte.actu.fr\" title=\"D\u00e9couvez Mon Actu\" rel=\"nofollow noopener\" data-trk=\"{&quot;cta&quot;:{&quot;action&quot;:&quot;https:\\\/\\\/moncompte.actu.fr&quot;,&quot;category&quot;:&quot;mon compte&quot;,&quot;from&quot;:&quot;article footer&quot;,&quot;name&quot;:&quot;Mon actu&quot;,&quot;type&quot;:&quot;cta&quot;}}\" target=\"_blank\">Mon Actu<\/a>.<\/p>\n","protected":false},"excerpt":{"rendered":"Par R\u00e9daction Paris Publi\u00e9 le 5 sept. 2025 \u00e0 9h34 Il a tent\u00e9 d\u2019expliquer l\u2019impensable. Dans la nuit&hellip;\n","protected":false},"author":2,"featured_media":367656,"comment_status":"","ping_status":"","sticky":false,"template":"","format":"standard","meta":{"footnotes":""},"categories":[1888],"tags":[1111,1928,11,1927,1777,674,118,3555,1011,27,12,1926,626,1925,1072,25,799],"class_list":{"0":"post-367655","1":"post","2":"type-post","3":"status-publish","4":"format-standard","5":"has-post-thumbnail","7":"category-paris","8":"tag-actu","9":"tag-actu-paris","10":"tag-actualites","11":"tag-actualites-paris","12":"tag-eu","13":"tag-europe","14":"tag-faits-divers","15":"tag-feminicide","16":"tag-fr","17":"tag-france","18":"tag-news","19":"tag-news-paris","20":"tag-paris","21":"tag-paris-news","22":"tag-police","23":"tag-republique-francaise","24":"tag-violences-sexuelles"},"share_on_mastodon":{"url":"https:\/\/pubeurope.com\/@fr\/115150620196932256","error":""},"_links":{"self":[{"href":"https:\/\/www.europesays.com\/fr\/wp-json\/wp\/v2\/posts\/367655","targetHints":{"allow":["GET"]}}],"collection":[{"href":"https:\/\/www.europesays.com\/fr\/wp-json\/wp\/v2\/posts"}],"about":[{"href":"https:\/\/www.europesays.com\/fr\/wp-json\/wp\/v2\/types\/post"}],"author":[{"embeddable":true,"href":"https:\/\/www.europesays.com\/fr\/wp-json\/wp\/v2\/users\/2"}],"replies":[{"embeddable":true,"href":"https:\/\/www.europesays.com\/fr\/wp-json\/wp\/v2\/comments?post=367655"}],"version-history":[{"count":0,"href":"https:\/\/www.europesays.com\/fr\/wp-json\/wp\/v2\/posts\/367655\/revisions"}],"wp:featuredmedia":[{"embeddable":true,"href":"https:\/\/www.europesays.com\/fr\/wp-json\/wp\/v2\/media\/367656"}],"wp:attachment":[{"href":"https:\/\/www.europesays.com\/fr\/wp-json\/wp\/v2\/media?parent=367655"}],"wp:term":[{"taxonomy":"category","embeddable":true,"href":"https:\/\/www.europesays.com\/fr\/wp-json\/wp\/v2\/categories?post=367655"},{"taxonomy":"post_tag","embeddable":true,"href":"https:\/\/www.europesays.com\/fr\/wp-json\/wp\/v2\/tags?post=367655"}],"curies":[{"name":"wp","href":"https:\/\/api.w.org\/{rel}","templated":true}]}}