{"id":367675,"date":"2025-09-05T08:06:12","date_gmt":"2025-09-05T08:06:12","guid":{"rendered":"https:\/\/www.europesays.com\/fr\/367675\/"},"modified":"2025-09-05T08:06:12","modified_gmt":"2025-09-05T08:06:12","slug":"limpact-des-ecrans-sur-les-enfants-depasse-tout-ce-quon-imaginait-la-revelation-des-experts","status":"publish","type":"post","link":"https:\/\/www.europesays.com\/fr\/367675\/","title":{"rendered":"L\u2019impact des \u00e9crans sur les enfants d\u00e9passe tout ce qu\u2019on imaginait : la r\u00e9v\u00e9lation des experts"},"content":{"rendered":"<p>Le sujet des \u00e9crans et des enfants fait couler beaucoup d&rsquo;encre, mais il semble d\u00e9sormais prendre une toute nouvelle ampleur. Alors que tablettes et smartphones s&rsquo;invitent dans chaque recoin du quotidien, la question des cons\u00e9quences \u00e0 long terme n&rsquo;a jamais \u00e9t\u00e9 aussi pressante. Une r\u00e9v\u00e9lation r\u00e9cente, fruit d&rsquo;investigations approfondies, fait froid dans le dos : l&rsquo;impact des \u00e9crans sur les plus jeunes serait bien plus vaste et insidieux que ce que l&rsquo;on avait pu craindre. Quels sont ces dangers insoup\u00e7onn\u00e9s ? Sommes-nous pr\u00eats \u00e0 remettre en question nos habitudes pour pr\u00e9server la sant\u00e9 mentale et physique de la g\u00e9n\u00e9ration future ?<\/p>\n<p>Sous l&rsquo;\u0153il inquiet des parents, une \u00e9tude qui change tout<br \/>\n L&rsquo;enqu\u00eate qui bouscule les id\u00e9es re\u00e7ues<\/p>\n<p>Depuis quelques ann\u00e9es, la question de l&rsquo;exposition pr\u00e9coce aux \u00e9crans taraude parents, \u00e9ducateurs et professionnels de sant\u00e9. Pourtant, il aura fallu une initiative internationale d&rsquo;une ampleur in\u00e9dite pour mettre \u00e0 nu une r\u00e9alit\u00e9 <strong>particuli\u00e8rement perturbante<\/strong>. Cette vaste \u00e9tude, men\u00e9e sur plusieurs continents, d\u00e9ploie un \u00e9clairage neuf sur un ph\u00e9nom\u00e8ne que l&rsquo;on pensait cerner.<\/p>\n<p> Des chiffres impressionnants sur pr\u00e8s de 300 000 enfants<\/p>\n<p>Les chercheurs ont pu examiner de pr\u00e8s le quotidien de pr\u00e8s de <strong>300 000 enfants de moins de 10 ans<\/strong>. Ces donn\u00e9es massives t\u00e9moignent d&rsquo;un ph\u00e9nom\u00e8ne g\u00e9n\u00e9ralis\u00e9, loin de se cantonner \u00e0 certaines tranches sociales ou zones g\u00e9ographiques. Les premiers r\u00e9sultats sont sans appel : la surexposition aux \u00e9crans d\u00e9t\u00e9riore <strong>significativement<\/strong> le bien-\u00eatre des enfants, notamment sur le plan \u00e9motionnel et comportemental.<\/p>\n<p>Des \u00e9crans omnipr\u00e9sents : nos enfants expos\u00e9s d\u00e8s le plus jeune \u00e2ge<br \/>\nTablettes, t\u00e9l\u00e9, smartphones : immersion d\u00e8s la cr\u00e8che<\/p>\n<p>La multiplication des \u00e9crans a boulevers\u00e9 la vie des familles fran\u00e7aises. Le moindre trajet en voiture, le passage \u00e0 table, la soir\u00e9e apr\u00e8s l&rsquo;\u00e9cole\u2026 autant de moments o\u00f9 l&rsquo;\u00e9cran s&rsquo;insinue, souvent d\u00e8s la petite enfance. M\u00eame la cr\u00e8che ou le centre de loisirs n&rsquo;\u00e9chappent plus \u00e0 cette tendance. <strong>Il n&rsquo;est pas rare de voir des tout-petits manier une tablette avant m\u00eame d&rsquo;avoir appris \u00e0 faire du v\u00e9lo<\/strong>.<\/p>\n<p> Les rep\u00e8res familiaux et sociaux bouscul\u00e9s<\/p>\n<p>Au-del\u00e0 de l&rsquo;aspect technologique, c&rsquo;est toute la dynamique familiale qui vacille. Les pauses \u00e9crans remplacent parfois les temps d&rsquo;\u00e9change, de jeu ou simplement de silence partag\u00e9. Les rep\u00e8res traditionnels volent en \u00e9clat, fragilisant l&rsquo;apprentissage de la vie en soci\u00e9t\u00e9 et la <strong>transmission des valeurs<\/strong> essentielles au d\u00e9veloppement harmonieux.<\/p>\n<p>Des \u00e9motions en danger : premiers signaux trop souvent ignor\u00e9s<br \/>\nAnxi\u00e9t\u00e9, tristesse, agitation : la sant\u00e9 mentale en premi\u00e8re ligne<\/p>\n<p>Les cons\u00e9quences ne tardent pas \u00e0 appara\u00eetre. <strong>Anxi\u00e9t\u00e9, tristesse, troubles du comportement et difficult\u00e9s \u00e0 g\u00e9rer ses \u00e9motions deviennent de plus en plus fr\u00e9quents chez les enfants fortement expos\u00e9s<\/strong>. Ces signaux, bien que subtils au d\u00e9part, peuvent rapidement s&rsquo;intensifier en l&rsquo;absence d&rsquo;une r\u00e9action adapt\u00e9e des adultes.<\/p>\n<p> Quand les m\u00e9canismes psychologiques amplifient les troubles<\/p>\n<p>L&rsquo;immersion pr\u00e9coce dans le monde num\u00e9rique interf\u00e8re avec la capacit\u00e9 des enfants \u00e0 d\u00e9velopper leurs propres m\u00e9canismes de gestion \u00e9motionnelle. Les notifications constantes stimulent la recherche de gratification imm\u00e9diate et la <strong>tol\u00e9rance \u00e0 la frustration s&rsquo;effrite<\/strong>, conduisant \u00e0 des crises ou \u00e0 un sentiment d&rsquo;ennui permanent lorsque l&rsquo;enfant n&rsquo;est plus devant un \u00e9cran.<\/p>\n<p>Comportements chamboul\u00e9s : des r\u00e9percussions \u00e0 ne pas ignorer<br \/>\n Difficult\u00e9s relationnelles et isolement social<\/p>\n<p>Progressivement, des changements dans le comportement social s&rsquo;installent. Les interactions r\u00e9elles se rar\u00e9fient au profit des \u00e9changes virtuels. Les enfants \u00e9prouvent alors des difficult\u00e9s \u00e0 nouer de v\u00e9ritables relations, manquent d&rsquo;habilet\u00e9s sociales et se <strong>replient sur eux-m\u00eames<\/strong>, parfois au point de s&rsquo;isoler compl\u00e8tement du reste du groupe.<\/p>\n<p>Hyperactivit\u00e9 et troubles du sommeil : la double peine<\/p>\n<p>Les d\u00e9g\u00e2ts vont souvent au-del\u00e0 du mental. L&rsquo;augmentation du temps pass\u00e9 devant les \u00e9crans est \u00e9galement associ\u00e9e \u00e0 une <strong>agitation grandissante et \u00e0 des troubles du sommeil r\u00e9guliers<\/strong>. Beaucoup d&rsquo;enfants dorment mal, manquent de concentration \u00e0 l&rsquo;\u00e9cole et se plaignent de <a href=\"https:\/\/journaldesseniors.20minutes.fr\/sante\/5-exercices-oculaires-prevenir-fatigue-visuelle-maux-de-tete-ecrans\/\" target=\"_blank\" rel=\"noopener\">fatigue visuelle<\/a> \u2014 un cercle vicieux difficile \u00e0 briser une fois qu&rsquo;il est enclench\u00e9.<\/p>\n<p>Les parents face au dilemme : comment r\u00e9agir ?<br \/>\nEntre culpabilit\u00e9, impuissance et injonctions multiples<\/p>\n<p>Face \u00e0 ces constats, de nombreux parents oscillent entre culpabilit\u00e9 et impuissance. Difficile de r\u00e9sister \u00e0 la pression sociale et aux sollicitations incessantes du quotidien. Le sentiment de ne jamais en faire assez pour <a href=\"https:\/\/journaldesseniors.20minutes.fr\/sante\/regle-du-20-20-20-sauver-vos-yeux-ecrans\/\" target=\"_blank\" rel=\"noopener\">prot\u00e9ger leurs enfants<\/a> vient s&rsquo;ajouter \u00e0 leurs pr\u00e9occupations, g\u00e9n\u00e9rant stress et d\u00e9couragement.<\/p>\n<p> Des strat\u00e9gies concr\u00e8tes pour apaiser la relation aux \u00e9crans<\/p>\n<p>Des solutions existent pour apaiser cette relation et <strong>r\u00e9tablir l&rsquo;\u00e9quilibre<\/strong>. Instaurer des temps sans \u00e9crans en famille, poser des limites claires adapt\u00e9es \u00e0 l&rsquo;\u00e2ge, privil\u00e9gier les activit\u00e9s partag\u00e9es et miser sur l&rsquo;exemplarit\u00e9 parentale sont autant de pistes \u00e0 explorer. Ce sont souvent les petits changements, instaur\u00e9s avec bienveillance, qui s&rsquo;av\u00e8rent les plus efficaces sur le long terme.<\/p>\n<p>Agir d\u00e8s maintenant : pr\u00e9server nos enfants<br \/>\n Des recommandations adapt\u00e9es \u00e0 chaque famille<\/p>\n<p>Adopter une approche personnalis\u00e9e s&rsquo;av\u00e8re capital. Adapter les limites \u00e0 l&rsquo;\u00e2ge, int\u00e9grer l&rsquo;entourage \u00e9ducatif, communiquer de mani\u00e8re ouverte sur les usages\u2026 Les recommandations doivent s&rsquo;inscrire dans le <strong>concret quotidien<\/strong>, en tenant compte de chaque contexte familial et des r\u00e9alit\u00e9s sp\u00e9cifiques.<\/p>\n<p> B\u00e2tir un nouvel \u00e9quilibre num\u00e9rique<\/p>\n<p>Il s&rsquo;agit moins de bannir totalement les \u00e9crans que d&rsquo;apprendre \u00e0 mieux les apprivoiser. Mettre en place des <strong>rituels \u00ab\u00a0hors \u00e9cran\u00a0\u00bb<\/strong> (balades, jeux de soci\u00e9t\u00e9, temps d&rsquo;\u00e9coute active) aide \u00e0 retrouver un \u00e9quilibre mental et relationnel. Cette d\u00e9marche, \u00e0 construire ensemble, repr\u00e9sente \u00e9galement une opportunit\u00e9 de retisser des liens familiaux et de r\u00e9inventer le quotidien.<\/p>\n<p>L&rsquo;avenir en question : prot\u00e9ger la g\u00e9n\u00e9ration \u00e0 venir<br \/>\n Ce que nous r\u00e9v\u00e8lent les derni\u00e8res d\u00e9couvertes<\/p>\n<p>Cette enqu\u00eate internationale bouleverse bien des certitudes : les \u00e9crans, loin d&rsquo;\u00eatre de simples outils \u00e9ducatifs ou distractifs, ont des cons\u00e9quences majeures sur le d\u00e9veloppement des enfants. Prendre conscience de ces effets constitue un <strong>premier pas essentiel<\/strong> pour adapter nos modes de vie et red\u00e9finir nos priorit\u00e9s \u00e9ducatives.<\/p>\n<p>Vers de nouvelles habitudes : construire un usage plus sain<\/p>\n<p>Le d\u00e9fi est \u00e0 la fois collectif et personnel : il s&rsquo;agit d&rsquo;inventer de nouveaux rep\u00e8res dans un monde o\u00f9 le num\u00e9rique occupe une place croissante. <strong>Ce sont nos choix quotidiens qui dessineront le bien-\u00eatre des g\u00e9n\u00e9rations futures<\/strong>. R\u00e9fl\u00e9chir, dialoguer et exp\u00e9rimenter de nouveaux rythmes\u2026 Peut-\u00eatre est-il temps de revoir notre rapport aux \u00e9crans et de r\u00e9investir le lien authentique, celui qui tisse la confiance et nourrit l&rsquo;\u00e9panouissement d\u00e8s l&rsquo;enfance.<\/p>\n<p>Les \u00e9crans ont pris une place consid\u00e9rable, souvent \u00e0 notre insu, et la recherche r\u00e9cente ne laisse plus vraiment de place au doute. Plus que jamais, il para\u00eet <strong>crucial de s&rsquo;interroger<\/strong> sur nos habitudes et sur les signaux parfois discrets \u00e9mis par les plus jeunes. L&rsquo;avenir de toute une g\u00e9n\u00e9ration pourrait bien en d\u00e9pendre. La prise de conscience est d\u00e9sormais tangible ; il reste maintenant \u00e0 transformer collectivement ces pr\u00e9occupations en actions concr\u00e8tes, pour offrir aux enfants un environnement o\u00f9 la technologie sert l&rsquo;humain, et jamais l&rsquo;inverse. Quelles nouvelles pratiques allons-nous d\u00e9velopper ensemble pour permettre \u00e0 nos enfants de grandir de fa\u00e7on \u00e9quilibr\u00e9e dans ce monde num\u00e9rique ?<\/p>\n","protected":false},"excerpt":{"rendered":"Le sujet des \u00e9crans et des enfants fait couler beaucoup d&rsquo;encre, mais il semble d\u00e9sormais prendre une toute&hellip;\n","protected":false},"author":2,"featured_media":367676,"comment_status":"","ping_status":"","sticky":false,"template":"","format":"standard","meta":{"footnotes":""},"categories":[2],"tags":[11,1011,27,12,56,25],"class_list":{"0":"post-367675","1":"post","2":"type-post","3":"status-publish","4":"format-standard","5":"has-post-thumbnail","7":"category-actualites","8":"tag-actualites","9":"tag-fr","10":"tag-france","11":"tag-news","12":"tag-push","13":"tag-republique-francaise"},"share_on_mastodon":{"url":"https:\/\/pubeurope.com\/@fr\/115150663479891226","error":""},"_links":{"self":[{"href":"https:\/\/www.europesays.com\/fr\/wp-json\/wp\/v2\/posts\/367675","targetHints":{"allow":["GET"]}}],"collection":[{"href":"https:\/\/www.europesays.com\/fr\/wp-json\/wp\/v2\/posts"}],"about":[{"href":"https:\/\/www.europesays.com\/fr\/wp-json\/wp\/v2\/types\/post"}],"author":[{"embeddable":true,"href":"https:\/\/www.europesays.com\/fr\/wp-json\/wp\/v2\/users\/2"}],"replies":[{"embeddable":true,"href":"https:\/\/www.europesays.com\/fr\/wp-json\/wp\/v2\/comments?post=367675"}],"version-history":[{"count":0,"href":"https:\/\/www.europesays.com\/fr\/wp-json\/wp\/v2\/posts\/367675\/revisions"}],"wp:featuredmedia":[{"embeddable":true,"href":"https:\/\/www.europesays.com\/fr\/wp-json\/wp\/v2\/media\/367676"}],"wp:attachment":[{"href":"https:\/\/www.europesays.com\/fr\/wp-json\/wp\/v2\/media?parent=367675"}],"wp:term":[{"taxonomy":"category","embeddable":true,"href":"https:\/\/www.europesays.com\/fr\/wp-json\/wp\/v2\/categories?post=367675"},{"taxonomy":"post_tag","embeddable":true,"href":"https:\/\/www.europesays.com\/fr\/wp-json\/wp\/v2\/tags?post=367675"}],"curies":[{"name":"wp","href":"https:\/\/api.w.org\/{rel}","templated":true}]}}