{"id":367700,"date":"2025-09-05T08:22:12","date_gmt":"2025-09-05T08:22:12","guid":{"rendered":"https:\/\/www.europesays.com\/fr\/367700\/"},"modified":"2025-09-05T08:22:12","modified_gmt":"2025-09-05T08:22:12","slug":"interview-avec-son-cinquieme-album-lilian-renaud-remet-le-monde-rural-au-coeur-de-sa-musique","status":"publish","type":"post","link":"https:\/\/www.europesays.com\/fr\/367700\/","title":{"rendered":"INTERVIEW. Avec son cinqui\u00e8me album, Lilian Renaud remet le monde rural au c\u0153ur de sa musique"},"content":{"rendered":"<p class=\"article__intro\">Quatre ans apr\u00e8s son pr\u00e9c\u00e9dent disque, le chanteur franc-comtois d\u00e9voilera, le 19 septembre, son opus autoproduit \u00ab\u00a0Le Champ des Possibles\u00a0\u00bb. Inspir\u00e9 par ses racines rurales, l\u2019album m\u00eale engagement, questionnements d&rsquo;un trentenaire et sonorit\u00e9s celtiques.<\/p>\n<p>\n      Les belles histoires du dimanche\n    <\/p>\n<p>\n      D\u00e9couvrez des r\u00e9cits inspirants de solidarit\u00e9 et d&rsquo;altruisme, et partez \u00e0 la rencontre de la g\u00e9n\u00e9rosit\u00e9. \u00c9motions garanties chaque dimanche !\n    <\/p>\n<p>    France T\u00e9l\u00e9visions utilise votre adresse e-mail afin de vous envoyer la newsletter \u00ab\u00a0Les belles histoires du dimanche\u00a0\u00bb. Vous pouvez vous d\u00e9sinscrire \u00e0 tout moment via le lien en bas de cette newsletter. <a target=\"_blank\" href=\"https:\/\/www.francetelevisions.fr\/groupe\/confidentialite\/politique-de-confidentialite\/politique-de-confidentialite-de-france-televisions-6503\" rel=\"nofollow noopener\">Notre politique de confidentialit\u00e9<\/a><\/p>\n<p>L\u2019enfant du pays Lilian Renaud s\u2019appr\u00eate \u00e0 retrouver le devant de la sc\u00e8ne musicale. Le natif de Mamirolle, dans le Doubs, r\u00e9v\u00e9l\u00e9 en 2015 par sa victoire dans l\u2019\u00e9mission The Voice sur TF1, sortira le 19 septembre son cinqui\u00e8me album, \u00ab\u00a0Le Champ des Possibles\u00a0\u00bb, quatre ans apr\u00e8s le pr\u00e9c\u00e9dent.<\/p>\n<p>Ce nouvel opus est le troisi\u00e8me que le chanteur de 33 ans autoproduit avec sa maison LR Music, apr\u00e8s deux premiers disques \u00e9dit\u00e9s par de grandes maisons parisiennes qui l\u2019avaient fait conna\u00eetre du grand public. D\u00e9sormais affranchi, l\u2019artiste de folk \u00e9crit, compose et organise lui-m\u00eame ses tourn\u00e9es. \u00ab\u00a0Je voulais revenir aux sources\u00a0\u00bb, confie celui qui a pass\u00e9 les deux derni\u00e8res ann\u00e9es sur la tourn\u00e9e hommage \u00e0 Jean-Jacques Goldman, \u00ab\u00a0L\u2019H\u00e9ritage Goldman\u00a0\u00bb.<\/p>\n<p>C&rsquo;est d&rsquo;ailleurs en partie cette exp\u00e9rience qui a provoqu\u00e9 son retour en solo. \u00ab\u00a0C&rsquo;\u00e9tait un fabuleux projet. J&rsquo;ai fait des rencontres sur H\u00e9ritage qui m&rsquo;ont aid\u00e9 pour l&rsquo;album\u00a0\u00bb, raconte Lilian Renaud. Parmi ces rencontres se trouve le guitariste Kilian Arzel, avec qui il a compos\u00e9 ce disque. \u00ab\u00a0On s&rsquo;est rendu compte qu&rsquo;on avait les m\u00eames influences, \u00e0 d\u00e9couvrir qu&rsquo;on aimait les m\u00eames chansons\u00a0\u00bb, confie le chanteur franc-comtois. Le joueur de fl\u00fbte irlandaise Calum Shermont, \u00e9galement rencontr\u00e9 pendant la tourn\u00e9e L\u2019H\u00e9ritage Goldman, s\u2019est aussi joint \u00e0 l\u2019\u00e9quipe. \u00ab\u00a0Un des plus grands musiciens celtiques qui existe\u00a0\u00bb, glisse Lilian Renaud. \u00ab\u00a0Alors un grand merci \u00e0 Jean-Jacques Goldman\u00a0\u00bb, ajoute-t-il dans un sourire. Cette collaboration conf\u00e8re au disque une forte coloration celtique, une premi\u00e8re dans sa carri\u00e8re.<\/p>\n<p>Pour l\u2019auteur-compositeur, qui vit dans la vall\u00e9e de la Loue, en Franche-Comt\u00e9, ce retour aupr\u00e8s du public de sa r\u00e9gion a une r\u00e9sonance particuli\u00e8re. Son premier album avait connu un large succ\u00e8s, avec plus de 200 000 exemplaires vendus et un double disque de platine. Mais il n\u2019en interpr\u00e8te plus les chansons, marqu\u00e9 par l\u2019\u00e9puisement professionnel qui avait suivi cette p\u00e9riode.<\/p>\n<p>Lilian Renaud confirme ainsi qu&rsquo;il est l\u2019artiste qui a os\u00e9 dire \u00ab\u00a0non merci\u00a0\u00bb \u00e0 l\u2019industrie du disque parisienne. Il en voit sa libert\u00e9 de ton accrue. Aujourd\u2019hui, il se positionne r\u00e9guli\u00e8rement comme un chanteur engag\u00e9. Ancien fromager, il d\u00e9fend souvent dans ses chansons et dans les m\u00e9dias la cause des agriculteurs. \u00ab\u00a0J&rsquo;ai essay\u00e9 dans mes textes de tirer des constats clairs sur ce qui nous entoure, sur ce qui peut se passer, mais j&rsquo;apporte toujours le c\u00f4t\u00e9 fleuri au texte\u00a0\u00bb, explique-t-il.<\/p>\n<p>En 2019 d\u00e9j\u00e0, il appelait le pr\u00e9sident Emmanuel Macron \u00e0 permettre que \u00ab\u00a0les gens qui travaillent la terre puissent en vivre dignement\u00a0\u00bb, alors que des agriculteurs manifestaient \u00e0 Paris. \u00ab\u00a0\u00c7a fait des ann\u00e9es qu&rsquo;on leur demande de produire toujours plus\u00a0\u00bb, d\u00e9non\u00e7ait-il alors <a href=\"https:\/\/www.youtube.com\/watch?v=MzoILNdu_sw\" target=\"_blank\" rel=\"noopener nofollow\" data-tooltip-url=\"https:\/\/www.youtube.com\/watch?v=MzoILNdu_sw\">au micro de RTL<\/a>.<\/p>\n<p>Son cinqui\u00e8me disque porte aussi, dans une des chansons, les interrogations d\u2019un trentenaire face \u00e0 un monde inqui\u00e9tant et \u00e0 la parentalit\u00e9. \u00ab\u00a0On est beaucoup de jeunes \u00e0 mon \u00e2ge \u00e0 se poser beaucoup de questions. La parentalit\u00e9, c&rsquo;est une question qu&rsquo;on se pose souvent. C&rsquo;est un sujet qui me tenait \u00e0 c\u0153ur\u00a0\u00bb, confie le chanteur.<\/p>\n<p>Presque fatalement, la terre et la vie agricole sont toujours au c\u0153ur de son inspiration. \u00ab\u00a0Je m&rsquo;\u00e9tais donn\u00e9 un champ lexical un peu diff\u00e9rent au d\u00e9but de la cr\u00e9ation, mais on revient tr\u00e8s vite \u00e0 ce qu&rsquo;on est\u00a0\u00bb, reconna\u00eet-il. \u00ab\u00a0Les mots que j&rsquo;ai utilis\u00e9s sont ceux qui \u00e9taient d\u00e9j\u00e0 dans les anciens albums, mais je pense que les textes ont beaucoup m\u00fbri depuis le quatri\u00e8me album. J&rsquo;ai mis un point d&rsquo;honneur \u00e0 \u00e9crire des textes vraiment l\u00e9ch\u00e9s et les mieux \u00e9crits possibles\u00a0\u00bb, avance-t-il. Et d\u2019ajouter : \u00ab\u00a0Les valeurs paysannes sont toujours pr\u00e9sentes. Il y a beaucoup plus de bon sens et de vrai partage dans ce monde-l\u00e0\u00a0\u00bb.<\/p>\n<\/p>\n<p>Le public d\u00e9couvrira \u00ab\u00a0Le Champ des Possibles\u00a0\u00bb pour la premi\u00e8re fois lors d&rsquo;un concert \u00e0 L\u2019Escale, \u00e0 Morteau (Doubs), le 27 septembre, entour\u00e9 de quatre musiciens sur sc\u00e8ne. Un autre concert est pr\u00e9vu \u00e0 L\u2019\u00c9crin, \u00e0 Talant (C\u00f4te-d\u2019Or), le 29 septembre. \u00ab\u00a0J&rsquo;ai h\u00e2te de retrouver les gens et de voir leur regard sur le nouvel album\u00a0\u00bb, conclut Lilian Renaud.<\/p>\n<p>Avec Catherine Schulbaum et Denis Colle<\/p>\n","protected":false},"excerpt":{"rendered":"Quatre ans apr\u00e8s son pr\u00e9c\u00e9dent disque, le chanteur franc-comtois d\u00e9voilera, le 19 septembre, son opus autoproduit \u00ab\u00a0Le Champ&hellip;\n","protected":false},"author":2,"featured_media":367701,"comment_status":"","ping_status":"","sticky":false,"template":"","format":"standard","meta":{"footnotes":""},"categories":[1355],"tags":[58,59,1011,27,1361,873],"class_list":{"0":"post-367700","1":"post","2":"type-post","3":"status-publish","4":"format-standard","5":"has-post-thumbnail","7":"category-musique","8":"tag-divertissement","9":"tag-entertainment","10":"tag-fr","11":"tag-france","12":"tag-music","13":"tag-musique"},"share_on_mastodon":{"url":"https:\/\/pubeurope.com\/@fr\/115150726544313894","error":""},"_links":{"self":[{"href":"https:\/\/www.europesays.com\/fr\/wp-json\/wp\/v2\/posts\/367700","targetHints":{"allow":["GET"]}}],"collection":[{"href":"https:\/\/www.europesays.com\/fr\/wp-json\/wp\/v2\/posts"}],"about":[{"href":"https:\/\/www.europesays.com\/fr\/wp-json\/wp\/v2\/types\/post"}],"author":[{"embeddable":true,"href":"https:\/\/www.europesays.com\/fr\/wp-json\/wp\/v2\/users\/2"}],"replies":[{"embeddable":true,"href":"https:\/\/www.europesays.com\/fr\/wp-json\/wp\/v2\/comments?post=367700"}],"version-history":[{"count":0,"href":"https:\/\/www.europesays.com\/fr\/wp-json\/wp\/v2\/posts\/367700\/revisions"}],"wp:featuredmedia":[{"embeddable":true,"href":"https:\/\/www.europesays.com\/fr\/wp-json\/wp\/v2\/media\/367701"}],"wp:attachment":[{"href":"https:\/\/www.europesays.com\/fr\/wp-json\/wp\/v2\/media?parent=367700"}],"wp:term":[{"taxonomy":"category","embeddable":true,"href":"https:\/\/www.europesays.com\/fr\/wp-json\/wp\/v2\/categories?post=367700"},{"taxonomy":"post_tag","embeddable":true,"href":"https:\/\/www.europesays.com\/fr\/wp-json\/wp\/v2\/tags?post=367700"}],"curies":[{"name":"wp","href":"https:\/\/api.w.org\/{rel}","templated":true}]}}