{"id":367710,"date":"2025-09-05T08:28:12","date_gmt":"2025-09-05T08:28:12","guid":{"rendered":"https:\/\/www.europesays.com\/fr\/367710\/"},"modified":"2025-09-05T08:28:12","modified_gmt":"2025-09-05T08:28:12","slug":"finances-publiques-quelle-est-la-situation-reelle-de-la-dette-publique-francaise-05-09-2025-a-0923","status":"publish","type":"post","link":"https:\/\/www.europesays.com\/fr\/367710\/","title":{"rendered":"Finances publiques : quelle est la situation r\u00e9elle de la dette publique fran\u00e7aise ? &#8211; 05\/09\/2025 \u00e0 09:23"},"content":{"rendered":"<p> Atteignant quelque 3.300 milliards d&rsquo;euros, la dette repr\u00e9sente d\u00e9sormais pr\u00e8s de 114% du produit int\u00e9rieur brut fran\u00e7ais.<\/p>\n<p>        <img fetchpriority=\"high\" decoding=\"async\" src=\"https:\/\/www.europesays.com\/fr\/wp-content\/uploads\/2025\/09\/1bc8bcbcbbe2c68b8319779586fbdc60-760x507.jpg\" alt=\"Fran\u00e7ois Bayrou \u00e0 Paris, le 4 septembre 2025. ( AFP \/ BERTRAND GUAY )\" loading=\"eager\" width=\"760\" height=\"507\" style=\"max-width: 100%!important; height: auto;\"\/><\/p>\n<p class=\"c-image-news__legend\">Fran\u00e7ois Bayrou \u00e0 Paris, le 4 septembre 2025. ( AFP \/ BERTRAND GUAY )<\/p>\n<p>\n C&rsquo;est l&rsquo;argument central de Fran\u00e7ois Bayrou pour obtenir la confiance de l&rsquo;Assembl\u00e9e nationale le 8 septembre : la France est au bord du surendettement. Un refrain r\u00e9p\u00e9t\u00e9 de longue date mais pas unanimement partag\u00e9.\n<\/p>\n<p> \u2022 O\u00f9 en est la dette fran\u00e7aise?<\/p>\n<p>\n Elle s&rsquo;\u00e9l\u00e8ve \u00e0 quelque<br \/>\n <strong><br \/>\n  3.300 milliards d&rsquo;euros, au premier trimestre 2025.<br \/>\n <\/strong><br \/>\n Cette somme correspond aux montants que la France a emprunt\u00e9 sur les march\u00e9s.\n<\/p>\n<p>\n La dette publique ne cesse de gonfler depuis des dizaines d&rsquo;ann\u00e9es \u00e0 mesure que les d\u00e9ficits publics s&rsquo;accumulent. Elle repr\u00e9sente d\u00e9sormais pr\u00e8s de<br \/>\n <strong><br \/>\n  114% du produit int\u00e9rieur brut (PIB)<br \/>\n <\/strong><br \/>\n , ce qui en fait la dette la plus importante de la zone euro derri\u00e8re la Gr\u00e8ce et l&rsquo;Italie.\n<\/p>\n<p>\n En 1995, elle ne pesait que 57,8% du PIB, mais a \u00e9t\u00e9 alourdie depuis par les crises financi\u00e8re, sanitaire et inflationniste.\n<\/p>\n<p>\n La dette reste bien en dessous des niveaux observ\u00e9s dans l&rsquo;entre-deux guerre o\u00f9 elle atteignait jusqu&rsquo;\u00e0 300% du PIB, selon les travaux de l&rsquo;institut Avant-Garde, un centre de r\u00e9flexion d&rsquo;\u00e9conomistes.\n<\/p>\n<p>\n Et \u00e0 l&rsquo;heure actuelle,<br \/>\n <strong><br \/>\n  \u00ab\u00a0beaucoup de pays sont au-del\u00e0 du niveau\u00a0\u00bb<br \/>\n <\/strong><br \/>\n d&rsquo;une dette publique \u00e0 114% du PIB, nuance \u00e0 l&rsquo;<\/p>\n<p>  AFP<\/p>\n<p> \u00c9ric Heyer, \u00e9conomiste et directeur de d\u00e9partement \u00e0 l&rsquo;Observatoire fran\u00e7ais des conjonctures \u00e9conomiques (OFCE).\n<\/p>\n<p> \u2022 Quel est le probl\u00e8me ?<\/p>\n<p>\n Qui dit davantage de dette, dit<br \/>\n <strong><br \/>\n  plus d&rsquo;int\u00e9r\u00eats \u00e0 payer aux cr\u00e9anciers<br \/>\n <\/strong><br \/>\n . La croissance des d\u00e9penses de l&rsquo;\u00c9tat consacr\u00e9es au paiement des int\u00e9r\u00eats est d&rsquo;ailleurs l&rsquo;une des principales menaces avanc\u00e9es par le gouvernement.\n<\/p>\n<p>\n En 2025, la charge de la dette de l&rsquo;\u00c9tat, c&rsquo;est-\u00e0-dire les int\u00e9r\u00eats pay\u00e9s, est de<br \/>\n <strong><br \/>\n  53 milliards d&rsquo;euros<br \/>\n <\/strong><br \/>\n , selon le rapport d&rsquo;avancement annuel du Plan budg\u00e9taire et structurel \u00e0 moyen terme (PSMT), pr\u00e9sent\u00e9 en avril. Cette charge devrait cro\u00eetre \u00e0 66 milliards d&rsquo;euros en 2026 pour devenir<br \/>\n <strong><br \/>\n  le premier poste de d\u00e9penses de l&rsquo;\u00c9tat<br \/>\n <\/strong><br \/>\n devant l&rsquo;\u00c9ducation nationale, a affirm\u00e9 Fran\u00e7ois Bayrou. \u00ab\u00a0Les cons\u00e9quences pour les Fran\u00e7ais, c&rsquo;est qu&rsquo;on ne peut pas faire le reste\u00a0\u00bb et que \u00ab\u00a0l&rsquo;action publique se trouve \u00e9trangl\u00e9e\u00a0\u00bb, a pr\u00e9venu le premier pr\u00e9sident de la Cour des comptes, Pierre Moscovici, dimanche sur<\/p>\n<p>  LCI<\/p>\n<p> .\n<\/p>\n<p>\n Des \u00e9conomistes d&rsquo;Attac et de la fondation Copernic ont toutefois relativis\u00e9 le poids de la dette dans une tribune r\u00e9cente au journal<\/p>\n<p>  Le Monde<\/p>\n<p> . En 2024, la charge de la dette fran\u00e7aise rapport\u00e9e \u00e0 la richesse nationale s&rsquo;est \u00e9lev\u00e9e \u00e0 2% du PIB, \u00ab\u00a0nettement moins que dans les ann\u00e9es 1990, et \u00e9quivaut \u00e0 la moyenne de la zone euro, \u00e9crivent-ils.\n<\/p>\n<p>\n D&rsquo;autres \u00e9conomistes, comme \u00c9ric Heyer, contestent \u00e9galement le poids des int\u00e9r\u00eats tels que pr\u00e9sent\u00e9s par le gouvernement de Fran\u00e7ois Bayrou, l&rsquo;accusant de ne pas tenir compte du r\u00f4le jou\u00e9 par l&rsquo;inflation quand l&rsquo;augmentation des prix peut \u00ab\u00a0absorber\u00a0\u00bb cette charge pour tout ou partie. L&rsquo;inflation augmente m\u00e9caniquement les recettes fiscales de l&rsquo;\u00c9tat et la richesse nationale, ce qui permet de d\u00e9gager un peu plus de marge de man\u0153uvre.\n<\/p>\n<p> \u2022 Y a-t-il un risque de crise ?<\/p>\n<p>\n Si le spectre d&rsquo;<br \/>\n <strong><br \/>\n  un sc\u00e9nario \u00e0 la grecque<br \/>\n <\/strong><br \/>\n est r\u00e9guli\u00e8rement agit\u00e9, y compris au sein du gouvernement, les taux \u00ab\u00a0ne laissent pas pr\u00e9sager une crise similaire \u00e0 celle de la dette souveraine d&rsquo;il y a dix ans\u00a0\u00bb, rel\u00e8ve Ipek Ozkardeskaya, analyste pour Swissquote Bank. Le taux d&rsquo;int\u00e9r\u00eat de l&#8217;emprunt \u00e0 \u00e9ch\u00e9ance 10 ans a d\u00e9pass\u00e9 les 3,6% mardi,<br \/>\n <strong><br \/>\n  au plus haut depuis mars 2025 et non loin d&rsquo;un sommet depuis 2011.<br \/>\n <\/strong>\n<\/p>\n<p>\n <strong><br \/>\n  La dette fran\u00e7aise reste recherch\u00e9e.<br \/>\n <\/strong><br \/>\n Jeudi, la France a par exemple r\u00e9alis\u00e9 un emprunt sur les march\u00e9s qui a attir\u00e9 une tr\u00e8s forte demande mais \u00e0 des taux en hausse.\n<\/p>\n<p>\n Le filet de s\u00e9curit\u00e9 de la Banque centrale europ\u00e9enne (BCE), susceptible d&rsquo;intervenir pour acheter des titres de dette sur les march\u00e9s, contribue aussi \u00e0 \u00e9carter un risque de crise, selon Christopher Dembik, strat\u00e9giste chez Pictet, qui pr\u00e9dit toutefois un<br \/>\n <strong><br \/>\n  \u00ab\u00a0d\u00e9classement de la dette fran\u00e7aise\u00a0\u00bb.<br \/>\n <\/strong>\n<\/p>\n<p>\n Reste qu&rsquo;un discours alarmiste pourrait alimenter le doute et pousser les investisseurs \u00e0 demander des taux d&rsquo;int\u00e9r\u00eat encore plus \u00e9lev\u00e9s pour pr\u00eater \u00e0 la France, redoute Clara L\u00e9onard, co-fondatrice de l&rsquo;Institut Avant-Garde. D&rsquo;autant plus que \u00ab\u00a0la dette publique est le moyen pour les investisseurs financiers de peser sur la politique \u00e9conomique des \u00c9tats\u00a0\u00bb, selon les \u00e9conomistes d&rsquo;Attac et de la fondation Copernic.<\/p>\n","protected":false},"excerpt":{"rendered":"Atteignant quelque 3.300 milliards d&rsquo;euros, la dette repr\u00e9sente d\u00e9sormais pr\u00e8s de 114% du produit int\u00e9rieur brut fran\u00e7ais. Fran\u00e7ois&hellip;\n","protected":false},"author":2,"featured_media":367711,"comment_status":"","ping_status":"","sticky":false,"template":"","format":"standard","meta":{"footnotes":""},"categories":[6],"tags":[400,398,408,35,405,33,34,1011,27,403,402,399,404,401,406,407],"class_list":{"0":"post-367710","1":"post","2":"type-post","3":"status-publish","4":"format-standard","5":"has-post-thumbnail","7":"category-economie","8":"tag-action-cac-40","9":"tag-bourse-de-paris","10":"tag-boursorama","11":"tag-business","12":"tag-cotations","13":"tag-economie","14":"tag-economy","15":"tag-fr","16":"tag-france","17":"tag-indices-devises","18":"tag-investir","19":"tag-investissement","20":"tag-marche-boursier","21":"tag-sicav","22":"tag-trackers","23":"tag-warrants"},"share_on_mastodon":{"url":"https:\/\/pubeurope.com\/@fr\/115150749982940528","error":""},"_links":{"self":[{"href":"https:\/\/www.europesays.com\/fr\/wp-json\/wp\/v2\/posts\/367710","targetHints":{"allow":["GET"]}}],"collection":[{"href":"https:\/\/www.europesays.com\/fr\/wp-json\/wp\/v2\/posts"}],"about":[{"href":"https:\/\/www.europesays.com\/fr\/wp-json\/wp\/v2\/types\/post"}],"author":[{"embeddable":true,"href":"https:\/\/www.europesays.com\/fr\/wp-json\/wp\/v2\/users\/2"}],"replies":[{"embeddable":true,"href":"https:\/\/www.europesays.com\/fr\/wp-json\/wp\/v2\/comments?post=367710"}],"version-history":[{"count":0,"href":"https:\/\/www.europesays.com\/fr\/wp-json\/wp\/v2\/posts\/367710\/revisions"}],"wp:featuredmedia":[{"embeddable":true,"href":"https:\/\/www.europesays.com\/fr\/wp-json\/wp\/v2\/media\/367711"}],"wp:attachment":[{"href":"https:\/\/www.europesays.com\/fr\/wp-json\/wp\/v2\/media?parent=367710"}],"wp:term":[{"taxonomy":"category","embeddable":true,"href":"https:\/\/www.europesays.com\/fr\/wp-json\/wp\/v2\/categories?post=367710"},{"taxonomy":"post_tag","embeddable":true,"href":"https:\/\/www.europesays.com\/fr\/wp-json\/wp\/v2\/tags?post=367710"}],"curies":[{"name":"wp","href":"https:\/\/api.w.org\/{rel}","templated":true}]}}