{"id":367712,"date":"2025-09-05T08:29:10","date_gmt":"2025-09-05T08:29:10","guid":{"rendered":"https:\/\/www.europesays.com\/fr\/367712\/"},"modified":"2025-09-05T08:29:10","modified_gmt":"2025-09-05T08:29:10","slug":"au-moins-18-morts-depuis-laube-dans-la-ville-de-gaza","status":"publish","type":"post","link":"https:\/\/www.europesays.com\/fr\/367712\/","title":{"rendered":"au moins 18\u00a0morts depuis l\u2019aube dans la ville de Gaza"},"content":{"rendered":"\n<p class=\"post__live-container--answer-text post__space-node\">Dix-huit personnes, parmi lesquelles sept enfants, ont \u00e9t\u00e9 tu\u00e9es vendredi, depuis l\u2019aube, dans une s\u00e9rie de bombardements isra\u00e9liens visant des habitations et des tentes de d\u00e9plac\u00e9s dans plusieurs quartiers de la ville de Gaza, selon l\u2019agence de presse palestinienne <a href=\"https:\/\/french.wafa.ps\/Pages\/Details\/235393\" target=\"_blank\" rel=\"noopener nofollow\" title=\"Nouvelle fen\u00eatre\">WAFa<\/a>, qui cite des sources m\u00e9dicales. De son c\u00f4t\u00e9, la cha\u00eene qatarie <a href=\"https:\/\/www.aljazeera.com\/news\/liveblog\/2025\/9\/5\/live-israel-kills-18-overnight-as-intense-strikes-flatten-gaza-city\" target=\"_blank\" rel=\"noopener nofollow\" title=\"Nouvelle fen\u00eatre\">Al-Jazira<\/a> \u00e9voque, de m\u00eame source, le chiffre de 20\u00a0morts.<\/p>\n","protected":false},"excerpt":{"rendered":"Dix-huit personnes, parmi lesquelles sept enfants, ont \u00e9t\u00e9 tu\u00e9es vendredi, depuis l\u2019aube, dans une s\u00e9rie de bombardements isra\u00e9liens&hellip;\n","protected":false},"author":2,"featured_media":367713,"comment_status":"","ping_status":"","sticky":false,"template":"","format":"standard","meta":{"footnotes":""},"categories":[5],"tags":[11,1011,27,14,12,28],"class_list":{"0":"post-367712","1":"post","2":"type-post","3":"status-publish","4":"format-standard","5":"has-post-thumbnail","7":"category-international","8":"tag-actualites","9":"tag-fr","10":"tag-france","11":"tag-international","12":"tag-news","13":"tag-world"},"share_on_mastodon":{"url":"https:\/\/pubeurope.com\/@fr\/115150753987242220","error":""},"_links":{"self":[{"href":"https:\/\/www.europesays.com\/fr\/wp-json\/wp\/v2\/posts\/367712","targetHints":{"allow":["GET"]}}],"collection":[{"href":"https:\/\/www.europesays.com\/fr\/wp-json\/wp\/v2\/posts"}],"about":[{"href":"https:\/\/www.europesays.com\/fr\/wp-json\/wp\/v2\/types\/post"}],"author":[{"embeddable":true,"href":"https:\/\/www.europesays.com\/fr\/wp-json\/wp\/v2\/users\/2"}],"replies":[{"embeddable":true,"href":"https:\/\/www.europesays.com\/fr\/wp-json\/wp\/v2\/comments?post=367712"}],"version-history":[{"count":0,"href":"https:\/\/www.europesays.com\/fr\/wp-json\/wp\/v2\/posts\/367712\/revisions"}],"wp:featuredmedia":[{"embeddable":true,"href":"https:\/\/www.europesays.com\/fr\/wp-json\/wp\/v2\/media\/367713"}],"wp:attachment":[{"href":"https:\/\/www.europesays.com\/fr\/wp-json\/wp\/v2\/media?parent=367712"}],"wp:term":[{"taxonomy":"category","embeddable":true,"href":"https:\/\/www.europesays.com\/fr\/wp-json\/wp\/v2\/categories?post=367712"},{"taxonomy":"post_tag","embeddable":true,"href":"https:\/\/www.europesays.com\/fr\/wp-json\/wp\/v2\/tags?post=367712"}],"curies":[{"name":"wp","href":"https:\/\/api.w.org\/{rel}","templated":true}]}}