{"id":367714,"date":"2025-09-05T08:30:16","date_gmt":"2025-09-05T08:30:16","guid":{"rendered":"https:\/\/www.europesays.com\/fr\/367714\/"},"modified":"2025-09-05T08:30:16","modified_gmt":"2025-09-05T08:30:16","slug":"a-gauche-comme-a-droite-on-panique","status":"publish","type":"post","link":"https:\/\/www.europesays.com\/fr\/367714\/","title":{"rendered":"\u00e0 gauche comme \u00e0 droite, on panique"},"content":{"rendered":"<p>L&rsquo;ancien pr\u00e9sident de l&rsquo;OL venait de recevoir le soutien de <a href=\"https:\/\/www.lyonmag.com\/profil-personnalite-lyonnaise\/512\/pierre-oliver\" target=\"_blank\" rel=\"noopener nofollow\">Pierre Oliver<\/a>, le maire LR du 2e arrondissement, qui abandonnait ses ambitions personnelles pour mettre son \u00e9nergie au service de JMA. Et la pr\u00e9sence de <a href=\"https:\/\/www.lyonmag.com\/profil-personnalite-lyonnaise\/55\/laurent-wauquiez\" target=\"_blank\" rel=\"noopener nofollow\">Laurent Wauquiez<\/a> \u00e0 ce point presse improvis\u00e9 confirmait aussi que les R\u00e9publicains soutiendraient Jean-Michel Aulas.<\/p>\n<p>M\u00eame si ce dernier a d\u00e9clar\u00e9 vouloir \u00eatre un candidat \u00ab\u00a0sans \u00e9tiquette\u00a0\u00bb, cette sortie m\u00e9diatique, qu&rsquo;il a subi puisque la presse n&rsquo;y \u00e9tait initialement pas convi\u00e9e en nombre, lui a valu un torrent de critiques de la part de ses futurs adversaires.<\/p>\n<p>A l&rsquo;instar d&rsquo;Alexandre Humbert Dupalais, le candidat UDR soutenu par le RN. \u00ab\u00a0Cette alliance de bric et de broc s\u2019appelle le &lsquo;socle commun&rsquo; : elle gouverne la France depuis un an. Avec le r\u00e9sultat que l\u2019on sait : la faillite. Lyon m\u00e9rite mieux que d\u2019\u00eatre le cimeti\u00e8re des \u00e9l\u00e9phants du macronisme finissant !\u00a0\u00bb<\/p>\n<p>A gauche, la d\u00e9put\u00e9e \u00e9cologiste <a href=\"https:\/\/www.lyonmag.com\/profil-personnalite-lyonnaise\/708\/marie-charlotte-garin\" target=\"_blank\" rel=\"noopener nofollow\">Marie-Charlotte Garin<\/a> estime que se pr\u00e9senter sans \u00e9tiquette ne colle pas avec une alliance avec Laurent Wauquiez, \u00ab\u00a0cette droite client\u00e9liste, anti-social, anti-\u00e9colo, qui flirte avec l&rsquo;extr\u00eame-droite\u00a0\u00bb. \u00ab\u00a0C&rsquo;est l&rsquo;oppos\u00e9 de la politique que m\u00e9rite Lyon en 2026\u00a0\u00bb, pr\u00e9dit-elle.<\/p>\n<p>\u00ab\u00a0Aulas roule \u00e0 droite, et m\u00eame tr\u00e8s \u00e0 droite\u00a0\u00bb, analyse le vice-pr\u00e9sident de la M\u00e9tropole de Lyon <a href=\"https:\/\/www.lyonmag.com\/profil-personnalite-lyonnaise\/475\/fabien-bagnon\" target=\"_blank\" rel=\"noopener nofollow\">Fabien Bagnon<\/a>.<\/p>\n<blockquote class=\"twitter-tweet\"><p>&#13;<\/p>\n<p dir=\"ltr\" lang=\"fr\"><a href=\"https:\/\/twitter.com\/JM_Aulas?ref_src=twsrc%5Etfw\" rel=\"nofollow noopener\" target=\"_blank\">@JM_Aulas<\/a> dans le deal avec <a href=\"https:\/\/twitter.com\/laurentwauquiez?ref_src=twsrc%5Etfw\" rel=\"nofollow noopener\" target=\"_blank\">@laurentwauquiez<\/a> a accept\u00e9 le point suivant : <a href=\"https:\/\/t.co\/td3MJQnRjQ\" rel=\"nofollow\">pic.twitter.com\/td3MJQnRjQ<\/a><\/p>\n<p>&#13;<br \/>\n\u2014 Olivier Fernoux (@OFernoux) <a href=\"https:\/\/twitter.com\/OFernoux\/status\/1963609377048269214?ref_src=twsrc%5Etfw\" rel=\"nofollow noopener\" target=\"_blank\">September 4, 2025<\/a><\/p><\/blockquote>\n<p>L&rsquo;ancien pr\u00e9sident de la M\u00e9tropole <a href=\"https:\/\/www.lyonmag.com\/profil-personnalite-lyonnaise\/13\/david-kimelfeld\" target=\"_blank\" rel=\"noopener nofollow\">David Kimelfeld<\/a>, qui, comme <a href=\"https:\/\/www.lyonmag.com\/profil-personnalite-lyonnaise\/35\/georges-kepenekian\" target=\"_blank\" rel=\"noopener nofollow\">Georges K\u00e9p\u00e9n\u00e9kian<\/a>, est courtis\u00e9 \u00e0 droite comme \u00e0 gauche, r\u00e9p\u00e8te encore son manque d&rsquo;int\u00e9r\u00eat \u00e0 rejoindre Jean-Michel Aulas d\u00e8s lors qu&rsquo;il fraye avec Pierre Oliver et Laurent Wauquiez : \u00ab\u00a0On a connu des d\u00e9buts plus rassembleurs : au moins, les choses sont claires\u00a0\u00bb.<\/p>\n<p>Chez les R\u00e9publicains \u00e9videmment, on applaudit des deux mains cette alliance. Le seul camp qui reste coi pour le moment, c&rsquo;est le camp pr\u00e9sidentiel, de Renaissance au MoDem. Or, c&rsquo;\u00e9tait le premier \u00e0 d\u00e9rouler le tapis rouge \u00e0 Jean-Michel Aulas, puisque ce dernier avait rapidement rencontr\u00e9 Gabriel Attal apr\u00e8s avoir laiss\u00e9 miroiter une possible candidature aux \u00e9lections municipales. Mais visiblement, la volont\u00e9 du dirigeant du football f\u00e9minin d&rsquo;ouvrir largement ses listes \u00e0 la soci\u00e9t\u00e9 civile au d\u00e9triment de places pour les figures politiques locales enraye la machine du rassemblement.<\/p>\n<p>  \t\t\t\t\t<script async src=\"https:\/\/platform.twitter.com\/widgets.js\" charset=\"utf-8\"><\/script><\/p>\n","protected":false},"excerpt":{"rendered":"L&rsquo;ancien pr\u00e9sident de l&rsquo;OL venait de recevoir le soutien de Pierre Oliver, le maire LR du 2e arrondissement,&hellip;\n","protected":false},"author":2,"featured_media":367715,"comment_status":"","ping_status":"","sticky":false,"template":"","format":"standard","meta":{"footnotes":""},"categories":[4],"tags":[1111,11,2813,2190,1109,251,1112,2811,118,1011,27,1922,1110,1114,2428,2810,12,241,316,25,2812,517,800],"class_list":{"0":"post-367714","1":"post","2":"type-post","3":"status-publish","4":"format-standard","5":"has-post-thumbnail","7":"category-france","8":"tag-actu","9":"tag-actualites","10":"tag-article","11":"tag-asvel","12":"tag-breves","13":"tag-culture","14":"tag-depeches","15":"tag-economique","16":"tag-faits-divers","17":"tag-fr","18":"tag-france","19":"tag-info","20":"tag-informations","21":"tag-infos","22":"tag-lyon","23":"tag-lyonmag","24":"tag-news","25":"tag-ol","26":"tag-politique","27":"tag-republique-francaise","28":"tag-sociale","29":"tag-sport","30":"tag-transports"},"share_on_mastodon":{"url":"https:\/\/pubeurope.com\/@fr\/115150757786058229","error":""},"_links":{"self":[{"href":"https:\/\/www.europesays.com\/fr\/wp-json\/wp\/v2\/posts\/367714","targetHints":{"allow":["GET"]}}],"collection":[{"href":"https:\/\/www.europesays.com\/fr\/wp-json\/wp\/v2\/posts"}],"about":[{"href":"https:\/\/www.europesays.com\/fr\/wp-json\/wp\/v2\/types\/post"}],"author":[{"embeddable":true,"href":"https:\/\/www.europesays.com\/fr\/wp-json\/wp\/v2\/users\/2"}],"replies":[{"embeddable":true,"href":"https:\/\/www.europesays.com\/fr\/wp-json\/wp\/v2\/comments?post=367714"}],"version-history":[{"count":0,"href":"https:\/\/www.europesays.com\/fr\/wp-json\/wp\/v2\/posts\/367714\/revisions"}],"wp:featuredmedia":[{"embeddable":true,"href":"https:\/\/www.europesays.com\/fr\/wp-json\/wp\/v2\/media\/367715"}],"wp:attachment":[{"href":"https:\/\/www.europesays.com\/fr\/wp-json\/wp\/v2\/media?parent=367714"}],"wp:term":[{"taxonomy":"category","embeddable":true,"href":"https:\/\/www.europesays.com\/fr\/wp-json\/wp\/v2\/categories?post=367714"},{"taxonomy":"post_tag","embeddable":true,"href":"https:\/\/www.europesays.com\/fr\/wp-json\/wp\/v2\/tags?post=367714"}],"curies":[{"name":"wp","href":"https:\/\/api.w.org\/{rel}","templated":true}]}}