{"id":367716,"date":"2025-09-05T08:31:14","date_gmt":"2025-09-05T08:31:14","guid":{"rendered":"https:\/\/www.europesays.com\/fr\/367716\/"},"modified":"2025-09-05T08:31:14","modified_gmt":"2025-09-05T08:31:14","slug":"la-reponse-de-vladimir-poutine-aux-garanties-de-securite-pour-lukraine-eloigne-encore-la-paix","status":"publish","type":"post","link":"https:\/\/www.europesays.com\/fr\/367716\/","title":{"rendered":"La r\u00e9ponse de Vladimir Poutine aux \u00ab\u00a0garanties de s\u00e9curit\u00e9\u00a0\u00bb pour l\u2019Ukraine \u00e9loigne encore la paix"},"content":{"rendered":"<p>        <img decoding=\"async\" loading=\"lazy\" src=\"https:\/\/www.europesays.com\/fr\/wp-content\/uploads\/2025\/05\/3225497_sirius-fs-upload-1-xr6d34xbphts-1747055628743-000-468q6cq.jpg\"  width=\"728\" height=\"409\" alt=\"Le Kremlin s\u2019est dit \u00ab\u00a0absolument\u00a0\u00bb oppos\u00e9 aux garanties am\u00e9ricaine et europ\u00e9ennes offertes \u00e0 l\u2019Ukraine pour sa s\u00e9curit\u00e9. (Photo d\u2019illustration)\"\/>  <\/p>\n<p>PAVEL BEDNYAKOV \/ AFP<\/p>\n<p>Le Kremlin s\u2019est dit \u00ab\u00a0absolument\u00a0\u00bb oppos\u00e9 aux garanties am\u00e9ricaine et europ\u00e9ennes offertes \u00e0 l\u2019Ukraine pour sa s\u00e9curit\u00e9. (Photo d\u2019illustration)<\/p>\n<p class=\"asset asset-text\">GUERRE EN UKRAINE &#8211; Une opposition \u00e9pidermique qui ne surprend plus. Alors que vingt-six pays, essentiellement europ\u00e9ens, <a href=\"https:\/\/www.huffingtonpost.fr\/international\/video\/guerre-en-ukraine-voici-ce-sur-quoi-se-sont-engages-les-soutiens-de-kiev-lors-du-sommet-a-paris_254428.html\" rel=\"nofollow noopener\" target=\"_blank\">se sont engag\u00e9s ce jeudi 4\u00a0septembre \u00e0 Paris<\/a> \u00e0 soutenir militairement l\u2019Ukraine au sol, en mer ou dans les airs dans le cadre d\u2019un futur cessez-le-feu, la r\u00e9ponse de <a href=\"https:\/\/www.huffingtonpost.fr\/international\/article\/poutine-montre-son-impunite-denonce-zelensky-avant-de-rencontrer-les-europeens-a-paris_254365.html\" rel=\"nofollow noopener\" target=\"_blank\">la Russie<\/a> ne s\u2019est pas fait attendre.<\/p>\n<p class=\"asset asset-text\">Et sans grande surprise, ces garanties de s\u00e9curit\u00e9 ont aussit\u00f4t \u00e9t\u00e9 balay\u00e9es par le Kremlin, , qui refuse toute intervention ext\u00e9rieure en Ukraine &#8211; et toute perspective d\u2019une fin du conflit -. \u00ab\u00a0Si des forces, quelles qu\u2019elles soient, mettent les pieds [en Ukraine], surtout maintenant au moment o\u00f9 des combats sont en cours, nous partirons du principe qu\u2019elles seront des cibles l\u00e9gitimes\u00a0\u00bb pour l\u2019arm\u00e9e russe, a d\u00e9clar\u00e9 Vladimir Poutine.<\/p>\n<p class=\"asset asset-text\">\u00ab\u00a0Et si des d\u00e9cisions sont obtenues pour aboutir \u00e0 la paix, \u00e0 une paix durable, je ne vois tout simplement pas de sens \u00e0 leur pr\u00e9sence\u00a0\u00bb sur le territoire ukrainien, a ajout\u00e9 Vladimir Poutine, en appelant \u00e0 ce que \u00ab\u00a0personne ne doute que la Russie respecte pleinement\u00a0\u00bb les futures garanties de s\u00e9curit\u00e9 pour l\u2019Ukraine.<\/p>\n<p class=\"asset asset-text\">\u00ab\u00a0Les \u00e9trangers, en particulier les contingents militaires europ\u00e9ens et am\u00e9ricains, peuvent-ils fournir et garantir la s\u00e9curit\u00e9 de l\u2019Ukraine\u00a0? Absolument pas, ils ne le peuvent pas. Cela ne peut pas \u00eatre une garantie de s\u00e9curit\u00e9 pour l\u2019Ukraine qui conviendrait \u00e0 notre pays\u00a0\u00bb, avait \u00e9galement d\u00e9clar\u00e9 plus t\u00f4t le porte-parole du Kremlin, Dmitri Peskov, \u00e0 l\u2019agence d\u2019\u00c9tat Ria Novosti.<\/p>\n<p class=\"asset asset-text\">\u00ab\u00a0Les Europ\u00e9ens entravent le r\u00e8glement en Ukraine. Ils n\u2019y contribuent pas\u00a0\u00bb, a par ailleurs ajout\u00e9 Dmitri Peskov, dans un entretien au quotidien russe Izvestia, en accusant l\u2019Europe de \u00ab\u00a0poursuivre ses tentatives\u00a0\u00bb de faire de l\u2019Ukraine \u00ab\u00a0le centre de tout ce qui est antirusse\u00a0\u00bb.<\/p>\n<p>    \u00ab\u00a0Force de r\u00e9assurance des troupes en Ukraine\u00a0\u00bb    <\/p>\n<p class=\"asset asset-text\">Lors du sommet de la Coalition des volontaires co-dirig\u00e9e par Emmanuel Macron et le Premier ministre britannique Keir Starmer, les 26 pays se sont \u00ab\u00a0formellement engag\u00e9s\u00a0\u00bb ce jeudi \u00e0 \u00ab\u00a0d\u00e9ployer comme force de r\u00e9assurance des troupes en Ukraine ou \u00e0 \u00eatre pr\u00e9sents sur le sol, en mer ou dans les airs\u00a0\u00bb, a d\u00e9clar\u00e9 le pr\u00e9sident fran\u00e7ais en conf\u00e9rence de presse.<\/p>\n<p class=\"asset asset-text\">En vertu de ces plans, dont il a refus\u00e9 de donner le d\u00e9tail et de pr\u00e9ciser les contributions pays par pays, \u00ab\u00a0le jour o\u00f9 le conflit s\u2019arr\u00eate, les garanties de s\u00e9curit\u00e9 se d\u00e9ploient\u00a0\u00bb, a-t-il expliqu\u00e9, que ce soit via un \u00ab\u00a0cessez-le-feu\u00a0\u00bb, un \u00ab\u00a0armistice\u00a0\u00bb ou un \u00ab\u00a0trait\u00e9 de paix\u00a0\u00bb. Il ne s\u2019agit donc pas \u00ab\u00a0de mener quelque guerre contre la Russie\u00a0\u00bb mais de la dissuader d\u2019attaquer \u00e0 nouveau l\u2019Ukraine \u00e0 l\u2019avenir.<\/p>\n<p> La lecture de ce contenu est susceptible d\u2019entra\u00eener un d\u00e9p\u00f4t de cookies de la part de l\u2019op\u00e9rateur tiers qui l\u2019h\u00e9berge. Compte-tenu des choix que vous avez exprim\u00e9s en mati\u00e8re de d\u00e9p\u00f4t de cookies, nous avons bloqu\u00e9 l\u2019affichage de ce contenu. Si vous souhaitez y acc\u00e9der, vous devez accepter la cat\u00e9gorie de cookies \u201cContenus tiers\u201d en cliquant sur le bouton ci-dessous. <\/p>\n<p> Lire la Vid\u00e9o        <\/p>\n<p class=\"asset asset-text\">Emmanuel Macron a assur\u00e9 que l\u2019Allemagne, l\u2019Italie et la Pologne \u00e9taient des \u00ab\u00a0contributeurs importants\u00a0\u00bb parmi les 26. Ces trois poids lourds europ\u00e9ens avaient \u00e9mis des r\u00e9serves sur un engagement, qu\u2019ils lient notamment \u00e0 un \u00ab\u00a0filet de s\u00e9curit\u00e9\u00a0\u00bb (\u00ab\u00a0backstop\u00a0\u00bb) robuste de Washington.<\/p>\n<p class=\"asset asset-text\">La Premi\u00e8re ministre italienne Giorgia Meloni a d\u2019ailleurs r\u00e9p\u00e9t\u00e9 \u00e0 l\u2019issue de la r\u00e9union que Rome n\u2019enverrait pas de troupes en Ukraine. L\u2019Allemagne entend quant \u00e0 elle plut\u00f4t participer au renforcement de la d\u00e9fense antia\u00e9rienne de l\u2019Ukraine et \u00e0 l\u2019\u00e9quipement de ses forces terrestres, ont dit des sources gouvernementales \u00e0 l\u2019AFP.<\/p>\n<p>    Quel soutien am\u00e9ricain \u00e0 ces \u00ab\u00a0garanties de s\u00e9curit\u00e9\u00a0\u00bb\u00a0?    <\/p>\n<p class=\"asset asset-text\">Le soutien ou \u00ab\u00a0backstop\u00a0\u00bb am\u00e9ricain \u00e9tait l\u2019enjeu d\u2019une visioconf\u00e9rence avec le pr\u00e9sident Donald Trump dans la foul\u00e9e du sommet, auquel a aussi en partie pris part son \u00e9missaire sp\u00e9cial Steve Witkoff, pr\u00e9sent au palais de l\u2019\u00c9lys\u00e9e. Aucune annonce n\u2019a \u00e9t\u00e9 faite \u00e0 cet \u00e9gard, mais Volodymyr Zelensky a r\u00e9p\u00e9t\u00e9 \u00ab\u00a0compter sur le \u201cbackstop\u201d des \u00c9tats-Unis\u00a0\u00bb.<\/p>\n<p> La lecture de ce contenu est susceptible d\u2019entra\u00eener un d\u00e9p\u00f4t de cookies de la part de l\u2019op\u00e9rateur tiers qui l\u2019h\u00e9berge. Compte-tenu des choix que vous avez exprim\u00e9s en mati\u00e8re de d\u00e9p\u00f4t de cookies, nous avons bloqu\u00e9 l\u2019affichage de ce contenu. Si vous souhaitez y acc\u00e9der, vous devez accepter la cat\u00e9gorie de cookies \u201cContenus tiers\u201d en cliquant sur le bouton ci-dessous. <\/p>\n<p> Lire la Vid\u00e9o        <\/p>\n<p class=\"asset asset-text\">Lors d\u2019un entretien t\u00e9l\u00e9phonique avec des dirigeants europ\u00e9ens et Donald Trump apr\u00e8s le sommet, \u00ab\u00a0nous avons examin\u00e9 diff\u00e9rentes options, dont la plus importante est la pression, en recourant \u00e0 des mesures fortes, notamment \u00e9conomiques [&#8230;]. Nous avons \u00e9galement discut\u00e9 de la protection maximale du ciel ukrainien\u00a0\u00bb, a \u00e9crit plus tard sur Facebook le pr\u00e9sident ukrainien.<\/p>\n<p class=\"asset asset-text\">Emmanuel Macron a assur\u00e9 que le \u00ab\u00a0soutien am\u00e9ricain\u00a0\u00bb \u00e0 ces \u00ab\u00a0garanties de s\u00e9curit\u00e9\u00a0\u00bb pour Kiev serait finalis\u00e9 \u00ab\u00a0dans les prochains jours\u00a0\u00bb et que les Am\u00e9ricains avaient \u00ab\u00a0\u00e9t\u00e9 tr\u00e8s clairs\u00a0\u00bb sur leur participation. \u00ab\u00a0Il n\u2019y a pas de doute sur ce sujet\u00a0\u00bb, a-t-il martel\u00e9.<\/p>\n<p class=\"asset asset-text\">Ce \u00ab\u00a0filet de s\u00e9curit\u00e9\u00a0\u00bb am\u00e9ricain pourrait prendre diff\u00e9rentes formes &#8211; renseignement, soutien logistique, communications -, le pr\u00e9sident am\u00e9ricain ayant exclu l\u2019envoi par les \u00c9tats-Unis de troupes au sol.<\/p>\n","protected":false},"excerpt":{"rendered":"PAVEL BEDNYAKOV \/ AFP Le Kremlin s\u2019est dit \u00ab\u00a0absolument\u00a0\u00bb oppos\u00e9 aux garanties am\u00e9ricaine et europ\u00e9ennes offertes \u00e0 l\u2019Ukraine&hellip;\n","protected":false},"author":2,"featured_media":367717,"comment_status":"","ping_status":"","sticky":false,"template":"","format":"standard","meta":{"footnotes":""},"categories":[2],"tags":[11,1011,27,131,14,12,132,220,135,134],"class_list":{"0":"post-367716","1":"post","2":"type-post","3":"status-publish","4":"format-standard","5":"has-post-thumbnail","7":"category-actualites","8":"tag-actualites","9":"tag-fr","10":"tag-france","11":"tag-guerre-en-ukraine","12":"tag-international","13":"tag-news","14":"tag-russie","15":"tag-ukraine","16":"tag-vladimir-poutine","17":"tag-volodymyr-zelensky"},"share_on_mastodon":{"url":"https:\/\/pubeurope.com\/@fr\/115150761730641138","error":""},"_links":{"self":[{"href":"https:\/\/www.europesays.com\/fr\/wp-json\/wp\/v2\/posts\/367716","targetHints":{"allow":["GET"]}}],"collection":[{"href":"https:\/\/www.europesays.com\/fr\/wp-json\/wp\/v2\/posts"}],"about":[{"href":"https:\/\/www.europesays.com\/fr\/wp-json\/wp\/v2\/types\/post"}],"author":[{"embeddable":true,"href":"https:\/\/www.europesays.com\/fr\/wp-json\/wp\/v2\/users\/2"}],"replies":[{"embeddable":true,"href":"https:\/\/www.europesays.com\/fr\/wp-json\/wp\/v2\/comments?post=367716"}],"version-history":[{"count":0,"href":"https:\/\/www.europesays.com\/fr\/wp-json\/wp\/v2\/posts\/367716\/revisions"}],"wp:featuredmedia":[{"embeddable":true,"href":"https:\/\/www.europesays.com\/fr\/wp-json\/wp\/v2\/media\/367717"}],"wp:attachment":[{"href":"https:\/\/www.europesays.com\/fr\/wp-json\/wp\/v2\/media?parent=367716"}],"wp:term":[{"taxonomy":"category","embeddable":true,"href":"https:\/\/www.europesays.com\/fr\/wp-json\/wp\/v2\/categories?post=367716"},{"taxonomy":"post_tag","embeddable":true,"href":"https:\/\/www.europesays.com\/fr\/wp-json\/wp\/v2\/tags?post=367716"}],"curies":[{"name":"wp","href":"https:\/\/api.w.org\/{rel}","templated":true}]}}